{"id":309046,"date":"2025-08-10T08:28:10","date_gmt":"2025-08-10T08:28:10","guid":{"rendered":"https:\/\/www.europesays.com\/fr\/309046\/"},"modified":"2025-08-10T08:28:10","modified_gmt":"2025-08-10T08:28:10","slug":"des-dizaines-de-milliers-de-manifestants-en-colere-samedi-a-tel-aviv-liberation","status":"publish","type":"post","link":"https:\/\/www.europesays.com\/fr\/309046\/","title":{"rendered":"des dizaines de milliers de manifestants en col\u00e8re samedi \u00e0 Tel Aviv \u2013 Lib\u00e9ration"},"content":{"rendered":"<p class=\"sc-ksZaOG ehjQrN text-element\">Apr\u00e8s 22 mois de guerre, le Premier ministre Benjamin N\u00e9tanyahou est confront\u00e9 \u00e0 une tr\u00e8s forte pression en Isra\u00ebl et de l\u2019\u00e9tranger pour mettre fin \u00e0 son offensive dans la bande de Gaza, o\u00f9 plus de 2 millions de Palestiniens sont menac\u00e9s d\u2019une \u00abfamine g\u00e9n\u00e9ralis\u00e9e\u00bb, selon l\u2019ONU.<\/p>\n<p class=\"sc-ksZaOG ehjQrN text-element\">Selon le plan valid\u00e9 par le cabinet de s\u00e9curit\u00e9 isra\u00e9lien, l\u2019arm\u00e9e \u00abse pr\u00e9pare \u00e0 prendre <a href=\"https:\/\/www.liberation.fr\/international\/moyen-orient\/en-israel-le-coup-de-pression-de-benyamin-netanyahou-pour-une-operation-de-grande-ampleur-a-gaza-20250805_35VRMLQBOVCCXKWGHOA253LLZY\/\" target=\"_blank\" rel=\"noopener\" title=\"https:\/\/www.liberation.fr\/international\/moyen-orient\/en-israel-le-coup-de-pression-de-benyamin-netanyahou-pour-une-operation-de-grande-ampleur-a-gaza-20250805_35VRMLQBOVCCXKWGHOA253LLZY\/\">le contr\u00f4le de la ville de Gaza\u00bb<\/a>, une agglom\u00e9ration en grande partie d\u00e9truite dans le nord du territoire, \u00abtout en distribuant une aide humanitaire \u00e0 la population civile en dehors des zones de combat\u00bb.<\/p>\n<p class=\"sc-ksZaOG ehjQrN text-element\">Samedi \u00e0 Tel-Aviv, les journalistes de l\u2019AFP pr\u00e9sents sur place ont estim\u00e9 \u00e0 des dizaines de milliers le nombre des manifestants, le Forum des familles des otages faisant \u00e9tat de 100 000 participants. Les autorit\u00e9s n\u2019ont pas fourni d\u2019estimation officielle.<\/p>\n<p class=\"sc-ksZaOG ehjQrN text-element\">Les manifestants brandissaient des pancartes et des photos des <a href=\"https:\/\/www.liberation.fr\/international\/moyen-orient\/otages-israeliens-a-gaza-londe-de-choc-apres-une-video-glacante-20250803_YRHW25TQQRGZRJBYQW233B5ARA\/\" target=\"_blank\" rel=\"noopener\" title=\"https:\/\/www.liberation.fr\/international\/moyen-orient\/otages-israeliens-a-gaza-londe-de-choc-apres-une-video-glacante-20250803_YRHW25TQQRGZRJBYQW233B5ARA\/\">otages toujours d\u00e9tenus<\/a> dans le territoire palestinien, exhortant le gouvernement \u00e0 obtenir leur lib\u00e9ration.<\/p>\n<p class=\"sc-ksZaOG ehjQrN text-element\">\u00abSi vous envahissez certaines parties de Gaza et que les otages sont tu\u00e9s, nous vous poursuivrons sur les places publiques, pendant les campagnes \u00e9lectorales et \u00e0 tout moment et en tout lieu\u00bb, a d\u00e9clar\u00e9 \u00e0 l\u2019AFP Mor Zahiro, un proche d\u2019un otage tu\u00e9, dans un \u00abmessage direct au Premier ministre\u00bb.<\/p>\n<p class=\"sc-ksZaOG ehjQrN text-element\">Le Hamas, qui retient toujours 49 otages, dont 27 sont pr\u00e9sum\u00e9s morts, a affirm\u00e9 vendredi que la d\u00e9cision isra\u00e9lienne d\u2019occuper la ville de Gaza signifiait le \u00absacrifice\u00bb de ces otages enlev\u00e9s lors de l\u2019attaque sans pr\u00e9c\u00e9dent du mouvement islamiste palestinien contre Isra\u00ebl le 7 octobre 2023.<\/p>\n<p class=\"sc-ksZaOG ehjQrN text-element\">Les familles des otages et les militants isra\u00e9liens en faveur de la paix avec les Palestiniens r\u00e9clament un cessez-le-feu avec le Hamas pour obtenir la lib\u00e9ration des derniers captifs.<\/p>\n<p class=\"sc-ksZaOG ehjQrN text-element\">Mais au sein du gouvernement de Benjamin N\u00e9tanyahou, l\u2019aile dure de la droite isra\u00e9lienne et leurs partisans veulent continuer \u00e0 occuper et annexer plus de territoires palestiniens, faisant fi des critiques internationales.<\/p>\n<p class=\"sc-ksZaOG ehjQrN text-element\">Outre le d\u00e9sarmement du Hamas et le retour \u00abde tous les otages, vivants et morts\u00bb, le plan vise \u00e0 d\u00e9militariser la bande de Gaza et la placer sous contr\u00f4le isra\u00e9lien avant la mise en place \u00abd\u2019une administration civile\u00bb qui ne serait \u00abni le Hamas, ni l\u2019Autorit\u00e9 palestinienne\u00bb, a pr\u00e9cis\u00e9 vendredi le bureau de Benyamin N\u00e9tanyahou.<\/p>\n<p class=\"sc-ksZaOG ehjQrN text-element\">\u00abNous n\u2019allons pas occuper Gaza, nous allons lib\u00e9rer Gaza du Hamas\u00bb, qui dirige le territoire depuis 2007, a affirm\u00e9 Benyamin N\u00e9tanyahou sur X.<\/p>\n<p class=\"sc-ksZaOG ehjQrN text-element\">A la suite de l\u2019annonce de ce plan, le Conseil de s\u00e9curit\u00e9 de l\u2019ONU tiendra dimanche \u00e0 10 h 00 (16 heures \u00e0 Paris) une r\u00e9union d\u2019urgence sur Gaza, selon plusieurs sources diplomatiques.<\/p>\n<p class=\"sc-ksZaOG ehjQrN text-element\">De l\u2019Allemagne, pourtant l\u2019un des plus fid\u00e8les alli\u00e9s d\u2019Isra\u00ebl, \u00e0 l\u2019Union europ\u00e9enne, en passant par la France, la Chine, la Russie et de nombreux pays musulmans, l\u2019annonce de ce plan a suscit\u00e9 <a href=\"https:\/\/www.liberation.fr\/international\/lonu-et-le-royaume-uni-appellent-israel-a-reconsiderer-et-a-stopper-immediatement-le-plan-de-prise-de-controle-de-gaza-20250808_6VNPJS52PVBXHDYESYENINKBMU\/\" target=\"_blank\" rel=\"noopener\" title=\"https:\/\/www.liberation.fr\/international\/lonu-et-le-royaume-uni-appellent-israel-a-reconsiderer-et-a-stopper-immediatement-le-plan-de-prise-de-controle-de-gaza-20250808_6VNPJS52PVBXHDYESYENINKBMU\/\">la r\u00e9probation internationale.<\/a><\/p>\n<p class=\"sc-ksZaOG ehjQrN text-element\">Le pr\u00e9sident de l\u2019Autorit\u00e9 palestinienne Mahmoud Abbas a d\u00e9nonc\u00e9 samedi \u00abun nouveau crime qui s\u2019ajoute \u00e0 la s\u00e9rie de crimes isra\u00e9liens commis en Cisjordanie, y compris \u00e0 J\u00e9rusalem\u00bb, soulignant \u00abla n\u00e9cessit\u00e9 urgente de prendre des mesures pour y mettre fin imm\u00e9diatement\u00bb.<\/p>\n<p class=\"sc-ksZaOG ehjQrN text-element\">Actuellement, l\u2019arm\u00e9e isra\u00e9lienne occupe ou op\u00e8re au sol dans pr\u00e8s de 75 % de la bande de Gaza, principalement depuis ses positions permanentes dans le territoire le long de la fronti\u00e8re. Isra\u00ebl avait d\u00e9j\u00e0 occup\u00e9 Gaza en 1967 et implant\u00e9 un ensemble de 21 colonies, d\u00e9mantel\u00e9es lors de son retrait unilat\u00e9ral en 2005.<\/p>\n<p class=\"sc-ksZaOG ehjQrN text-element\">Samedi, le porte-parole de la D\u00e9fense civile de la bande de Gaza, Mahmoud Bassal, a fait \u00e9tat de 37 personnes tu\u00e9es par des frappes ou des tirs isra\u00e9liens, dont des civils qui attendaient des distributions d\u2019aide alimentaire.<\/p>\n<p class=\"sc-ksZaOG ehjQrN text-element\">Selon Mahmoud Bassal, douze personnes ont \u00e9t\u00e9 tu\u00e9es et pr\u00e8s de 200 autres bless\u00e9es quand les forces isra\u00e9liennes ont ouvert le feu sur elles alors qu\u2019elles se rassemblaient pr\u00e8s d\u2019un point de passage dans le nord de Gaza, utilis\u00e9 pour l\u2019acheminement de l\u2019aide.<\/p>\n<p class=\"sc-ksZaOG ehjQrN text-element\">L\u2019op\u00e9ration isra\u00e9lienne \u00e0 Gaza d\u00e9j\u00e0 fait 61 369 morts \u00e0 Gaza, majoritairement des civils, selon les donn\u00e9es du minist\u00e8re de la Sant\u00e9 du Hamas, jug\u00e9es fiables par l\u2019ONU. Du c\u00f4t\u00e9 isra\u00e9lien, l\u2019attaque sans pr\u00e9c\u00e9dent du Hamas le 7 octobre 2023 avait entra\u00een\u00e9 la mort de 1 219 personnes, en majorit\u00e9 des civils, selon un d\u00e9compte de l\u2019AFP r\u00e9alis\u00e9 \u00e0 partir de donn\u00e9es officielles.<\/p>\n","protected":false},"excerpt":{"rendered":"Apr\u00e8s 22 mois de guerre, le Premier ministre Benjamin N\u00e9tanyahou est confront\u00e9 \u00e0 une tr\u00e8s forte pression en&hellip;\n","protected":false},"author":2,"featured_media":309047,"comment_status":"","ping_status":"","sticky":false,"template":"","format":"standard","meta":{"footnotes":""},"categories":[5],"tags":[11,952,1011,27,3522,3519,14,664,12,28],"class_list":{"0":"post-309046","1":"post","2":"type-post","3":"status-publish","4":"format-standard","5":"has-post-thumbnail","7":"category-international","8":"tag-actualites","9":"tag-benyamin-netanyahou","10":"tag-fr","11":"tag-france","12":"tag-guerre-hamas-israel","13":"tag-hamas","14":"tag-international","15":"tag-israel","16":"tag-news","17":"tag-world"},"share_on_mastodon":{"url":"https:\/\/pubeurope.com\/@fr\/115003529944508158","error":""},"_links":{"self":[{"href":"https:\/\/www.europesays.com\/fr\/wp-json\/wp\/v2\/posts\/309046","targetHints":{"allow":["GET"]}}],"collection":[{"href":"https:\/\/www.europesays.com\/fr\/wp-json\/wp\/v2\/posts"}],"about":[{"href":"https:\/\/www.europesays.com\/fr\/wp-json\/wp\/v2\/types\/post"}],"author":[{"embeddable":true,"href":"https:\/\/www.europesays.com\/fr\/wp-json\/wp\/v2\/users\/2"}],"replies":[{"embeddable":true,"href":"https:\/\/www.europesays.com\/fr\/wp-json\/wp\/v2\/comments?post=309046"}],"version-history":[{"count":0,"href":"https:\/\/www.europesays.com\/fr\/wp-json\/wp\/v2\/posts\/309046\/revisions"}],"wp:featuredmedia":[{"embeddable":true,"href":"https:\/\/www.europesays.com\/fr\/wp-json\/wp\/v2\/media\/309047"}],"wp:attachment":[{"href":"https:\/\/www.europesays.com\/fr\/wp-json\/wp\/v2\/media?parent=309046"}],"wp:term":[{"taxonomy":"category","embeddable":true,"href":"https:\/\/www.europesays.com\/fr\/wp-json\/wp\/v2\/categories?post=309046"},{"taxonomy":"post_tag","embeddable":true,"href":"https:\/\/www.europesays.com\/fr\/wp-json\/wp\/v2\/tags?post=309046"}],"curies":[{"name":"wp","href":"https:\/\/api.w.org\/{rel}","templated":true}]}}