{"id":309051,"date":"2025-08-10T08:30:24","date_gmt":"2025-08-10T08:30:24","guid":{"rendered":"https:\/\/www.europesays.com\/fr\/309051\/"},"modified":"2025-08-10T08:30:24","modified_gmt":"2025-08-10T08:30:24","slug":"une-petite-claque-qui-nous-remet-les-pieds-sur-terre-regrette-olivier-pantaloni-lentraineur-du-fc-lorient-apres-le-revers-a-angers","status":"publish","type":"post","link":"https:\/\/www.europesays.com\/fr\/309051\/","title":{"rendered":"\u00ab\u00a0Une petite claque qui nous remet les pieds sur terre\u00a0\u00bb, regrette Olivier Pantaloni, l\u2019entra\u00eeneur du FC Lorient apr\u00e8s le revers \u00e0 Angers"},"content":{"rendered":"<p>1 Une m\u00e9diocre deuxi\u00e8me mi-temps<\/p>\n<p>\u00ab\u00a0Nous avons subi \u00e9norm\u00e9ment. On n\u2019\u00e9tait pas dans le tempo. On \u00e9tait large, \u00e9tir\u00e9 dans la profondeur, \u00e9tir\u00e9 dans la largeur. Il n\u2019y avait pas d\u2019intensit\u00e9 dans nos pressions. \u00bb Olivier Pantaloni, le coach du FC Lorient n\u2019\u00e9tait pas satisfait de ce qu\u2019il a observ\u00e9 en seconde p\u00e9riode, o\u00f9 Lepaul est venu concr\u00e9tiser la domination angevine d\u00e8s la 51\u2019. \u00ab\u00a0On a beaucoup couru apr\u00e8s le ballon sans pouvoir le r\u00e9cup\u00e9rer ou tr\u00e8s difficilement\u00a0\u00bb, notait-il au cours d\u2019un deuxi\u00e8me acte \u00ab\u00a0plus que faible\u00a0\u00bb pour lui.\u00a0\u00ab Et cela nous a peut-\u00eatre impact\u00e9s en termes de lucidit\u00e9 dans l\u2019utilisation du ballon. \u00ab\u00a0Toujours est-il que cette deuxi\u00e8me mi-temps fut vraiment m\u00e9diocre. \u00ab\u00a0Il ne faut pas se retrancher derri\u00e8re \u00e7a, mais c\u2019est vrai qu\u2019on a eu ce matin, cinq heures de bus. Peut-\u00eatre que \u00e7a s\u2019est ressenti\u00a0\u00bb, pr\u00e9cisait de son c\u00f4t\u00e9 Pablo Pagis.<\/p>\n<p>2 Premi\u00e8re panne offensive inhabituelle pour le FC Lorient<\/p>\n<p>\u00ab\u00a0C\u2019est une d\u00e9faite logique. On ne s\u2019est pas cr\u00e9\u00e9 d\u2019occasions. Difficile donc de dire qu\u2019on ne m\u00e9rite pas de perdre\u00a0\u00bb, analysait Olivier Pantaloni. Avant sa d\u00e9faite contre Angers, le FC Lorient avait syst\u00e9matiquement fait trembler les filets adverses lors de ses quatre autres matchs amicaux. Pas cette fois\u00a0! \u00ab\u00a0On a manqu\u00e9 de force, de puissance dans cette zone-l\u00e0 pour leur faire peur\u00a0\u00bb, soulignait Olivier Pantaloni quelque peu pr\u00e9occup\u00e9 par la situation. M\u00eame son de cloche du c\u00f4t\u00e9 de Pablo Pagis, qui souligne un manque de pr\u00e9cision dans le dernier geste. \u00ab\u00a0Il nous manque beaucoup de justesse pour inqui\u00e9ter l\u2018\u00e9quipe adverse. Je n\u2019ai pas le souvenir que nos centres aient \u00e9t\u00e9 repris\u00a0\u00bb.<\/p>\n<p>3 Une d\u00e9faite qui arrive au \u00ab\u00a0meilleur moment\u00a0\u00bb\u00a0?<\/p>\n<p>\u00ab\u00a0Dans une Ligue 1 o\u00f9 il y aura vraisemblablement un championnat \u00e0 deux vitesses, avec des \u00e9quipes qui m\u00e8neront le bal et d\u2019autres qui chercheront \u00e0 lutter pour se maintenir comme nous, et sans doute Angers aussi. Malgr\u00e9 tout, on a quand m\u00eame rencontr\u00e9 beaucoup de difficult\u00e9s \u00ab, s\u2019inqui\u00e9tait Olivier Pantaloni. Le coach du FC Lorient esp\u00e9rait que ce revers contre Angers, un concurrent direct au maintien l\u2019ann\u00e9e prochaine, n\u2019\u00e9tait peut-\u00eatre pas une si mauvaise chose \u00e0 une semaine de la reprise.\u00ab Cette petite claque nous fait peut-\u00eatre retomber un peu les pieds sur terre, ou nous remet en face de ce qu\u2019est le niveau de la Ligue. \u00bb Le capitaine Laurent Abergel, lui, ne cherchait pas \u00e0 positiver autour de cette d\u00e9faite. Mais, \u00e0 l\u2019exception de cette seconde mi-temps, tous s\u2019accordaient autour de la bonne pr\u00e9paration globale du FC Lorient, \u00e0 l\u2019image de Pablo Pagis\u00a0: \u00ab Tout n\u2019est pas \u00e0 jeter. Je pense qu\u2019on a fait une bonne pr\u00e9pa dans l\u2019ensemble. C\u2019est le premier revers qu\u2019on conc\u00e8de. Il faut rester confiant. \u00bb<\/p>\n<p class=\"titre-tech\">La fiche technique<\/p>\n<p class=\"tech\"><strong class=\"tech\">Spectateurs<\/strong>\u00a0: 3\u00a0706<\/p>\n<p class=\"tech\"><strong class=\"tech\">BUTS<\/strong>. Angers Lepaul (51\u2019)<\/p>\n<p class=\"tech\"><strong class=\"tech\">Avertissements<\/strong>. Lorient\u00a0: Silva (32\u2019)<\/p>\n<p class=\"tech\"><strong class=\"tech\">SCO ANGERS<\/strong>\u00a0: Koffi &#8211; Arcus (Bamba 83\u2019), Camara (Biumla 83\u2019), Lefort, Hanin (Ekomie 74\u2019) &#8211; Belkhdim, Belkebla (Courcoul 74\u2019) &#8211; Raolisoa (Allevinah 35\u2019), Mouton, Cherif (Machine 35\u2019)- Lepaul (Peter 83\u2019).<\/p>\n<p class=\"tech\"><strong class=\"tech\">FC LORIENT<\/strong>\u00a0: Kamara &#8211; Silva (Siba 84\u2019), Talbi, Kalulu &#8211; Mvuka (Katseris 69\u2019), Avom, Abergel (Macon 84\u2019), Kouassi (Monnier 69\u2019) &#8211; Bamba (Makengo 69\u2019), Pagis (Le Bris 75\u2019) &#8211; Soumano.<\/p>\n","protected":false},"excerpt":{"rendered":"1 Une m\u00e9diocre deuxi\u00e8me mi-temps \u00ab\u00a0Nous avons subi \u00e9norm\u00e9ment. On n\u2019\u00e9tait pas dans le tempo. On \u00e9tait large,&hellip;\n","protected":false},"author":2,"featured_media":309052,"comment_status":"","ping_status":"","sticky":false,"template":"","format":"standard","meta":{"footnotes":""},"categories":[2],"tags":[11,3317,63,1011,27,66,1781,12,60],"class_list":{"0":"post-309051","1":"post","2":"type-post","3":"status-publish","4":"format-standard","5":"has-post-thumbnail","7":"category-actualites","8":"tag-actualites","9":"tag-fc-lorient","10":"tag-football","11":"tag-fr","12":"tag-france","13":"tag-ligue-1","14":"tag-lorient","15":"tag-news","16":"tag-sports"},"share_on_mastodon":{"url":"https:\/\/pubeurope.com\/@fr\/115003537645661738","error":""},"_links":{"self":[{"href":"https:\/\/www.europesays.com\/fr\/wp-json\/wp\/v2\/posts\/309051","targetHints":{"allow":["GET"]}}],"collection":[{"href":"https:\/\/www.europesays.com\/fr\/wp-json\/wp\/v2\/posts"}],"about":[{"href":"https:\/\/www.europesays.com\/fr\/wp-json\/wp\/v2\/types\/post"}],"author":[{"embeddable":true,"href":"https:\/\/www.europesays.com\/fr\/wp-json\/wp\/v2\/users\/2"}],"replies":[{"embeddable":true,"href":"https:\/\/www.europesays.com\/fr\/wp-json\/wp\/v2\/comments?post=309051"}],"version-history":[{"count":0,"href":"https:\/\/www.europesays.com\/fr\/wp-json\/wp\/v2\/posts\/309051\/revisions"}],"wp:featuredmedia":[{"embeddable":true,"href":"https:\/\/www.europesays.com\/fr\/wp-json\/wp\/v2\/media\/309052"}],"wp:attachment":[{"href":"https:\/\/www.europesays.com\/fr\/wp-json\/wp\/v2\/media?parent=309051"}],"wp:term":[{"taxonomy":"category","embeddable":true,"href":"https:\/\/www.europesays.com\/fr\/wp-json\/wp\/v2\/categories?post=309051"},{"taxonomy":"post_tag","embeddable":true,"href":"https:\/\/www.europesays.com\/fr\/wp-json\/wp\/v2\/tags?post=309051"}],"curies":[{"name":"wp","href":"https:\/\/api.w.org\/{rel}","templated":true}]}}