{"id":309055,"date":"2025-08-10T08:34:19","date_gmt":"2025-08-10T08:34:19","guid":{"rendered":"https:\/\/www.europesays.com\/fr\/309055\/"},"modified":"2025-08-10T08:34:19","modified_gmt":"2025-08-10T08:34:19","slug":"un-petit-paradis-vert-au-coeur-de-pont-a-mousson","status":"publish","type":"post","link":"https:\/\/www.europesays.com\/fr\/309055\/","title":{"rendered":"un petit paradis vert au c\u0153ur de Pont-\u00e0-Mousson"},"content":{"rendered":"<p>C\u2019est un superbe petit paradis de verdure nich\u00e9 \u00e0 l\u2019arri\u00e8re de sa maison de la rue des Lilas, \u00e0 Pont-\u00e0-Mousson.<\/p>\n<p>Depuis trente ans, <a href=\"https:\/\/www.estrepublicain.fr\/societe\/2025\/06\/10\/le-jardin-de-sylvie-invite-a-la-flanerie-le-week-end-des-14-et-15-juin\" target=\"_blank\" rel=\"noopener\">Sylvie Grosset lui donne forme<\/a> et l\u2019entretient tous les jours et encore plus depuis qu\u2019elle est en retraite. Mais elle aime aussi le partager avec des visiteurs. Elle en ouvre donc les portes \u00e0 plusieurs reprises. Ce fut le cas lors du week-end de la f\u00eate des p\u00e8res \u00e0 la mi-juin. Elle avait invit\u00e9 des artisans et des artistes locaux qui s\u2019\u00e9taient install\u00e9s au c\u0153ur du jardin pour faire d\u00e9couvrir et partager leur passion.<\/p>\n<p>Elle projette d\u2019accueillir \u00e0 nouveau le samedi 27\u00a0septembre en soir\u00e9e (\u00e0 confirmer en fonction de la m\u00e9t\u00e9o). Pour l\u2019occasion, elle pars\u00e8mera le jardin de centaines de bougies afin de cr\u00e9er une atmosph\u00e8re et une lumi\u00e8re diff\u00e9rentes. Comme toujours, l\u2019entr\u00e9e sera libre.<\/p>\n","protected":false},"excerpt":{"rendered":"C\u2019est un superbe petit paradis de verdure nich\u00e9 \u00e0 l\u2019arri\u00e8re de sa maison de la rue des Lilas,&hellip;\n","protected":false},"author":2,"featured_media":309056,"comment_status":"","ping_status":"","sticky":false,"template":"","format":"standard","meta":{"footnotes":""},"categories":[9635],"tags":[1111,11,1707,1704,1706,1705,436,1777,674,1011,27,775,3457,1702,12,10422,10423,25],"class_list":{"0":"post-309055","1":"post","2":"type-post","3":"status-publish","4":"format-standard","5":"has-post-thumbnail","7":"category-nancy","8":"tag-actu","9":"tag-actualites","10":"tag-edition-luneville","11":"tag-edition-nancy-et-agglomeration","12":"tag-edition-pont-a-mousson","13":"tag-edition-toul","14":"tag-environnement","15":"tag-eu","16":"tag-europe","17":"tag-fr","18":"tag-france","19":"tag-grand-est","20":"tag-meurthe-et-moselle","21":"tag-nancy","22":"tag-news","23":"tag-pont-a-mousson","24":"tag-pont-a-mousson-ville-54c","25":"tag-republique-francaise"},"share_on_mastodon":{"url":"https:\/\/pubeurope.com\/@fr\/115003553501839033","error":""},"_links":{"self":[{"href":"https:\/\/www.europesays.com\/fr\/wp-json\/wp\/v2\/posts\/309055","targetHints":{"allow":["GET"]}}],"collection":[{"href":"https:\/\/www.europesays.com\/fr\/wp-json\/wp\/v2\/posts"}],"about":[{"href":"https:\/\/www.europesays.com\/fr\/wp-json\/wp\/v2\/types\/post"}],"author":[{"embeddable":true,"href":"https:\/\/www.europesays.com\/fr\/wp-json\/wp\/v2\/users\/2"}],"replies":[{"embeddable":true,"href":"https:\/\/www.europesays.com\/fr\/wp-json\/wp\/v2\/comments?post=309055"}],"version-history":[{"count":0,"href":"https:\/\/www.europesays.com\/fr\/wp-json\/wp\/v2\/posts\/309055\/revisions"}],"wp:featuredmedia":[{"embeddable":true,"href":"https:\/\/www.europesays.com\/fr\/wp-json\/wp\/v2\/media\/309056"}],"wp:attachment":[{"href":"https:\/\/www.europesays.com\/fr\/wp-json\/wp\/v2\/media?parent=309055"}],"wp:term":[{"taxonomy":"category","embeddable":true,"href":"https:\/\/www.europesays.com\/fr\/wp-json\/wp\/v2\/categories?post=309055"},{"taxonomy":"post_tag","embeddable":true,"href":"https:\/\/www.europesays.com\/fr\/wp-json\/wp\/v2\/tags?post=309055"}],"curies":[{"name":"wp","href":"https:\/\/api.w.org\/{rel}","templated":true}]}}