{"id":309061,"date":"2025-08-10T08:44:18","date_gmt":"2025-08-10T08:44:18","guid":{"rendered":"https:\/\/www.europesays.com\/fr\/309061\/"},"modified":"2025-08-10T08:44:18","modified_gmt":"2025-08-10T08:44:18","slug":"lenfer-du-decor-qui-contredit-piolle","status":"publish","type":"post","link":"https:\/\/www.europesays.com\/fr\/309061\/","title":{"rendered":"\u00ab\u00a0L\u2019ENFER DU D\u00c9COR\u00a0\u00bb QUI CONTREDIT PIOLLE"},"content":{"rendered":"<p>Posted On 10 ao\u00fbt 2025 <\/p>\n<p style=\"text-align: justify;\"><a target=\"_blank\" href=\"https:\/\/c.ledauphine.com\/social\/2025\/08\/07\/isere-grenoble-donnez-moi-un-travail-et-j-arrete-le-deal-a-la-villeneuve-dans-l-enfer-du-decor\" rel=\"noopener\">En donnant la parole aux habitants, le journaliste Jean-Benoit Vigny<\/a> a r\u00e9v\u00e9l\u00e9 \u00ab l\u2019enfer du d\u00e9cor \u00bb de la Villeneuve. Un retour au r\u00e9el brutal qui pulv\u00e9rise la communication municipale et expose le d\u00e9calage abyssal entre le quotidien dans le quartier et les propos du Maire.<\/p>\n<p><a href=\"https:\/\/i1.wp.com\/grenoble-le-changement.fr\/wp-content\/uploads\/2025\/08\/villeneuve-enfer-decor.png?ssl=1\" rel=\"lightbox[83882] noopener\" target=\"_blank\"><img loading=\"lazy\" decoding=\"async\" class=\" wp-image-83884 jetpack-lazy-image\" src=\"https:\/\/i1.wp.com\/grenoble-le-changement.fr\/wp-content\/uploads\/2025\/08\/villeneuve-enfer-decor.png?resize=610%2C354&amp;ssl=1\" alt=\"\" width=\"610\" height=\"354\" data-recalc-dims=\"1\" data-lazy-src=\"https:\/\/www.europesays.com\/fr\/wp-content\/uploads\/2025\/08\/villeneuve-enfer-decor.png\" \/><\/a>Le Dauphin\u00e9 Lib\u00e9r\u00e9 du vendredi 8 ao\u00fbt, 10 jours apr\u00e8s les propos dithyrambiques de Piolle sur son action \u00e0 la Villeneuve.<br \/>\n<b>PIOLLE \u00c0 VILLENEUVE : L&rsquo;AUTOSATISFACTION D\u2019UN \u00c9LU HORS-SOL<\/b><\/p>\n<p style=\"text-align: justify;\">Il y a dix jours, Eric Piolle, flanqu\u00e9 de sa premi\u00e8re adjointe Isabelle Peters (PCF) et de l&rsquo;adjointe \u00e0 la d\u00e9mocratie locale Annabelle Bretton (Verts\/LFI), nous gratifiait de sa sortie lunaire sur les \u00ab ghettos de riches \u00bb <a target=\"_blank\" href=\"https:\/\/c.ledauphine.com\/politique\/2025\/07\/31\/isere-grenoble-eric-piolle-nous-cherchons-a-casser-les-ghettos-les-ghettos-de-riches-surtout\" rel=\"noopener\">au d\u00e9tour d&rsquo;un interview du m\u00eame journaliste donn\u00e9e depuis la Villeneuve<\/a>. Outre ses propos qui ont enflamm\u00e9 le d\u00e9bat national, le Maire faisait comme d&rsquo;habitude preuve de cette autosatisfaction permanente et de moins en moins supportable \u00e0 propos de son action pour les quartiers populaires.<\/p>\n<p><b>LA VILLENEUVE EST PRESQUE UN PARADIS SELON LES VERTS\/LFI<\/b><\/p>\n<p style=\"text-align: justify;\">On pouvait ainsi difficilement <a href=\"https:\/\/grenoble-le-changement.fr\/2025\/08\/01\/contre-les-ghettos-de-riches-piolle-a-cree-une-ville-ghetto-de-pauvres\/\" target=\"_blank\" rel=\"noopener\">faire plus d\u00e9connect\u00e9 que ses propos sur la Villeneuve<\/a>. \u00c0 le lire, c&rsquo;est presque un paradis, puisque ce serait \u00ab tr\u00e8s vitalis\u00e9 \u00bb, avec \u00ab la diversit\u00e9, des solidarit\u00e9s, tr\u00e8s accessible et c\u2019est ici que l\u2019on respire l\u2019air le plus pur \u00bb, et il y a bien s\u00fbr la fameuse \u00ab \u00e9nergie des jeunes \u00bb dont aiment s&rsquo;\u00e9merveiller les bobos qui vivent le plus loin possible des quartiers. Pas un mot sur les maux du quartier, si ce n&rsquo;est qu&rsquo;il conc\u00e8de du bout des l\u00e8vres une toute petite \u00ab\u00a0difficult\u00e9 \u00e9conomique\u00a0\u00bb.<\/p>\n<p><b>PROJET DE LAC : LE M\u00c9PRIS PIOLLESQUE EN ACTION<\/b><\/p>\n<p style=\"text-align: justify;\">Au d\u00e9tour d\u2019une interview qui lui permettait de d\u00e9rouler ses \u00e9l\u00e9ments de langage sans contradiction, Piolle a quand m\u00eame \u00e9t\u00e9 interrog\u00e9 <a href=\"https:\/\/grenoble-le-changement.fr\/2025\/03\/22\/lac-de-la-villeneuve-passage-en-force-avant-les-municipales\/\" target=\"_blank\" rel=\"noopener\">sur son projet controvers\u00e9 de lac \u00ab\u00a0baignable\u00a0\u00bb<\/a>. Il a comme d&rsquo;habitude \u00e9tal\u00e9 tout son m\u00e9pris de ceux qui pensent diff\u00e9remment de lui, caricaturant la position des habitants qui ne veulent pas du projet sous cette forme en affirmant qu\u2019ils refusent que les Grenoblois de l\u2019ext\u00e9rieur viennent faire du bruit, alors qu\u2019ils ne veulent simplement pas d\u2019un espace ferm\u00e9 et contraint.<\/p>\n<p><a href=\"https:\/\/i0.wp.com\/grenoble-le-changement.fr\/wp-content\/uploads\/2024\/06\/lac-realite.png?ssl=1\" rel=\"lightbox[83882] noopener\" target=\"_blank\"><img loading=\"lazy\" decoding=\"async\" class=\" wp-image-74742 jetpack-lazy-image\" src=\"https:\/\/i0.wp.com\/grenoble-le-changement.fr\/wp-content\/uploads\/2024\/06\/lac-realite.png?resize=530%2C412&amp;ssl=1\" alt=\"\" width=\"530\" height=\"412\" data-recalc-dims=\"1\" data-lazy-src=\"https:\/\/www.europesays.com\/fr\/wp-content\/uploads\/2025\/08\/lac-realite.png\" \/><\/a>Ce que vend la propagande du projet municipal VS ce \u00e0 quoi ressemblent les vrais lacs grillag\u00e9s urbains. Les habitants et associations sont nombreux \u00e0 se mobiliser contre le projet de lac. Leur position est caricatur\u00e9e et m\u00e9pris\u00e9e par une municipalit\u00e9 Verts\/LFI qui ne les \u00e9coute pas.<br \/>\n<b>RETOUR \u00c0 LA R\u00c9ALIT\u00c9 : LES HABITANTS D\u00c9MENTENT LE MAIRE<\/b><\/p>\n<p class=\"p1\" style=\"text-align: justify;\">Invit\u00e9 sur place par un habitant qui \u00ab a bondi lorsqu\u2019il a lu les propos d\u2019\u00c9ric Piolle \u00bb, <a target=\"_blank\" href=\"https:\/\/c.ledauphine.com\/social\/2025\/08\/07\/isere-grenoble-donnez-moi-un-travail-et-j-arrete-le-deal-a-la-villeneuve-dans-l-enfer-du-decor\" rel=\"noopener\">Jean-Benoit Vigny est finalement retourn\u00e9 dans le quartier<\/a> interroger plusieurs personnes sur la mani\u00e8re dont elles vivent la Villeneuve au quotidien. Et ce n&rsquo;est \u00e9videmment pas une surprise, mais quand les principaux concern\u00e9s ont la parole, on a droit \u00e0 un d\u00e9menti cinglant des propos piollesques. \u00c0 des ann\u00e9es-lumi\u00e8res du conte de f\u00e9e.<\/p>\n<p><b>BRUIT, D\u00c9CHETS ET POUSSI\u00c8RE : LE VRAI VISAGE DE LA VILLENEUVE<\/b><\/p>\n<p style=\"text-align: justify;\">Oubliez la carte postale de la \u00ab vitalit\u00e9 \u00bb et de \u00ab l\u2019air pur \u00bb. Un habitant exc\u00e9d\u00e9 r\u00e9sume le quotidien : \u00ab c\u2019est comme si toute une g\u00e9n\u00e9ration n\u2019avait jamais connu que cet environnement de bruit et de poussi\u00e8re, en plus des fusillades et du trafic \u00bb. Le journaliste lui-m\u00eame ne peut que constater \u00ab des d\u00e9chets, beaucoup de d\u00e9chets \u00bb, et le fait que \u00ab\u00a0les escaliers et certains paliers d\u00e9gagent une odeur pestilentielle \u00bb.\u00a0<\/p>\n<p><img decoding=\"async\" data-id=\"77315\" src=\"https:\/\/i1.wp.com\/grenoble-le-changement.fr\/wp-content\/uploads\/2024\/10\/Salete\u0301-Villeneuve-juin-23-x-scaled.jpg?w=678&amp;ssl=1\" alt=\"\" class=\"wp-image-77315 jetpack-lazy-image\" data-recalc-dims=\"1\" data-lazy-src=\"https:\/\/i1.wp.com\/grenoble-le-changement.fr\/wp-content\/uploads\/2024\/10\/Salete\u0301-Villeneuve-juin-23-x-scaled.jpg?w=678&amp;is-pending-load=1#038;ssl=1\" \/><\/p>\n<p><img decoding=\"async\" data-id=\"72026\" src=\"https:\/\/i2.wp.com\/grenoble-le-changement.fr\/wp-content\/uploads\/2024\/03\/poubelles-villeneuve-ge\u0301ants-.png?w=678&amp;ssl=1\" alt=\"\" class=\"wp-image-72026 jetpack-lazy-image\" data-recalc-dims=\"1\" data-lazy-src=\"https:\/\/i2.wp.com\/grenoble-le-changement.fr\/wp-content\/uploads\/2024\/03\/poubelles-villeneuve-ge\u0301ants-.png?w=678&amp;is-pending-load=1#038;ssl=1\" \/><\/p>\n<p><img decoding=\"async\" data-id=\"72028\" src=\"https:\/\/i1.wp.com\/grenoble-le-changement.fr\/wp-content\/uploads\/2024\/03\/salete\u0301s-poubelles-villeneuve--scaled.jpg?w=678&amp;ssl=1\" alt=\"\" class=\"wp-image-72028 jetpack-lazy-image\" data-recalc-dims=\"1\" data-lazy-src=\"https:\/\/i1.wp.com\/grenoble-le-changement.fr\/wp-content\/uploads\/2024\/03\/salete\u0301s-poubelles-villeneuve--scaled.jpg?w=678&amp;is-pending-load=1#038;ssl=1\" \/><br \/>\n\u00ab\u00a0L&rsquo;air pur\u00a0\u00bb de la Villeneuve cher \u00e0 Piolle<\/p>\n<p><b>LA R\u00c9NOVATION URBAINE EST UN LEURRE<\/b><\/p>\n<p style=\"text-align: justify;\">La r\u00e9novation urbaine \u00e0 grands frais, tant vant\u00e9e par les Verts\/LFI qui aiment parler des millions engloutis plut\u00f4t que de la vie des gens ? Une imposture. \u00ab Les fa\u00e7ades, c\u2019est qu\u2019une vitrine. Derri\u00e8re, tout est sale, d\u00e9grad\u00e9 \u00bb, l\u00e2che un r\u00e9sident. Un constat partag\u00e9&#8230; par un dealer du quartier : \u00ab\u00a0quand vous rentrez dans les appartements, il y a des rats, des cafards. Alors oui, de l\u2019ext\u00e9rieur, c\u2019est joli mais dedans, c\u2019est pourri, d\u00e9gueulasse\u00a0\u00bb. On ne le dire jamais assez : <a href=\"https:\/\/grenoble-le-changement.fr\/2024\/12\/01\/grandalpes-la-derniere-arnaque-urbaine\/\" target=\"_blank\" rel=\"noopener\">derri\u00e8re les fa\u00e7ades, rien ne change, et c&rsquo;est tout le probl\u00e8me de cette politique cosm\u00e9tique.<\/a><\/p>\n<p><b>UN QUARTIER O\u00d9 IL N&rsquo;Y A \u00ab\u00a0RIEN QUI VA\u00a0\u00bb<\/b><\/p>\n<p class=\"p1\" style=\"text-align: justify;\">Le m\u00eame trafiquant verse dans la victimisation sur son sort en pr\u00e9tendant que si quelqu\u2019un lui trouve un travail, il arr\u00eatera le deal (qui g\u00e9n\u00e8re 10 \u00e0 15000 euros de chiffre par jour dans les deux points de vente \u00e0 ciel ouvert de la Villeneuve). On ne doute pas qu&rsquo;il cherche activement et participe aux nombreuses initiatives financ\u00e9es par l&rsquo;argent public pour l&#8217;emploi des jeunes dans les QPV. Il n&rsquo;en dresse pas moins un regard sans concession sur son quartier, <a href=\"https:\/\/grenoble-le-changement.fr\/2024\/08\/19\/villeneuve-place-des-geants-le-grand-gachis-municipal\/\" target=\"_blank\" rel=\"noopener\">o\u00f9 il affirme qu\u2019il n\u2019y a \u00ab rien qui va \u00bb.<\/a><\/p>\n<p><a href=\"https:\/\/i0.wp.com\/grenoble-le-changement.fr\/wp-content\/uploads\/2025\/07\/mortiers-villeneuve.png?ssl=1\" rel=\"lightbox[83882] noopener\" target=\"_blank\"><img loading=\"lazy\" decoding=\"async\" class=\" wp-image-83170 jetpack-lazy-image\" src=\"https:\/\/i0.wp.com\/grenoble-le-changement.fr\/wp-content\/uploads\/2025\/07\/mortiers-villeneuve.png?resize=443%2C540&amp;ssl=1\" alt=\"\" width=\"443\" height=\"540\" data-recalc-dims=\"1\" data-lazy-src=\"https:\/\/www.europesays.com\/fr\/wp-content\/uploads\/2025\/08\/1754815458_678_mortiers-villeneuve.png\" \/><\/a>Tirs de mortiers de jeunes dealers sur la police et les forces de secours \u00e0 la Villeneuve, il y a quelques semaines<br \/>\n<b>D\u00c9SERT COMMERCIAL ET JEUNESSE \u00c0 L\u2019ABANDON<\/b><\/p>\n<p style=\"text-align: justify;\">Le tableau dress\u00e9 est celui d\u2019un abandon g\u00e9n\u00e9ralis\u00e9, la d\u00e9sertification commerciale \u00e9tant le sympt\u00f4me le plus flagrant de la mort lente du quartier. Tous les commerces ont d\u00e9sormais baiss\u00e9 le rideau, \u00e0 l\u2019exception d\u2019une boulangerie qui n\u2019ouvre que le matin. Pour les jeunes, Piolle peut vanter autant qu&rsquo;il veut leur \u00ab\u00a0\u00e9nergie\u00a0\u00bb, c&rsquo;est la d\u00e9sh\u00e9rence. Il leur reste le hall d\u2019immeuble et le point de deal. <a href=\"https:\/\/grenoble-le-changement.fr\/2024\/11\/06\/villeneuve-labandon-de-la-municipalite\/\" target=\"_blank\" rel=\"noopener\">Beau projet de soci\u00e9t\u00e9 dans \u00ab\u00a0l&rsquo;\u00e9coquartier populaire\u00a0\u00bb des Verts\/LFI.\u00a0<\/a><\/p>\n<p><a href=\"https:\/\/i1.wp.com\/grenoble-le-changement.fr\/wp-content\/uploads\/2024\/05\/Piolle-c\u0327a-suffit-Villeneuve-a-1.png?ssl=1\" rel=\"lightbox[83882] noopener\" target=\"_blank\"><img loading=\"lazy\" decoding=\"async\" class=\" wp-image-73431 jetpack-lazy-image\" src=\"https:\/\/i1.wp.com\/grenoble-le-changement.fr\/wp-content\/uploads\/2024\/05\/Piolle-c\u0327a-suffit-Villeneuve-a-1.png?resize=420%2C521&amp;ssl=1\" alt=\"\" width=\"420\" height=\"521\" data-recalc-dims=\"1\" data-lazy-src=\"https:\/\/i1.wp.com\/grenoble-le-changement.fr\/wp-content\/uploads\/2024\/05\/Piolle-c\u0327a-suffit-Villeneuve-a-1.png?resize=420%2C521&amp;is-pending-load=1#038;ssl=1\" \/><\/a>Outre les commerces, Villeneuve, \u00e0 l&rsquo;image du reste de la ville, c&rsquo;est aussi la fermeture des \u00e9quipements et la mise \u00e0 mal des structures de pr\u00e9vention jeunesse<br \/>\n<b>15 ANS DE D\u00c9CLIN SIGN\u00c9S VERTS\/LFI<\/b><\/p>\n<p style=\"text-align: justify;\">\u00ab\u00a0Il y a quinze ans, le quartier n\u2019avait rien \u00e0 voir. Il y avait des commerces, il y avait tout. L\u00e0, c\u2019est clairement abandonn\u00e9\u00a0\u00bb r\u00e9sume le dealer. Entretemps, Eric Piolle et son \u00e9quipe ont \u00e9t\u00e9 \u00e9lus \u00e0 la t\u00eate de la ville. Deux mandats plus tard, le bilan se dresse sous nos yeux. On ne vit pas mieux \u00e0 la Villeneuve, o\u00f9 le taux de pauvret\u00e9 atteint 44%, et o\u00f9 25% des jeunes sont sans emploi. <a href=\"https:\/\/grenoble-le-changement.fr\/2023\/11\/09\/de-plus-en-plus-de-precarite-a-grenoble\/\" target=\"_blank\" rel=\"noopener\">Et Grenoble suit la m\u00eame trajectoire<\/a>, avec 1 m\u00e9nage sur 5 sous le seuil de pauvret\u00e9.<\/p>\n<p><b>LA PROPAGANDE \u00c0 L&rsquo;\u00c9PREUVE DES FAITS<\/b><\/p>\n<p style=\"text-align: justify;\">La communication de moins en moins millim\u00e9tr\u00e9e d\u2019Eric Piolle se heurte de plus en plus violemment au mur du r\u00e9el. Sa propagande sur la ville apais\u00e9e, solidaire et \u00e9cologique ne r\u00e9siste plus \u00e0 l\u2019\u00e9preuve des faits car le quotidien des Grenoblois d\u00e9passe aujourd\u2019hui la fiction vendue par la municipalit\u00e9. Le vernis craque et r\u00e9v\u00e8le ce que les habitants subissent : \u00e0 la Villeneuve comme ailleurs, c&rsquo;est bien la lib\u00e9ration de la parole qui permettra de porter un coup d&rsquo;arr\u00eat \u00e0 la spirale infernale dans laquelle nous entrainent les Verts\/LFI.\u00a0<\/p>\n","protected":false},"excerpt":{"rendered":"Posted On 10 ao\u00fbt 2025 En donnant la parole aux habitants, le journaliste Jean-Benoit Vigny a r\u00e9v\u00e9l\u00e9 \u00ab&hellip;\n","protected":false},"author":2,"featured_media":309062,"comment_status":"","ping_status":"","sticky":false,"template":"","format":"standard","meta":{"footnotes":""},"categories":[9566],"tags":[1111,11,26486,2430,9607,1777,674,1011,27,2731,15883,10307,12,25],"class_list":{"0":"post-309061","1":"post","2":"type-post","3":"status-publish","4":"format-standard","5":"has-post-thumbnail","7":"category-grenoble","8":"tag-actu","9":"tag-actualites","10":"tag-annabelle-bretton","11":"tag-auvergne-rhone-alpes","12":"tag-eric-piolle","13":"tag-eu","14":"tag-europe","15":"tag-fr","16":"tag-france","17":"tag-grenoble","18":"tag-isabelle-peters","19":"tag-jean-benoit-vigny","20":"tag-news","21":"tag-republique-francaise"},"share_on_mastodon":{"url":"https:\/\/pubeurope.com\/@fr\/115003593427493463","error":""},"_links":{"self":[{"href":"https:\/\/www.europesays.com\/fr\/wp-json\/wp\/v2\/posts\/309061","targetHints":{"allow":["GET"]}}],"collection":[{"href":"https:\/\/www.europesays.com\/fr\/wp-json\/wp\/v2\/posts"}],"about":[{"href":"https:\/\/www.europesays.com\/fr\/wp-json\/wp\/v2\/types\/post"}],"author":[{"embeddable":true,"href":"https:\/\/www.europesays.com\/fr\/wp-json\/wp\/v2\/users\/2"}],"replies":[{"embeddable":true,"href":"https:\/\/www.europesays.com\/fr\/wp-json\/wp\/v2\/comments?post=309061"}],"version-history":[{"count":0,"href":"https:\/\/www.europesays.com\/fr\/wp-json\/wp\/v2\/posts\/309061\/revisions"}],"wp:featuredmedia":[{"embeddable":true,"href":"https:\/\/www.europesays.com\/fr\/wp-json\/wp\/v2\/media\/309062"}],"wp:attachment":[{"href":"https:\/\/www.europesays.com\/fr\/wp-json\/wp\/v2\/media?parent=309061"}],"wp:term":[{"taxonomy":"category","embeddable":true,"href":"https:\/\/www.europesays.com\/fr\/wp-json\/wp\/v2\/categories?post=309061"},{"taxonomy":"post_tag","embeddable":true,"href":"https:\/\/www.europesays.com\/fr\/wp-json\/wp\/v2\/tags?post=309061"}],"curies":[{"name":"wp","href":"https:\/\/api.w.org\/{rel}","templated":true}]}}