{"id":309063,"date":"2025-08-10T08:45:17","date_gmt":"2025-08-10T08:45:17","guid":{"rendered":"https:\/\/www.europesays.com\/fr\/309063\/"},"modified":"2025-08-10T08:45:17","modified_gmt":"2025-08-10T08:45:17","slug":"polpa-une-pizzeria-au-feu-de-bois-a-ouvert-a-la-place-de-cette-enseigne-bien-connue","status":"publish","type":"post","link":"https:\/\/www.europesays.com\/fr\/309063\/","title":{"rendered":"Polpa, une pizzeria au feu de bois, a ouvert \u00e0 la place de cette enseigne bien connue"},"content":{"rendered":"<p>            Par<br \/>\n        <strong><br \/>\n            <a href=\"https:\/\/actu.fr\/auteur\/laurene-fertin\" title=\"Consulter tous les articles de Laur\u00e8ne Fertin\" target=\"_blank\" rel=\"noopener\">Laur\u00e8ne Fertin<\/a><br \/>\n        <\/strong><\/p>\n<p>        Publi\u00e9 le<\/p>\n<p>            10 ao\u00fbt 2025 \u00e0 10h02        <\/p>\n<p>\u00ab\u2009On voulait voler de nos propres ailes.\u2009\u00bb Tous les trois associ\u00e9s, Lino, Micka\u00ebl et Louis ont drap\u00e9 l\u2019ancien Basilic &amp; Co d\u2019une nouvelle identit\u00e9 depuis le mois de juillet.<\/p>\n<p class=\" wall-content\">Place d\u00e9sormais \u00e0 la pizzeria <strong>Polpa<\/strong>, au <a href=\"https:\/\/www.google.fr\/maps\/place\/2+Bd+Ren%C3%A9+Laennec,+35000+Rennes\/@48.1097843,-1.6685088,581m\/data=!3m2!1e3!4b1!4m6!3m5!1s0x480ede4d1a91ca43:0x604e1d3710105da8!8m2!3d48.1097843!4d-1.6659339!16s%2Fg%2F11c4wd9g36?entry=ttu&amp;g_ep=EgoyMDI1MDgwNi4wIKXMDSoASAFQAw%3D%3D\" target=\"_blank\" rel=\"noopener\">2, boulevard Ren\u00e9-Laennec<\/a>, \u00e0 Rennes\u2009: nouveau nom, nouveau concept, nouveau design.<\/p>\n<p>\u00ab\u2009Apporter de la lumi\u00e8re\u2009\u00bb<\/p>\n<p class=\" wall-content\">\u00ab\u2009Nous avions, au total, <strong>quatre franchises<\/strong> Basilic &amp; Co \u00e0 Rennes\u2009: \u00e0 Clemenceau, \u00e0 Chantepie, \u00e0 R\u00e9publique et ici, boulevard Ren\u00e9-Laennec\u2009\u00bb, rembobine Lino Wallet. \u00ab\u2009Nous en avons gard\u00e9 trois et avons d\u00e9cid\u00e9 de ne pas renouveler le contrat qui nous liait pour cet \u00e9tablissement-ci, afin de pouvoir cr\u00e9er autre chose.\u2009\u00bb<\/p>\n<p class=\" wall-content\">Dans ce nouveau restaurant <strong>lumineux aux couleurs chaudes, 24 couverts<\/strong> sont dispos\u00e9s pour les clients. \u00ab\u2009Avant, c\u2019\u00e9tait la mode des restaurants plong\u00e9s dans le noir\u2009\u00bb, rit Lino, faisant r\u00e9f\u00e9rence \u00e0 l\u2019ancien Basilic &amp; Co. \u00ab\u2009Ici, on a voulu ouvrir, faire de l\u2019espace, apporter de la lumi\u00e8re.\u2009\u00bb<\/p>\n<p>    <img   decoding=\"async\" loading=\"lazy\" src=\"https:\/\/www.europesays.com\/fr\/wp-content\/uploads\/2025\/08\/restaurant-pizzeria-polpa-rennes-lino-wallet-4-960x640.jpg\" alt=\"xxx\" width=\"960\" height=\"640\"\/><br \/>\n    Le Basilic &amp; Co du boulevard Ren\u00e9-Laennec s\u2019est fait une nouvelle peau\u2009: place d\u00e9sormais \u00e0 Polpa. (\u00a9Laur\u00e8ne Fertin \u2013 actu Rennes)<\/p>\n<p class=\" wall-content\">Pour cr\u00e9er Polpa, Lino, Micka\u00ebl et Louis se sont appuy\u00e9s sur <strong>Wunder Architectes<\/strong>, un cabinet qui a notamment model\u00e9 le restaurant et bar AVEC rue du Breil ou encore le BDS, dans le centre-ville de Rennes.<\/p>\n<p>Des pizzas \u00ab\u2009g\u00e9n\u00e9reuses\u2009\u00bb et \u00ab\u2009r\u00e9confortantes\u2009\u00bb<\/p>\n<p class=\" wall-content\">Polpa, qui signifie pulpe en italien, propose <strong>des pizzas au feu de bois<\/strong>. Sur la carte, le nouvel \u00e9tablissement a gard\u00e9 quelques traces de l\u2019ancien Basilic &amp; Co\u2009; les pizzas sont \u00e0 <strong>deux tailles<\/strong>\u2009: 26 ou 31\u00a0cm.<\/p>\n<blockquote class=\"ac-article-quote wall-content\">\n<p>Ce qui est agr\u00e9able, c&rsquo;est que nous pouvons dor\u00e9navant choisir les ingr\u00e9dients avec lesquels nous souhaitons travailler. Tous nos fromages sont fran\u00e7ais et d&rsquo;appellation. <\/p>\n<p>    <strong>Lino Wallet<\/strong>\n            <\/p><\/blockquote>\n<p class=\" wall-content\"><a href=\"https:\/\/www.instagram.com\/p\/DMpRKHAs1RH\/embed\" title=\"Ouvrir le lien sur Instagram\" target=\"_blank\" rel=\"noopener\">Visualiser le contenu sur Instagram<\/a><\/p>\n<p class=\" wall-content\">C\u00f4t\u00e9 <strong>boissons,<\/strong> le restaurant propose des softs dont une citronnade maison (souvent victime de son succ\u00e8s)\u2009; mais \u00e9galement des <strong>bi\u00e8res,<\/strong> du <strong>vin<\/strong> ou encore une s\u00e9lection de <strong>th\u00e9s<\/strong> rennais sign\u00e9s Tea &amp; Ty.<\/p>\n<p>Quels sont les prix\u2009?<\/p>\n<p class=\" wall-content\">Pour <strong>les prix,<\/strong> comptez, pour l\u2019entr\u00e9e de gamme avec l\u2019ind\u00e9tr\u00f4nable Margherita, <strong>6,90\u00a0euros<\/strong> (pour une pizza de 26\u00a0cm). La pizza signature de l\u2019enseigne \u2013 compos\u00e9e de cr\u00e8me, de mozzarella fran\u00e7aise, de pesto, de burrata, de roquette, de tomates confites, de Parmiggiano Reggiano DOP et de pignons de pin \u2013 affiche 14,90\u00a0euros (26\u00a0cm) et 17,90 (31\u00a0cm).<\/p>\n<p class=\" wall-content\"><strong>Le midi, une formule \u00e0 14,90\u00a0euros<\/strong> est propos\u00e9e avec une pizza de 26\u00a0cm, une boisson (soft ou verre de vin) et un dessert maison parmi le tiramisu, la panna cotta ou encore la mousse au chocolat.<\/p>\n<p class=\" wall-content\">Pour la vente \u00e0 emporter, Polpa a par ailleurs d\u00e9cid\u00e9 de se tourner vers <a href=\"https:\/\/actu.fr\/bretagne\/rennes_35238\/livraison-a-velo-les-coursiers-rennais-une-alternative-a-deliveroo-et-uber-eats_37492724.html\" target=\"_blank\" rel=\"noopener\"><strong>Les coursiers rennais<\/strong><\/a>. Exit Deliveroo et autre Uber Eats\u2009: \u00ab\u2009On voulait travailler avec des partenaires dont on sait que la r\u00e9mun\u00e9ration est plus juste.\u2009\u00bb<\/p>\n<p>M\u00eame \u00e9quipe, \u00ab\u2009nouveau challenge\u2009\u00bb<\/p>\n<p class=\" wall-content\">Pour mener \u00e0 bien cette nouvelle aventure, les associ\u00e9s ont d\u00e9cid\u00e9 de garder l\u2019\u00e9quipe actuelle. \u00ab\u2009Cela a permis d\u2019apporter<strong> un nouveau souffle\u2009\u00bb,<\/strong> sourit Lino, \u00ab\u2009un nouveau challenge\u2009\u00bb.<\/p>\n<p class=\" wall-content\">D\u2019ailleurs, le restaurant cherche d\u2019ici une \u00e0 deux semaines des bras pour venir \u00e9toffer le service. <strong>Deux serveurs (ses) sont recherch\u00e9s<\/strong> pour des contrats de 20 \u00e0 24\u00a0heures\/semaine. <strong>\u00ab\u2009Les d\u00e9butants (es) sont accept\u00e9s\u2009\u00bb,<\/strong> indique Lino, \u00ab\u2009sourire et bonne humeur requis, le reste, on s\u2019en occupe.\u2009\u00bb<\/p>\n<p>Polpa, au 2, boulevard Ren\u00e9 Laennec \u00e0 Rennes. Ouvert 7j\/7. Pour r\u00e9server, c\u2019est au 02\u200923\u200921\u200911\u200950. Pour consulter le menu, rendez-vous sur ce <a href=\"https:\/\/polpapizza.fr\/wp-content\/uploads\/2025\/06\/polpa-menu-4p-a5-def-hd.pdf\" target=\"_blank\" rel=\"noopener\">lien<\/a>.<\/p>\n<p class=\" wall-content\">Suivez toute l\u2019actualit\u00e9 de vos villes et m\u00e9dias favoris en vous inscrivant \u00e0 <a href=\"https:\/\/moncompte.actu.fr\" title=\"D\u00e9couvez Mon Actu\" rel=\"nofollow noopener\" data-trk=\"{&quot;cta&quot;:{&quot;action&quot;:&quot;https:\\\/\\\/moncompte.actu.fr&quot;,&quot;category&quot;:&quot;mon compte&quot;,&quot;from&quot;:&quot;article footer&quot;,&quot;name&quot;:&quot;Mon actu&quot;,&quot;type&quot;:&quot;cta&quot;}}\" target=\"_blank\">Mon Actu<\/a>.<\/p>\n<p>                    <script async src=\"\/\/www.instagram.com\/embed.js\"><\/script><\/p>\n","protected":false},"excerpt":{"rendered":"Par Laur\u00e8ne Fertin Publi\u00e9 le 10 ao\u00fbt 2025 \u00e0 10h02 \u00ab\u2009On voulait voler de nos propres ailes.\u2009\u00bb Tous&hellip;\n","protected":false},"author":2,"featured_media":309064,"comment_status":"","ping_status":"","sticky":false,"template":"","format":"standard","meta":{"footnotes":""},"categories":[2821],"tags":[1111,11,829,33,1777,674,1011,27,1661,12,3147,584,25,10619],"class_list":{"0":"post-309063","1":"post","2":"type-post","3":"status-publish","4":"format-standard","5":"has-post-thumbnail","7":"category-rennes","8":"tag-actu","9":"tag-actualites","10":"tag-bretagne","11":"tag-economie","12":"tag-eu","13":"tag-europe","14":"tag-fr","15":"tag-france","16":"tag-gastronomie","17":"tag-news","18":"tag-nouveaux-commerces","19":"tag-rennes","20":"tag-republique-francaise","21":"tag-restos-de-rennes"},"share_on_mastodon":{"url":"https:\/\/pubeurope.com\/@fr\/115003596699218882","error":""},"_links":{"self":[{"href":"https:\/\/www.europesays.com\/fr\/wp-json\/wp\/v2\/posts\/309063","targetHints":{"allow":["GET"]}}],"collection":[{"href":"https:\/\/www.europesays.com\/fr\/wp-json\/wp\/v2\/posts"}],"about":[{"href":"https:\/\/www.europesays.com\/fr\/wp-json\/wp\/v2\/types\/post"}],"author":[{"embeddable":true,"href":"https:\/\/www.europesays.com\/fr\/wp-json\/wp\/v2\/users\/2"}],"replies":[{"embeddable":true,"href":"https:\/\/www.europesays.com\/fr\/wp-json\/wp\/v2\/comments?post=309063"}],"version-history":[{"count":0,"href":"https:\/\/www.europesays.com\/fr\/wp-json\/wp\/v2\/posts\/309063\/revisions"}],"wp:featuredmedia":[{"embeddable":true,"href":"https:\/\/www.europesays.com\/fr\/wp-json\/wp\/v2\/media\/309064"}],"wp:attachment":[{"href":"https:\/\/www.europesays.com\/fr\/wp-json\/wp\/v2\/media?parent=309063"}],"wp:term":[{"taxonomy":"category","embeddable":true,"href":"https:\/\/www.europesays.com\/fr\/wp-json\/wp\/v2\/categories?post=309063"},{"taxonomy":"post_tag","embeddable":true,"href":"https:\/\/www.europesays.com\/fr\/wp-json\/wp\/v2\/tags?post=309063"}],"curies":[{"name":"wp","href":"https:\/\/api.w.org\/{rel}","templated":true}]}}