{"id":309067,"date":"2025-08-10T08:48:30","date_gmt":"2025-08-10T08:48:30","guid":{"rendered":"https:\/\/www.europesays.com\/fr\/309067\/"},"modified":"2025-08-10T08:48:30","modified_gmt":"2025-08-10T08:48:30","slug":"le-racing-hausse-le-ton-a-mayence","status":"publish","type":"post","link":"https:\/\/www.europesays.com\/fr\/309067\/","title":{"rendered":"le Racing hausse le ton \u00e0 Mayence"},"content":{"rendered":"<p>Pour sa derni\u00e8re sortie amicale, <a href=\"https:\/\/www.dna.fr\/sport\/2025\/08\/09\/preparation-suivez-la-rencontre-entre-mayence-et-le-racing-en-direct-coup-d-envoi-a-15h30\" target=\"_blank\" rel=\"noopener\">le Racing a pass\u00e9 un test plut\u00f4t significatif ce samedi apr\u00e8s-midi<\/a>.<\/p>\n<p>Face \u00e0 Mayence, solide pensionnaire de Bundesliga, qui disputera lui aussi les barrages de la Ligue Conf\u00e9rence, une \u00e9quipe peu ou prou au m\u00eame stade dans sa pr\u00e9paration, <a href=\"https:\/\/www.dna.fr\/p\/liam-rosenior\" target=\"_blank\" rel=\"noopener\">Liam Rosenior<\/a> esp\u00e9rait tirer des enseignements de cette rencontre.<\/p>\n<p>Un onze proche de celui qui commencera \u00e0 Metz\u00a0?<\/p>\n<p>Mais c\u2019est d\u2019abord la composition de son groupe qui en a fourni. Si l\u2019absence d\u2019Omobamidele, suspendu dans une semaine \u00e0 Metz, \u00e9tait pr\u00e9visible, celle de Nanasi \u00e9tait plus inattendue. Le Su\u00e9dois, comme l\u2019Irlandais, a encadr\u00e9 une \u00e9quipe juv\u00e9nile le matin lors d\u2019une premi\u00e8re opposition entre le Racing et son h\u00f4te allemand. Une opposition \u00e0 laquelle ont aussi pris part les recrues Diop et Oyedele tandis que Mara en a profit\u00e9 pour se signaler en sortie de banc.<\/p>\n<p class=\"chiffre\">1<\/p>\n<p>Comme le nombre de but marqu\u00e9 par l\u2019\u00e9quipe bis du Racing qui a \u00e9volu\u00e9 samedi matin sur les installations du Bruchwegstadion face \u00e0 une formation de Mayence&#8230;<\/p>\n","protected":false},"excerpt":{"rendered":"Pour sa derni\u00e8re sortie amicale, le Racing a pass\u00e9 un test plut\u00f4t significatif ce samedi apr\u00e8s-midi. Face \u00e0&hellip;\n","protected":false},"author":2,"featured_media":309068,"comment_status":"","ping_status":"","sticky":false,"template":"","format":"standard","meta":{"footnotes":""},"categories":[2820],"tags":[1111,11,2880,1777,674,107,63,1011,27,775,12,41281,25,517,640,2879],"class_list":{"0":"post-309067","1":"post","2":"type-post","3":"status-publish","4":"format-standard","5":"has-post-thumbnail","7":"category-strasbourg","8":"tag-actu","9":"tag-actualites","10":"tag-edition-strasbourg","11":"tag-eu","12":"tag-europe","13":"tag-fil-info","14":"tag-football","15":"tag-fr","16":"tag-france","17":"tag-grand-est","18":"tag-news","19":"tag-racing-club-strasbourg-masculin","20":"tag-republique-francaise","21":"tag-sport","22":"tag-strasbourg","23":"tag-strasbourg-ville"},"share_on_mastodon":{"url":"https:\/\/pubeurope.com\/@fr\/115003608611474417","error":""},"_links":{"self":[{"href":"https:\/\/www.europesays.com\/fr\/wp-json\/wp\/v2\/posts\/309067","targetHints":{"allow":["GET"]}}],"collection":[{"href":"https:\/\/www.europesays.com\/fr\/wp-json\/wp\/v2\/posts"}],"about":[{"href":"https:\/\/www.europesays.com\/fr\/wp-json\/wp\/v2\/types\/post"}],"author":[{"embeddable":true,"href":"https:\/\/www.europesays.com\/fr\/wp-json\/wp\/v2\/users\/2"}],"replies":[{"embeddable":true,"href":"https:\/\/www.europesays.com\/fr\/wp-json\/wp\/v2\/comments?post=309067"}],"version-history":[{"count":0,"href":"https:\/\/www.europesays.com\/fr\/wp-json\/wp\/v2\/posts\/309067\/revisions"}],"wp:featuredmedia":[{"embeddable":true,"href":"https:\/\/www.europesays.com\/fr\/wp-json\/wp\/v2\/media\/309068"}],"wp:attachment":[{"href":"https:\/\/www.europesays.com\/fr\/wp-json\/wp\/v2\/media?parent=309067"}],"wp:term":[{"taxonomy":"category","embeddable":true,"href":"https:\/\/www.europesays.com\/fr\/wp-json\/wp\/v2\/categories?post=309067"},{"taxonomy":"post_tag","embeddable":true,"href":"https:\/\/www.europesays.com\/fr\/wp-json\/wp\/v2\/tags?post=309067"}],"curies":[{"name":"wp","href":"https:\/\/api.w.org\/{rel}","templated":true}]}}