{"id":309080,"date":"2025-08-10T08:55:11","date_gmt":"2025-08-10T08:55:11","guid":{"rendered":"https:\/\/www.europesays.com\/fr\/309080\/"},"modified":"2025-08-10T08:55:11","modified_gmt":"2025-08-10T08:55:11","slug":"apres-10-cambriolages-au-grand-marche-de-toulouse-il-finit-par-etre-pris-la-main-dans-le-sac","status":"publish","type":"post","link":"https:\/\/www.europesays.com\/fr\/309080\/","title":{"rendered":"Apr\u00e8s 10 cambriolages au Grand March\u00e9 de Toulouse, il finit par \u00eatre pris la main dans le sac"},"content":{"rendered":"<p>            Par<br \/>\n        <strong><br \/>\n            <a href=\"https:\/\/actu.fr\/auteur\/anaelle-montagne\" title=\"Consulter tous les articles de Anaelle Montagne\" rel=\"nofollow noopener\" target=\"_blank\">Anaelle Montagne<\/a><br \/>\n        <\/strong><\/p>\n<p>        Publi\u00e9 le<\/p>\n<p>            10 ao\u00fbt 2025 \u00e0 10h45        <\/p>\n<p>Discret, furtif, le voleur du <a href=\"https:\/\/actu.fr\/occitanie\/toulouse_31555\/parfaitement-situee-toulouse-va-accueillir-le-plus-grand-salon-de-ce-secteur-en-2025-c-est-une-premiere_61994828.html\" rel=\"nofollow noopener\" target=\"_blank\">March\u00e9 d\u2019int\u00e9r\u00eat national de Toulouse<\/a> n\u2019en \u00e9tait pas \u00e0 son coup d\u2019essai. Le 28 juin 2025, cet homme de 43 ans a \u00e9t\u00e9 <strong>pris en flagrant d\u00e9lit<\/strong> par les agents de s\u00e9curit\u00e9, alors qu\u2019il tentait de p\u00e9n\u00e9trer dans les locaux du Grand March\u00e9 de la Ville rose.<\/p>\n<p class=\" wall-content\">En quelques instants, ils ont mis fin \u00e0 une<strong> longue s\u00e9rie de cambriolages<\/strong>, qui s\u2019est \u00e9tal\u00e9e sur plusieurs mois.<\/p>\n<p>Une dizaines d\u2019effractions<\/p>\n<p class=\" wall-content\">\u00ab\u00a0On avait connaissance d\u2019autres intrusions, surtout des vols par effraction\u00a0\u00bb, explique la police \u00e0 <a href=\"https:\/\/actu.fr\/toulouse\/\" rel=\"nofollow noopener\" target=\"_blank\">Actu Toulouse<\/a>. La guinguette Min-ou avait notamment \u00e9t\u00e9 prise pour cible, ainsi que d\u2019autres restaurants.<\/p>\n<p>    <a href=\"https:\/\/www.google.com\/maps\/embed?pb=!1m18!1m12!1m3!1d22786.862735311246!2d1.4250146060472058!3d43.644346119670985!2m3!1f0!2f0!3f0!3m2!1i1024!2i768!4f13.1!3m3!1m2!1s0x12aea4b955f3e549%3A0x53904e8d83ba8f0b!2sMarch%C3%A9%20D%27Int%C3%A9r%C3%AAt%20National%20Toulouse%20Occitanie!5e0!3m2!1sen!2sfr!4v1754815525197!5m2!1sen!2sfr\" title=\"Ouvrie le lien\" rel=\"nofollow noopener\" target=\"_blank\">Cliquez ici pour visualiser le contenu<\/a><\/p>\n<p class=\" wall-content\">Au total, <strong>une dizaine d\u2019effractions<\/strong> ont \u00e9t\u00e9 recens\u00e9es en quatre mois, avec sept \u00e9tablissements victimes de cambriolages. Que volait notre malfrat ? De l\u2019argent liquide, des t\u00e9l\u00e9phones, ordinateurs ou tablettes, ainsi que des machines \u00e0 caf\u00e9 et des denr\u00e9es alimentaires. En bref, <strong>tout ce qui lui passait sous la main<\/strong>.<\/p>\n<p>Il a fallu r\u00e9unir assez d\u2019\u00e9l\u00e9ments probants<\/p>\n<p class=\" wall-content\">Depuis plusieurs mois, donc, la police avait re\u00e7u des plaintes pour cambriolage. \u00ab\u00a0Quand il s\u2019est fait attraper, on est remont\u00e9s sur les autres faits.\u00a0\u00bb Mais il fallait <strong>recueillir assez d\u2019\u00e9lements<\/strong> pour les lui imputer.<\/p>\n<p>Vid\u00e9os : en ce moment sur Actu<\/p>\n<p class=\" wall-content\">Apr\u00e8s sa garde \u00e0 vue, l\u2019homme a donc \u00e9t\u00e9<strong> laiss\u00e9 libre<\/strong> en attendant que se tiennent de plus amples investigations.<\/p>\n<p>Il avoue revendre une partie du butin<\/p>\n<p class=\" wall-content\">La brigade d\u2019atteinte aux biens est finalement parvenue \u00e0 receuillir assez d\u2019\u00e9l\u00e9ments, notamment gr\u00e2ce \u00e0 la vid\u00e9osurveillance et son mode op\u00e9ratoire. Mais lorsque la police le convoque, aucune trace du suspect. Soit. <strong>La BAC finit par aller le cueillir<\/strong> et l\u2019interpelle le jeudi 7 ao\u00fbt, avant de le replacer en garde \u00e0 vue.<\/p>\n<p class=\" wall-content\">\u00ab\u00a0L\u00e0, on a pu terminer la proc\u00e9dure et <strong>il a fini par reconna\u00eetre<\/strong> qu\u2019il revendait une partie du butin sur Leboncoin\u00a0\u00bb, termine la police. Le quadrag\u00e9naire sera pr\u00e9sent\u00e9 \u00e0 la justice ult\u00e9rieurement.\u00a0<\/p>\n<p class=\" wall-content\">Suivez toute l\u2019actualit\u00e9 de vos villes et m\u00e9dias favoris en vous inscrivant \u00e0 <a href=\"https:\/\/moncompte.actu.fr\" title=\"D\u00e9couvez Mon Actu\" rel=\"nofollow noopener\" data-trk=\"{&quot;cta&quot;:{&quot;action&quot;:&quot;https:\\\/\\\/moncompte.actu.fr&quot;,&quot;category&quot;:&quot;mon compte&quot;,&quot;from&quot;:&quot;article footer&quot;,&quot;name&quot;:&quot;Mon actu&quot;,&quot;type&quot;:&quot;cta&quot;}}\" target=\"_blank\">Mon Actu<\/a>.<\/p>\n","protected":false},"excerpt":{"rendered":"Par Anaelle Montagne Publi\u00e9 le 10 ao\u00fbt 2025 \u00e0 10h45 Discret, furtif, le voleur du March\u00e9 d\u2019int\u00e9r\u00eat national&hellip;\n","protected":false},"author":2,"featured_media":309081,"comment_status":"","ping_status":"","sticky":false,"template":"","format":"standard","meta":{"footnotes":""},"categories":[2816],"tags":[1111,11,1174,1777,674,118,1011,27,12,2680,25,2312],"class_list":{"0":"post-309080","1":"post","2":"type-post","3":"status-publish","4":"format-standard","5":"has-post-thumbnail","7":"category-toulouse","8":"tag-actu","9":"tag-actualites","10":"tag-cambriolage","11":"tag-eu","12":"tag-europe","13":"tag-faits-divers","14":"tag-fr","15":"tag-france","16":"tag-news","17":"tag-occitanie","18":"tag-republique-francaise","19":"tag-toulouse"},"share_on_mastodon":{"url":"https:\/\/pubeurope.com\/@fr\/115003636125781510","error":""},"_links":{"self":[{"href":"https:\/\/www.europesays.com\/fr\/wp-json\/wp\/v2\/posts\/309080","targetHints":{"allow":["GET"]}}],"collection":[{"href":"https:\/\/www.europesays.com\/fr\/wp-json\/wp\/v2\/posts"}],"about":[{"href":"https:\/\/www.europesays.com\/fr\/wp-json\/wp\/v2\/types\/post"}],"author":[{"embeddable":true,"href":"https:\/\/www.europesays.com\/fr\/wp-json\/wp\/v2\/users\/2"}],"replies":[{"embeddable":true,"href":"https:\/\/www.europesays.com\/fr\/wp-json\/wp\/v2\/comments?post=309080"}],"version-history":[{"count":0,"href":"https:\/\/www.europesays.com\/fr\/wp-json\/wp\/v2\/posts\/309080\/revisions"}],"wp:featuredmedia":[{"embeddable":true,"href":"https:\/\/www.europesays.com\/fr\/wp-json\/wp\/v2\/media\/309081"}],"wp:attachment":[{"href":"https:\/\/www.europesays.com\/fr\/wp-json\/wp\/v2\/media?parent=309080"}],"wp:term":[{"taxonomy":"category","embeddable":true,"href":"https:\/\/www.europesays.com\/fr\/wp-json\/wp\/v2\/categories?post=309080"},{"taxonomy":"post_tag","embeddable":true,"href":"https:\/\/www.europesays.com\/fr\/wp-json\/wp\/v2\/tags?post=309080"}],"curies":[{"name":"wp","href":"https:\/\/api.w.org\/{rel}","templated":true}]}}