{"id":309084,"date":"2025-08-10T08:58:16","date_gmt":"2025-08-10T08:58:16","guid":{"rendered":"https:\/\/www.europesays.com\/fr\/309084\/"},"modified":"2025-08-10T08:58:16","modified_gmt":"2025-08-10T08:58:16","slug":"geants-banquets-embarquez-dans-lambiance-des-fetes-flamandes-dans-cette-expo-remarquable-a-lille","status":"publish","type":"post","link":"https:\/\/www.europesays.com\/fr\/309084\/","title":{"rendered":"G\u00e9ants, banquets\u2026 Embarquez dans l\u2019ambiance des f\u00eates flamandes, dans cette expo remarquable \u00e0 Lille"},"content":{"rendered":"<p>            Par<br \/>\n        <strong><br \/>\n            <a href=\"https:\/\/actu.fr\/auteur\/amandine-vachez\" title=\"Consulter tous les articles de Amandine Vachez\" target=\"_blank\" rel=\"noopener\">Amandine Vachez<\/a><br \/>\n        <\/strong><\/p>\n<p>        Publi\u00e9 le<\/p>\n<p>            10 ao\u00fbt 2025 \u00e0 10h54        <\/p>\n<p>Le sujet int\u00e9resse. Preuve en est le nombre de visiteurs crois\u00e9s au mus\u00e9e, un matin du mois d\u2019ao\u00fbt \u00e0 <a href=\"https:\/\/actu.fr\/lille\/\" target=\"_blank\" rel=\"noopener\">Lille<\/a> (Nord). En ce moment et <b>jusqu\u2019au 1er\u00a0septembre 2025<\/b>, l\u2019<b>exposition \u00ab\u2009F\u00eates et c\u00e9l\u00e9brations flamandes\u2009\u00bb <\/b>est install\u00e9e au <a href=\"https:\/\/actu.fr\/tag\/palais-des-beaux-arts-de-lille\" target=\"_blank\" rel=\"noopener\">Palais des Beaux-arts<\/a>. Mont\u00e9e par un commissariat d\u2019exposition in\u00e9dit \u2013 le mus\u00e9e lillois, en lien avec le Louvre et les Mus\u00e9es des beaux-arts royaux de Belgique \u2013 elle emm\u00e8ne les visiteurs <b>\u00e0 la d\u00e9couverte des traditions festives flamandes.<\/b> Fins connaisseurs et public non aguerri devraient y trouver leur compte, tant le parcours d\u2019exposition est joliment men\u00e9.<\/p>\n<p>Les f\u00eates en r\u00e9ponse \u00e0 la violence d\u2019une \u00e9poque<br \/>\n    <img   decoding=\"async\" loading=\"lazy\" class=\"size-large\" src=\"https:\/\/www.europesays.com\/fr\/wp-content\/uploads\/2025\/08\/0e886192b498632986192b49846986v-960x640.jpeg\" alt=\"L'exposition \" f=\"\" et=\"\" c=\"\" flamandes=\"\" fait=\"\" la=\"\" saison=\"\" de=\"\" lille3000.=\"\" width=\"960\" height=\"640\"\/><br \/>\n    L\u2019exposition \u00ab\u2009F\u00eates et c\u00e9l\u00e9brations flamandes\u2009\u00bb fait \u00e9cho \u00e0 la saison \u00ab\u2009Fiesta\u2009\u00bb de lille3000. \u00a9Amandine Vachez<\/p>\n<p class=\" wall-content\">Dans le sous-sol du mus\u00e9e, une fois pass\u00e9e la fresque qui accueille les visiteurs, la premi\u00e8re salle d\u2019exposition a de quoi surprendre, puisqu\u2019on y voit des peintures repr\u00e9sentant\u2026 des mises \u00e0 sac et agressions. \u00ab\u2009Certains visiteurs sont d\u00e9rout\u00e9s. Mais il est important de comprendre le contexte politique et social qu\u2019on aborde ici\u2009\u00bb, explique Marie Vidal de la Blache, charg\u00e9e du d\u00e9veloppement des publics au Palais des Beaux-arts de Lille. \u00c0 savoir celui des Pays-Bas Espagnols (16e et 17e si\u00e8cles), \u00e9poque o\u00f9 Lille, le Nord et la Belgique notamment, sont sous le joug de la monarchie espagnole.<\/p>\n<p class=\" wall-content\">\u00ab\u2009Nous sommes dans une \u00e9poque o\u00f9 il y a des mutineries de soldats espagnols, qui sont eux-m\u00eames violents avec les populations civiles. Il y a aussi la peste, le d\u00e9but de la guerre de 80\u00a0ans\u2026\u2009\u00bb, situe notre guide.<\/p>\n<p>Renverser l\u2019ordre \u00e9tabli et d\u00e9noncer<\/p>\n<p class=\" wall-content\">La premi\u00e8re \u0153uvre pr\u00e9sent\u00e9e r\u00e9sume \u00e0 elle seule bien le propos\u2009: <a href=\"https:\/\/collections.louvre.fr\/ark:\/53355\/cl010061789\" target=\"_blank\" rel=\"noopener\">Les Mendiants, ou Les Culs-de-jatte<\/a>, de Brueghel (le p\u00e8re). On y voit \u00ab\u2009des personnes marginalis\u00e9es qui se fondent dans la foule, lors des c\u00e9l\u00e9brations. Elles portent des chapeaux, la \u2018figure du fou\u2019 en quelque sorte devient la plus importante. Les f\u00eates, c\u2019est aussi renverser l\u2019ordre \u00e9tabli\u2009\u00bb, contextualise notre guide. Ce peintre et ses contemporains d\u00e9peignent toute la violence de cette \u00e9poque, ainsi que les temps festifs et exc\u00e8s qui y font contrepoids.<\/p>\n<p>Des f\u00eates d\u2019apparat aux folies grivoises<\/p>\n<p class=\" wall-content\">Au fil des salles, on voit divers types de c\u00e9l\u00e9brations, allant de celles d\u2019apparat, o\u00f9 les grandes t\u00eates espagnoles sont fort repr\u00e9sent\u00e9es, aux plus populaires. On y apprend beaucoup de choses sur les traditions, comme la \u00ab\u2009joyeuse entr\u00e9e\u2009\u00bb. \u00ab\u2009Les gouverneurs d\u2019Espagne venaient \u00e0 la d\u00e9couverte des villes. Des grandes portes avec des tableaux, des statues, et parfois des com\u00e9diens qui y jouaient \u00e9taient construites que pour cette occasion.\u2009\u00bb Tout le faste de ces traditions est bien repr\u00e9sent\u00e9 dans des croquis, peintures et objets pr\u00e9sent\u00e9s.<\/p>\n<p>    <img   decoding=\"async\" loading=\"lazy\" class=\"size-large\" src=\"https:\/\/www.europesays.com\/fr\/wp-content\/uploads\/2025\/08\/c4856192b498639856192b4983d856v-960x640.jpeg\" alt=\"Des t\u00eates de g\u00e9ants et autres curiosit\u00e9s sont r\u00e9unis \u00e0 Lille (Nord), pour cette exposition internationale et in\u00e9dite.\" width=\"960\" height=\"640\"\/><br \/>\n    Des t\u00eates de g\u00e9ants et autres curiosit\u00e9s sont r\u00e9unis \u00e0 Lille (Nord), pour cette exposition internationale et in\u00e9dite. \u00a9Amandine Vachez<\/p>\n<p class=\" wall-content\">Un peu plus loin, dans une autre ambiance, Les fils Brueghel nous emm\u00e8nent \u00e0 la d\u00e9couverte de mariages, kermesses et autres f\u00eates paysannes, o\u00f9 les exc\u00e8s sont de mise, avec des touches humoristiques bien souvent grivoises.<\/p>\n<blockquote class=\"ac-article-quote wall-content\">\n<p>\u00ab\u2009C\u2019est \u00e7a aussi qu\u2019on aime, dans les peintures flamandes. Cette singularit\u00e9, et aussi la multitude de d\u00e9tails.\u2009\u00bb<\/p>\n<p>Marie Vidal de la Blache, du PBA de Lille.<\/p><\/blockquote>\n<p class=\" wall-content\">Vous pouvez passer un long temps devant chaque peinture et d\u00e9couvrir des d\u00e9tails cach\u00e9s, vous laissant surprendre par la pr\u00e9cision des coups de pinceau et la multitude des couleurs, remarquablement conserv\u00e9es.<\/p>\n<p>T\u00eates de g\u00e9ants, peintures, gravures, curiosit\u00e9s<\/p>\n<p class=\" wall-content\">En tout, 147 \u0153uvres sont r\u00e9unies dans un parcours qui se fait en plusieurs \u00e9tapes. <a href=\"https:\/\/actu.fr\/hauts-de-france\/lille_59350\/a-lille-des-tableaux-des-musees-royaux-de-belgique-et-autres-tresors-exposes-aux-beaux-arts_62286762.html\" target=\"_blank\" rel=\"noopener\">Des collections du Palais des Beaux-arts et de l\u2019Hospice Comtesse c\u00f4toient des pr\u00eats prestigieux<\/a>, venus pour beaucoup de Belgique, mais aussi d\u2019Espagne, d\u2019Autriche, d\u2019Allemagne ou de Suisse. Les peintures sont mises en miroir de livres et d\u2019objets plus ou moins surprenants. Dans cette exposition aux nombreuses surprises, vous n\u2019\u00eates pas \u00e0 l\u2019abri de croiser la route d\u2019une grande table de banquet, et m\u00eame le c\u00e9l\u00e8bre peintre Jordaens, qui s\u2019est lui-m\u00eame repr\u00e9sent\u00e9 dans un tableau aussi impressionnant que saugrenu.<\/p>\n<p>    <img   decoding=\"async\" loading=\"lazy\" class=\"size-large\" src=\"https:\/\/www.europesays.com\/fr\/wp-content\/uploads\/2025\/08\/1d926192b498681a26192b498a9f26v-960x640.jpeg\" alt=\"Plongez dans l'ambiance des banquets flamands des 16e au 17e si\u00e8cles, dans cette exposition surprenante, r\u00e9unissant une centaine d'oeuvres et objets.\" width=\"960\" height=\"640\"\/><br \/>\n    Plongez dans l\u2019ambiance des banquets flamands des 16e et 17e si\u00e8cles, dans cette exposition surprenante, r\u00e9unissant une centaine d\u2019\u0153uvres et objets. \u00a9Amandine VachezUne visite classique, familiale ou sensorielle<\/p>\n<p class=\" wall-content\">S\u2019il est possible de d\u00e9couvrir l\u2019exposition en simple visiteur curieux, aid\u00e9 des cartels ou d\u2019un m\u00e9diateur du mus\u00e9e, d\u2019autres parcours sont possibles. L\u2019\u00e9quipe du mus\u00e9e a pens\u00e9 un parcours famille, dans lequel les enfants sont invit\u00e9s \u00e0 trouver des \u00e9l\u00e9ments sur les \u0153uvres. Un autre, sensoriel, vous attend aussi, avec des cartels originaux permettant d\u2019entrer dans les \u0153uvres \u00ab\u2009par l\u2019\u00e9motion\u2009\u00bb. Des musiques cr\u00e9\u00e9es pour l\u2019exposition accompagnent aussi ce parcours. Notez qu\u2019en ao\u00fbt, le programme autour de l\u2019expo est charg\u00e9, avec des visites flash, cont\u00e9es ou encore des ateliers*. Ces menus d\u00e9tails font le sel de l\u2019expo\u2026 \u00e0 l\u2019image des peintures flamandes\u2009!<\/p>\n<p>Exposition visible jusqu\u2019au lundi 1er\u00a0septembre 2025 au PBA de Lille, place de la R\u00e9publique. Ferm\u00e9 le mardi, ouvert le lundi de 14\u2009h \u00e0 18\u2009h, puis les autres jours de 10\u2009h \u00e0 18\u2009h. Acc\u00e8s\u2009: 8\/5\u00a0euros. *Programmation d\u2019\u00e9t\u00e9 disponible <a href=\"https:\/\/pba.lille.fr\/\" target=\"_blank\" rel=\"noopener\">sur le site officiel du mus\u00e9e<\/a>.<\/p>\n<p class=\" wall-content\">Suivez toute l\u2019actualit\u00e9 de vos villes et m\u00e9dias favoris en vous inscrivant \u00e0 <a href=\"https:\/\/moncompte.actu.fr\" title=\"D\u00e9couvez Mon Actu\" rel=\"nofollow noopener\" data-trk=\"{&quot;cta&quot;:{&quot;action&quot;:&quot;https:\\\/\\\/moncompte.actu.fr&quot;,&quot;category&quot;:&quot;mon compte&quot;,&quot;from&quot;:&quot;article footer&quot;,&quot;name&quot;:&quot;Mon actu&quot;,&quot;type&quot;:&quot;cta&quot;}}\" target=\"_blank\">Mon Actu<\/a>.<\/p>\n<ul class=\"ac-article-tag wall-content\">\n<li><a href=\"https:\/\/actu.fr\/tag\/palais-des-beaux-arts-de-lille\" data-trk=\"{&quot;cta&quot;:{&quot;action&quot;:&quot;Palais des Beaux-arts de Lille&quot;,&quot;category&quot;:&quot;tag&quot;,&quot;from&quot;:&quot;article footer&quot;,&quot;name&quot;:&quot;Palais des Beaux-arts de Lille&quot;,&quot;type&quot;:&quot;cta&quot;}}\" target=\"_blank\" rel=\"noopener\">#Palais des Beaux-arts de Lille<\/a><\/li>\n<\/ul>\n","protected":false},"excerpt":{"rendered":"Par Amandine Vachez Publi\u00e9 le 10 ao\u00fbt 2025 \u00e0 10h54 Le sujet int\u00e9resse. Preuve en est le nombre&hellip;\n","protected":false},"author":2,"featured_media":309085,"comment_status":"","ping_status":"","sticky":false,"template":"","format":"standard","meta":{"footnotes":""},"categories":[2815],"tags":[1111,11,1777,674,1011,27,811,1307,1652,12,3368,25],"class_list":{"0":"post-309084","1":"post","2":"type-post","3":"status-publish","4":"format-standard","5":"has-post-thumbnail","7":"category-lille","8":"tag-actu","9":"tag-actualites","10":"tag-eu","11":"tag-europe","12":"tag-fr","13":"tag-france","14":"tag-hauts-de-france","15":"tag-lille","16":"tag-loisirs-culture","17":"tag-news","18":"tag-palais-des-beaux-arts-de-lille","19":"tag-republique-francaise"},"share_on_mastodon":{"url":"https:\/\/pubeurope.com\/@fr\/115003647926810996","error":""},"_links":{"self":[{"href":"https:\/\/www.europesays.com\/fr\/wp-json\/wp\/v2\/posts\/309084","targetHints":{"allow":["GET"]}}],"collection":[{"href":"https:\/\/www.europesays.com\/fr\/wp-json\/wp\/v2\/posts"}],"about":[{"href":"https:\/\/www.europesays.com\/fr\/wp-json\/wp\/v2\/types\/post"}],"author":[{"embeddable":true,"href":"https:\/\/www.europesays.com\/fr\/wp-json\/wp\/v2\/users\/2"}],"replies":[{"embeddable":true,"href":"https:\/\/www.europesays.com\/fr\/wp-json\/wp\/v2\/comments?post=309084"}],"version-history":[{"count":0,"href":"https:\/\/www.europesays.com\/fr\/wp-json\/wp\/v2\/posts\/309084\/revisions"}],"wp:featuredmedia":[{"embeddable":true,"href":"https:\/\/www.europesays.com\/fr\/wp-json\/wp\/v2\/media\/309085"}],"wp:attachment":[{"href":"https:\/\/www.europesays.com\/fr\/wp-json\/wp\/v2\/media?parent=309084"}],"wp:term":[{"taxonomy":"category","embeddable":true,"href":"https:\/\/www.europesays.com\/fr\/wp-json\/wp\/v2\/categories?post=309084"},{"taxonomy":"post_tag","embeddable":true,"href":"https:\/\/www.europesays.com\/fr\/wp-json\/wp\/v2\/tags?post=309084"}],"curies":[{"name":"wp","href":"https:\/\/api.w.org\/{rel}","templated":true}]}}