{"id":309088,"date":"2025-08-10T09:01:14","date_gmt":"2025-08-10T09:01:14","guid":{"rendered":"https:\/\/www.europesays.com\/fr\/309088\/"},"modified":"2025-08-10T09:01:14","modified_gmt":"2025-08-10T09:01:14","slug":"la-libido-sintensifie-t-elle-vraiment-en-ete","status":"publish","type":"post","link":"https:\/\/www.europesays.com\/fr\/309088\/","title":{"rendered":"la libido s&rsquo;intensifie-t-elle vraiment en \u00e9t\u00e9 ?"},"content":{"rendered":"<p>Chaleur, corps l\u00e9g\u00e8rement d\u00e9nud\u00e9, longues soir\u00e9es\u2026 Autant d\u2019\u00e9l\u00e9ments qui en plein \u00e9t\u00e9 favorisent les rencontres et \u00e9chauffent nos sens. Pour autant, notre libido est-elle plus exalt\u00e9e\u00a0?<\/p>\n<p>Oui, r\u00e9pond B\u00e9atrice Cuzin, sexologue \u00e0 Lyon. \u00ab\u00a0En hiver, m\u00eame si nous ne savons pas trop pourquoi, nous avons tendance \u00e0 nous replier sur nous-m\u00eame, \u00e0 manger beaucoup plus\u00a0\u00bb, explique le Dr Cuzin. \u00ab\u00a0Nous sommes beaucoup moins actifs. Ceci peut s\u2019expliquer en partie par le manque de lumi\u00e8re\u00a0\u00bb. Autrement dit, l\u2019hiver, de nombreux facteurs plombent notre libido.<\/p>\n<p>Troubles affectifs saisonniers<\/p>\n<p>\u00ab\u00a0Nous le constatons tous les jours dans nos consultations, les envies et pulsions sexuelles sont g\u00e9n\u00e9ralement en berne, \u00e0 cette saison. Mais cela d\u00e9pend tout de m\u00eame de chaque individu et aussi du lieu g\u00e9ographique\u00a0\u00bb. C\u2019est ce que les psychiatres d\u00e9crivent comme les troubles affectifs saisonniers.<\/p>\n<p>L\u2019\u00e9t\u00e9, c\u2019est vrai, les pyjamas et autres tue-l\u2019amour restent au placard. Maillots de bain, robes et d\u00e9collet\u00e9s ont le vent en poupe.<\/p>\n<p>\u00ab\u00a0Il y a beaucoup plus de sensorialit\u00e9\u00a0\u00bb, souligne B\u00e9atrice Cuzin. \u00ab\u00a0Les couleurs sont plus vives, les odeurs plus fortes, la chaleur est accentu\u00e9e. On se sent \u00e9galement mieux dans sa t\u00eate, les situations stressantes sont moins pesantes\u00a0\u00bb.<\/p>\n<p>Aujourd\u2019hui, sur le plan physiologique, aucune \u00e9tude n\u2019a mis en \u00e9vidence une augmentation de notre libido les mois d\u2019\u00e9t\u00e9. N\u00e9anmoins pour notre sp\u00e9cialiste, le constat est sans appel\u00a0!<\/p>\n<p>\u00ab\u00a0Quand le beau temps revient, on constate davantage d\u2019envies sexuelles. Ce n\u2019est pas un mythe. Nous le ressentons au niveau de nos consultations. Les patients se disent moins stress\u00e9s et plus enclins \u00e0 vivre pleinement leur sexualit\u00e9.\u00a0\u00bb<\/p>\n","protected":false},"excerpt":{"rendered":"Chaleur, corps l\u00e9g\u00e8rement d\u00e9nud\u00e9, longues soir\u00e9es\u2026 Autant d\u2019\u00e9l\u00e9ments qui en plein \u00e9t\u00e9 favorisent les rencontres et \u00e9chauffent nos&hellip;\n","protected":false},"author":2,"featured_media":309089,"comment_status":"","ping_status":"","sticky":false,"template":"","format":"standard","meta":{"footnotes":""},"categories":[1889],"tags":[1111,11,2430,1777,674,107,1011,27,2428,1031,5362,12,25],"class_list":{"0":"post-309088","1":"post","2":"type-post","3":"status-publish","4":"format-standard","5":"has-post-thumbnail","7":"category-lyon","8":"tag-actu","9":"tag-actualites","10":"tag-auvergne-rhone-alpes","11":"tag-eu","12":"tag-europe","13":"tag-fil-info","14":"tag-fr","15":"tag-france","16":"tag-lyon","17":"tag-magazine","18":"tag-magazine-sante","19":"tag-news","20":"tag-republique-francaise"},"share_on_mastodon":{"url":"https:\/\/pubeurope.com\/@fr\/115003659643588935","error":""},"_links":{"self":[{"href":"https:\/\/www.europesays.com\/fr\/wp-json\/wp\/v2\/posts\/309088","targetHints":{"allow":["GET"]}}],"collection":[{"href":"https:\/\/www.europesays.com\/fr\/wp-json\/wp\/v2\/posts"}],"about":[{"href":"https:\/\/www.europesays.com\/fr\/wp-json\/wp\/v2\/types\/post"}],"author":[{"embeddable":true,"href":"https:\/\/www.europesays.com\/fr\/wp-json\/wp\/v2\/users\/2"}],"replies":[{"embeddable":true,"href":"https:\/\/www.europesays.com\/fr\/wp-json\/wp\/v2\/comments?post=309088"}],"version-history":[{"count":0,"href":"https:\/\/www.europesays.com\/fr\/wp-json\/wp\/v2\/posts\/309088\/revisions"}],"wp:featuredmedia":[{"embeddable":true,"href":"https:\/\/www.europesays.com\/fr\/wp-json\/wp\/v2\/media\/309089"}],"wp:attachment":[{"href":"https:\/\/www.europesays.com\/fr\/wp-json\/wp\/v2\/media?parent=309088"}],"wp:term":[{"taxonomy":"category","embeddable":true,"href":"https:\/\/www.europesays.com\/fr\/wp-json\/wp\/v2\/categories?post=309088"},{"taxonomy":"post_tag","embeddable":true,"href":"https:\/\/www.europesays.com\/fr\/wp-json\/wp\/v2\/tags?post=309088"}],"curies":[{"name":"wp","href":"https:\/\/api.w.org\/{rel}","templated":true}]}}