{"id":309090,"date":"2025-08-10T09:02:11","date_gmt":"2025-08-10T09:02:11","guid":{"rendered":"https:\/\/www.europesays.com\/fr\/309090\/"},"modified":"2025-08-10T09:02:11","modified_gmt":"2025-08-10T09:02:11","slug":"un-homme-meurt-dans-lincendie-de-son-appartement-pres-de-lyon","status":"publish","type":"post","link":"https:\/\/www.europesays.com\/fr\/309090\/","title":{"rendered":"Un homme meurt dans l&rsquo;incendie de son appartement pr\u00e8s de Lyon"},"content":{"rendered":"<p>                            <img loading=\"lazy\" width=\"770\" height=\"433\" class=\"attachment-article size-article wp-post-image lazyload\" alt=\"\" decoding=\"async\" src=\"https:\/\/www.europesays.com\/fr\/wp-content\/uploads\/2025\/08\/sdmis69-770x433.jpg\"  data- data-eio-rwidth=\"770\" data-eio-rheight=\"433\"\/><\/p>\n<p>Photo d\u2019illustration (Source : SDMIS69)<\/p>\n<p class=\"content\" style=\"font-size:1.2em;font-weight:700\">Un homme de 46 ans est d\u00e9c\u00e9d\u00e9 ce samedi 9 ao\u00fbt dans l\u2019incendie de son appartement, cit\u00e9 Jules Vall\u00e8s, dans le quartier des Vernes \u00e0 Givors.<\/p>\n<p>Le feu a pris samedi en d\u00e9but d\u2019apr\u00e8s-midi au troisi\u00e8me \u00e9tage d\u2019un immeuble qui en compte quatre. Malgr\u00e9 l\u2019intervention rapide des pompiers, la victime n\u2019a pas pu \u00eatre r\u00e9anim\u00e9e, rapporte <a href=\"https:\/\/c.leprogres.fr\/faits-divers-justice\/2025\/08\/09\/un-homme-decede-dans-l-incendie-de-son-appartement-a-givors\" target=\"_blank\" rel=\"noreferrer noopener\">Le Progr\u00e8s<\/a>. Les flammes ont totalement ravag\u00e9 le logement. Alert\u00e9s par la fum\u00e9e, des voisins ont pu sauver un autre habitant, plus \u00e2g\u00e9, vivant \u00e0 l\u2019\u00e9tage au-dessus.<\/p>\n<p>Au total, onze personnes ont quitt\u00e9 l\u2019immeuble. Une enqu\u00eate est ouverte pour d\u00e9terminer l\u2019origine du sinistre, qui ne semblerait pas criminelle. C\u2019est le deuxi\u00e8me incendie mortel cette semaine dans la r\u00e9gion lyonnaise, apr\u00e8s celui survenu jeudi rue de Bonnel \u00e0 Lyon 3e.<\/p>\n","protected":false},"excerpt":{"rendered":"Photo d\u2019illustration (Source : SDMIS69) Un homme de 46 ans est d\u00e9c\u00e9d\u00e9 ce samedi 9 ao\u00fbt dans l\u2019incendie&hellip;\n","protected":false},"author":2,"featured_media":309091,"comment_status":"","ping_status":"","sticky":false,"template":"","format":"standard","meta":{"footnotes":""},"categories":[1889],"tags":[1111,11,2430,6698,1777,674,118,1011,27,19625,1310,2428,10510,12,25],"class_list":{"0":"post-309090","1":"post","2":"type-post","3":"status-publish","4":"format-standard","5":"has-post-thumbnail","7":"category-lyon","8":"tag-actu","9":"tag-actualites","10":"tag-auvergne-rhone-alpes","11":"tag-canicule","12":"tag-eu","13":"tag-europe","14":"tag-faits-divers","15":"tag-fr","16":"tag-france","17":"tag-givors","18":"tag-incendie","19":"tag-lyon","20":"tag-metropole-de-lyon","21":"tag-news","22":"tag-republique-francaise"},"share_on_mastodon":{"url":"https:\/\/pubeurope.com\/@fr\/115003663665875020","error":""},"_links":{"self":[{"href":"https:\/\/www.europesays.com\/fr\/wp-json\/wp\/v2\/posts\/309090","targetHints":{"allow":["GET"]}}],"collection":[{"href":"https:\/\/www.europesays.com\/fr\/wp-json\/wp\/v2\/posts"}],"about":[{"href":"https:\/\/www.europesays.com\/fr\/wp-json\/wp\/v2\/types\/post"}],"author":[{"embeddable":true,"href":"https:\/\/www.europesays.com\/fr\/wp-json\/wp\/v2\/users\/2"}],"replies":[{"embeddable":true,"href":"https:\/\/www.europesays.com\/fr\/wp-json\/wp\/v2\/comments?post=309090"}],"version-history":[{"count":0,"href":"https:\/\/www.europesays.com\/fr\/wp-json\/wp\/v2\/posts\/309090\/revisions"}],"wp:featuredmedia":[{"embeddable":true,"href":"https:\/\/www.europesays.com\/fr\/wp-json\/wp\/v2\/media\/309091"}],"wp:attachment":[{"href":"https:\/\/www.europesays.com\/fr\/wp-json\/wp\/v2\/media?parent=309090"}],"wp:term":[{"taxonomy":"category","embeddable":true,"href":"https:\/\/www.europesays.com\/fr\/wp-json\/wp\/v2\/categories?post=309090"},{"taxonomy":"post_tag","embeddable":true,"href":"https:\/\/www.europesays.com\/fr\/wp-json\/wp\/v2\/tags?post=309090"}],"curies":[{"name":"wp","href":"https:\/\/api.w.org\/{rel}","templated":true}]}}