{"id":309096,"date":"2025-08-10T09:07:10","date_gmt":"2025-08-10T09:07:10","guid":{"rendered":"https:\/\/www.europesays.com\/fr\/309096\/"},"modified":"2025-08-10T09:07:10","modified_gmt":"2025-08-10T09:07:10","slug":"un-homme-se-noie-lors-dun-sauvetage-dans-le-canal-saint-denis-une-enquete-ouverte","status":"publish","type":"post","link":"https:\/\/www.europesays.com\/fr\/309096\/","title":{"rendered":"un homme se noie lors d&rsquo;un sauvetage dans le canal Saint-Denis, une enqu\u00eate ouverte"},"content":{"rendered":"<p>            Par<br \/>\n        <strong><br \/>\n            <a href=\"https:\/\/actu.fr\/auteur\/redaction-paris\" title=\"Consulter tous les articles de R\u00e9daction Paris\" target=\"_blank\" rel=\"noopener\">R\u00e9daction Paris<\/a><br \/>\n        <\/strong><\/p>\n<p>        Publi\u00e9 le<\/p>\n<p>            10 ao\u00fbt 2025 \u00e0 11h02        <\/p>\n<p>Un sauvetage mortel \u00e0 <a href=\"https:\/\/actu.fr\/paris\/\" target=\"_blank\" rel=\"noopener\">Paris<\/a>. Vendredi 8 ao\u00fbt 2025, un homme est <strong>d\u00e9c\u00e9d\u00e9<\/strong> dans le <a href=\"https:\/\/actu.fr\/ile-de-france\/saint-denis_93066\/apres-paris-saint-denis-va-tester-la-baignade-dans-le-canal-a-deux-pas-du-stade-de-france_62923902.html\" target=\"_blank\" rel=\"noopener\">canal Saint-Denis<\/a> (19e), alors qu\u2019il tentait d<strong>\u2018assister une femme<\/strong> qui avait plong\u00e9 dans le cours d\u2019eau, selon une information r\u00e9v\u00e9l\u00e9e par <a href=\"https:\/\/www.leparisien.fr\/paris-75\/paris-il-se-noie-en-tentant-de-sauver-une-femme-dans-le-canal-09-08-2025-SKNTMTBSCJCYTAOVFKY6BEU2NQ.php\" target=\"_blank\" rel=\"noopener\">Le Parisien<\/a> et confirm\u00e9e aupr\u00e8s d\u2019actu Paris par le parquet de Paris.\u00a0<\/p>\n<p>Un endroit tr\u00e8s fr\u00e9quent\u00e9 par les consommateurs de drogue<\/p>\n<p class=\" wall-content\">D\u2019apr\u00e8s le quotidien, la sc\u00e8ne se serait d\u00e9roul\u00e9e dans une zone habituellement occup\u00e9e par les consommateurs de drogue, pr\u00e8s du <a href=\"https:\/\/actu.fr\/ile-de-france\/paris_75056\/crack-implante-commerces-fermes-rosa-parks-a-paris-un-quartier-au-bord-de-la-deprime_61956241.html\" target=\"_blank\" rel=\"noopener\">quartier Rosa-Parks<\/a>. L\u2019un d\u2019eux aurait port\u00e9 secours \u00e0 une femme, qui s\u2019\u00e9tait jet\u00e9e dans le canal. Finalement, cette derni\u00e8re a pu \u00eatre extraite de l\u2019eau <strong>saine et sauve<\/strong> par des t\u00e9moins. Pas l\u2019homme, dont le corps a \u00e9t\u00e9 rep\u00each\u00e9 par les sapeurs-pompiers de Paris. Une <strong>enqu\u00eate<\/strong> a \u00e9t\u00e9 ouverte en recherche des causes de la mort, indique le parquet.\u00a0<\/p>\n<p class=\" wall-content\">D\u2019apr\u00e8s les chiffres communiqu\u00e9s par <a href=\"https:\/\/www.santepubliquefrance.fr\/maladies-et-traumatismes\/traumatismes\/noyade\" target=\"_blank\" rel=\"noopener\">Sant\u00e9 publique France<\/a>, 702 noyades ont \u00e9t\u00e9 enregistr\u00e9es entre le 1er juin et le 23 juillet 2025, soit une augmentation de <strong>50 %<\/strong> par rapport \u00e0 la m\u00eame p\u00e9riode en 2024. Ces donn\u00e9es s\u2019inscrivent dans un climat tr\u00e8s chaud en juin, propice \u00e0 la <a href=\"https:\/\/actu.fr\/ile-de-france\/paris_75056\/paris-elle-est-douce-et-chaude-on-a-nage-dans-la-seine-a-bercy-avec-les-premiers-baigneurs_62873044.html\" target=\"_blank\" rel=\"noopener\">baignade<\/a>, y compris dans des <strong>zones non surveill\u00e9es<\/strong>.\u00a0<\/p>\n<p class=\" wall-content\">Suivez toute l\u2019actualit\u00e9 de vos villes et m\u00e9dias favoris en vous inscrivant \u00e0 <a href=\"https:\/\/moncompte.actu.fr\" title=\"D\u00e9couvez Mon Actu\" rel=\"nofollow noopener\" data-trk=\"{&quot;cta&quot;:{&quot;action&quot;:&quot;https:\\\/\\\/moncompte.actu.fr&quot;,&quot;category&quot;:&quot;mon compte&quot;,&quot;from&quot;:&quot;article footer&quot;,&quot;name&quot;:&quot;Mon actu&quot;,&quot;type&quot;:&quot;cta&quot;}}\" target=\"_blank\">Mon Actu<\/a>.<\/p>\n<ul class=\"ac-article-tag wall-content\">\n<li><a href=\"https:\/\/actu.fr\/tag\/canal-de-l-ourcq-saint-denis\" data-trk=\"{&quot;cta&quot;:{&quot;action&quot;:&quot;Canal de l&#039;Ourcq \\\/ Saint-Denis&quot;,&quot;category&quot;:&quot;tag&quot;,&quot;from&quot;:&quot;article footer&quot;,&quot;name&quot;:&quot;Canal de l&#039;Ourcq \\\/ Saint-Denis&quot;,&quot;type&quot;:&quot;cta&quot;}}\" target=\"_blank\" rel=\"noopener\">#Canal de l&rsquo;Ourcq \/ Saint-Denis<\/a><\/li>\n<li><a href=\"https:\/\/actu.fr\/tag\/tribunal-de-paris\" data-trk=\"{&quot;cta&quot;:{&quot;action&quot;:&quot;tribunal de Paris&quot;,&quot;category&quot;:&quot;tag&quot;,&quot;from&quot;:&quot;article footer&quot;,&quot;name&quot;:&quot;tribunal de Paris&quot;,&quot;type&quot;:&quot;cta&quot;}}\" target=\"_blank\" rel=\"noopener\">#tribunal de Paris<\/a><\/li>\n<\/ul>\n","protected":false},"excerpt":{"rendered":"Par R\u00e9daction Paris Publi\u00e9 le 10 ao\u00fbt 2025 \u00e0 11h02 Un sauvetage mortel \u00e0 Paris. Vendredi 8 ao\u00fbt&hellip;\n","protected":false},"author":2,"featured_media":309097,"comment_status":"","ping_status":"","sticky":false,"template":"","format":"standard","meta":{"footnotes":""},"categories":[1888],"tags":[11,26029,1777,674,118,1011,27,12,626,25,4595],"class_list":{"0":"post-309096","1":"post","2":"type-post","3":"status-publish","4":"format-standard","5":"has-post-thumbnail","7":"category-paris","8":"tag-actualites","9":"tag-canal-de-lourcq-saint-denis","10":"tag-eu","11":"tag-europe","12":"tag-faits-divers","13":"tag-fr","14":"tag-france","15":"tag-news","16":"tag-paris","17":"tag-republique-francaise","18":"tag-tribunal-de-paris"},"share_on_mastodon":{"url":"https:\/\/pubeurope.com\/@fr\/115003683261040068","error":""},"_links":{"self":[{"href":"https:\/\/www.europesays.com\/fr\/wp-json\/wp\/v2\/posts\/309096","targetHints":{"allow":["GET"]}}],"collection":[{"href":"https:\/\/www.europesays.com\/fr\/wp-json\/wp\/v2\/posts"}],"about":[{"href":"https:\/\/www.europesays.com\/fr\/wp-json\/wp\/v2\/types\/post"}],"author":[{"embeddable":true,"href":"https:\/\/www.europesays.com\/fr\/wp-json\/wp\/v2\/users\/2"}],"replies":[{"embeddable":true,"href":"https:\/\/www.europesays.com\/fr\/wp-json\/wp\/v2\/comments?post=309096"}],"version-history":[{"count":0,"href":"https:\/\/www.europesays.com\/fr\/wp-json\/wp\/v2\/posts\/309096\/revisions"}],"wp:featuredmedia":[{"embeddable":true,"href":"https:\/\/www.europesays.com\/fr\/wp-json\/wp\/v2\/media\/309097"}],"wp:attachment":[{"href":"https:\/\/www.europesays.com\/fr\/wp-json\/wp\/v2\/media?parent=309096"}],"wp:term":[{"taxonomy":"category","embeddable":true,"href":"https:\/\/www.europesays.com\/fr\/wp-json\/wp\/v2\/categories?post=309096"},{"taxonomy":"post_tag","embeddable":true,"href":"https:\/\/www.europesays.com\/fr\/wp-json\/wp\/v2\/tags?post=309096"}],"curies":[{"name":"wp","href":"https:\/\/api.w.org\/{rel}","templated":true}]}}