{"id":309098,"date":"2025-08-10T09:08:14","date_gmt":"2025-08-10T09:08:14","guid":{"rendered":"https:\/\/www.europesays.com\/fr\/309098\/"},"modified":"2025-08-10T09:08:14","modified_gmt":"2025-08-10T09:08:14","slug":"mercato-visite-medicale-ce-dimanche-pour-diakite-a-bournemouth-zabarnyi-arrive-lui-a-paris","status":"publish","type":"post","link":"https:\/\/www.europesays.com\/fr\/309098\/","title":{"rendered":"Mercato\u00a0: visite m\u00e9dicale ce dimanche pour Diakit\u00e9 \u00e0 Bournemouth, Zabarnyi arrive lui \u00e0 Paris"},"content":{"rendered":"<p class=\"paragraph text_align_left lp-f-body-02\">C\u2019\u00e9tait la piste prioritaire pour remplacer Illya Zabarnyi, en partance pour<a href=\"https:\/\/www.leparisien.fr\/sports\/football\/psg\/\" target=\"_blank\" rel=\"nofollow noopener\"> le PSG.<\/a> Alors que le d\u00e9fenseur ukrainien, toujours en Angleterre ce samedi soir, s\u2019appr\u00eate \u00e0 prendre la direction de Paris pour parapher son contrat de cinq ans, <a href=\"https:\/\/www.leparisien.fr\/sports\/football\/ligue-1\/mercato-pour-remplacer-zabarnyi-bournemouth-va-soffrir-le-lillois-bafode-diakite-09-08-2025-R272XZP7HJAIBLJRLB4JUZPBVU.php\" target=\"_blank\" rel=\"nofollow noopener\">Bafod\u00e9 Diakit\u00e9 (24 ans) est pour sa part sur le point de s\u2019engager avec Bournemouth<\/a> qui a trouv\u00e9 un accord avec Lille pour une op\u00e9ration autour de 40 millions d\u2019euros.<\/p>\n<p class=\"paragraph text_align_left lp-f-body-02\">Les deux clubs se sont en effet entendus ces derni\u00e8res heures pour le transfert de l\u2019ancien Toulousain qui doit s\u2019engager pour 5 ans avec les Cherries.<\/p>\n<p class=\"paragraph text_align_left lp-f-body-02\">Selon nos informations, il va passer sa visite m\u00e9dicale sur toute la journ\u00e9e \u00e0 Londres ce dimanche 10 ao\u00fbt, avant de signer avec le club de Premier League. Il y retrouvera les Fran\u00e7ais Romain Faivre, Eli Junior Kroupi et Adrien Truffert.<\/p>\n","protected":false},"excerpt":{"rendered":"C\u2019\u00e9tait la piste prioritaire pour remplacer Illya Zabarnyi, en partance pour le PSG. Alors que le d\u00e9fenseur ukrainien,&hellip;\n","protected":false},"author":2,"featured_media":309099,"comment_status":"","ping_status":"","sticky":false,"template":"","format":"standard","meta":{"footnotes":""},"categories":[1888],"tags":[11,1777,674,63,1011,27,66,12,626,25,60],"class_list":{"0":"post-309098","1":"post","2":"type-post","3":"status-publish","4":"format-standard","5":"has-post-thumbnail","7":"category-paris","8":"tag-actualites","9":"tag-eu","10":"tag-europe","11":"tag-football","12":"tag-fr","13":"tag-france","14":"tag-ligue-1","15":"tag-news","16":"tag-paris","17":"tag-republique-francaise","18":"tag-sports"},"share_on_mastodon":{"url":"https:\/\/pubeurope.com\/@fr\/115003687163046367","error":""},"_links":{"self":[{"href":"https:\/\/www.europesays.com\/fr\/wp-json\/wp\/v2\/posts\/309098","targetHints":{"allow":["GET"]}}],"collection":[{"href":"https:\/\/www.europesays.com\/fr\/wp-json\/wp\/v2\/posts"}],"about":[{"href":"https:\/\/www.europesays.com\/fr\/wp-json\/wp\/v2\/types\/post"}],"author":[{"embeddable":true,"href":"https:\/\/www.europesays.com\/fr\/wp-json\/wp\/v2\/users\/2"}],"replies":[{"embeddable":true,"href":"https:\/\/www.europesays.com\/fr\/wp-json\/wp\/v2\/comments?post=309098"}],"version-history":[{"count":0,"href":"https:\/\/www.europesays.com\/fr\/wp-json\/wp\/v2\/posts\/309098\/revisions"}],"wp:featuredmedia":[{"embeddable":true,"href":"https:\/\/www.europesays.com\/fr\/wp-json\/wp\/v2\/media\/309099"}],"wp:attachment":[{"href":"https:\/\/www.europesays.com\/fr\/wp-json\/wp\/v2\/media?parent=309098"}],"wp:term":[{"taxonomy":"category","embeddable":true,"href":"https:\/\/www.europesays.com\/fr\/wp-json\/wp\/v2\/categories?post=309098"},{"taxonomy":"post_tag","embeddable":true,"href":"https:\/\/www.europesays.com\/fr\/wp-json\/wp\/v2\/tags?post=309098"}],"curies":[{"name":"wp","href":"https:\/\/api.w.org\/{rel}","templated":true}]}}