{"id":309100,"date":"2025-08-10T09:09:16","date_gmt":"2025-08-10T09:09:16","guid":{"rendered":"https:\/\/www.europesays.com\/fr\/309100\/"},"modified":"2025-08-10T09:09:16","modified_gmt":"2025-08-10T09:09:16","slug":"russie-un-mort-et-un-site-industriel-endommage-par-des-drones-ukrainiens-selon-moscou-10-08-2025-a-0913","status":"publish","type":"post","link":"https:\/\/www.europesays.com\/fr\/309100\/","title":{"rendered":"Russie-Un mort et un site industriel endommag\u00e9 par des drones ukrainiens, selon Moscou &#8211; 10\/08\/2025 \u00e0 09:13"},"content":{"rendered":"<p>\n (.)\n<\/p>\n<p>\n Une attaque de drones ukrainiens<br \/>\ndans la r\u00e9gion de Saratov, dans le sud de la Russie, a fait un<br \/>\nmort et endommag\u00e9 trois appartements ainsi qu&rsquo;un site<br \/>\nindustriel, a annonc\u00e9 dimanche le gouverneur de la r\u00e9gion, Roman<br \/>\nBusargin.\n<\/p>\n<p>\n \u00ab\u00a0Il a fallu une assistance m\u00e9dicale pour plusieurs<br \/>\nr\u00e9sidents\u00a0\u00bb, a indiqu\u00e9 Roman Busargin, sur la messagerie<br \/>\nTelegram. \u00ab\u00a0L&rsquo;aide a \u00e9t\u00e9 fournie sur place et une personne a \u00e9t\u00e9<br \/>\nhospitalis\u00e9e. Malheureusement, une personne est d\u00e9c\u00e9d\u00e9e\u00a0\u00bb, a-t-il<br \/>\najout\u00e9.\n<\/p>\n<p>\n La d\u00e9fense a\u00e9rienne russe a d\u00e9truit 121 drones ukrainiens au<br \/>\ncours de la nuit, dont huit au-dessus de la r\u00e9gion de Saratov, a<br \/>\nd\u00e9clar\u00e9 pour sa part le minist\u00e8re de la D\u00e9fense, sans pr\u00e9ciser<br \/>\nle nombre total de drones lanc\u00e9s par l&rsquo;Ukraine.\n<\/p>\n<p>\n Roman Busargin n&rsquo;a pas non plus pr\u00e9cis\u00e9 la nature du site<br \/>\nindustriel endommag\u00e9.\n<\/p>\n<p>\n Des images diffus\u00e9es sur les r\u00e9seaux sociaux montrent une<br \/>\n\u00e9paisse colonne de fum\u00e9e noire s&rsquo;\u00e9levant au-dessus de ce qui<br \/>\nsemble \u00eatre une zone industrielle. Reuters a pu confirmer que<br \/>\nl&#8217;emplacement observ\u00e9 dans l&rsquo;une des vid\u00e9os correspond bien \u00e0<br \/>\nune image satellite de la zone, mais n&rsquo;a pas pu v\u00e9rifier quand<br \/>\nla vid\u00e9o a \u00e9t\u00e9 prise.\n<\/p>\n<p>\n Les m\u00e9dias ukrainiens, dont RBK-Ukraine, ont rapport\u00e9 que la<br \/>\nraffinerie de p\u00e9trole de la ville de Saratov, le centre<br \/>\nadministratif de la r\u00e9gion, \u00e9tait en feu apr\u00e8s une attaque de<br \/>\ndrone.\n<\/p>\n<p>\n Reuters n&rsquo;a pas pu v\u00e9rifier ces informations. La Russie n&rsquo;a<br \/>\nfait aucun commentaire officiel.\n<\/p>\n<p>\n Le groupe Rosneft  ROSN.MM  est propri\u00e9taire de la<br \/>\nraffinerie  ROSN.MM  de Saratov qui a \u00e9t\u00e9 contrainte de<br \/>\nsuspendre ses activit\u00e9s au d\u00e9but de l&rsquo;ann\u00e9e pour des raisons de<br \/>\ns\u00e9curit\u00e9 \u00e0 la suite d&rsquo;attaques de drones ukrainiens, ont<br \/>\nrapport\u00e9 \u00e0 Reuters des sources industrielles.\n<\/p>\n<p>\n La cha\u00eene russe SHOT Telegram, qui publie souvent des<br \/>\ninformations provenant de sources des services de s\u00e9curit\u00e9 et<br \/>\ndes forces de l&rsquo;ordre, a indiqu\u00e9 qu&rsquo;environ huit explosions<br \/>\navaient \u00e9t\u00e9 entendues au-dessus de Saratov et Engels, deux<br \/>\nvilles s\u00e9par\u00e9es par la Volga.\n<\/p>\n<p>\n L&rsquo;autorit\u00e9 russe de l&rsquo;aviation civile, Rosaviatsia, a<br \/>\nindiqu\u00e9 sur Telegram que les vols \u00e0 destination et en provenance<br \/>\nde Saratov avaient \u00e9t\u00e9 interrompus pendant environ deux heures,<br \/>\nt\u00f4t dimanche, afin de garantir la s\u00e9curit\u00e9 a\u00e9rienne.\n<\/p>\n<p>\n L&rsquo;Ukraine et la Russie d\u00e9mentent r\u00e9guli\u00e8rement cibler des<br \/>\ncivils lors de leurs frappes respectives depuis le d\u00e9but de<br \/>\ncette guerre, en f\u00e9vrier 2022, \u00e0 la suite de l&rsquo;invasion par<br \/>\nMoscou de l&rsquo;Ukraine.\n<\/p>\n<p>\n Kyiv soutient que ses frappes \u00e0 l&rsquo;int\u00e9rieur de la Russie<br \/>\nvisent \u00e0 d\u00e9truire des infrastructures utilis\u00e9es par Moscou pour<br \/>\nattaquer l&rsquo;Ukraine.\n<\/p>\n<p>\n (R\u00e9dig\u00e9 par Lidia Kelly \u00e0 Melbourne; avec la contribution de<br \/>\nMahezabin Syed \u00e0 Ahmedabad, en Inde; version fran\u00e7aise Claude<br \/>\nChendjou)<\/p>\n","protected":false},"excerpt":{"rendered":"(.) Une attaque de drones ukrainiens dans la r\u00e9gion de Saratov, dans le sud de la Russie, a&hellip;\n","protected":false},"author":2,"featured_media":15273,"comment_status":"","ping_status":"","sticky":false,"template":"","format":"standard","meta":{"footnotes":""},"categories":[1591],"tags":[400,11,398,408,405,1887,403,402,399,404,12,1885,1886,132,401,406,407],"class_list":{"0":"post-309100","1":"post","2":"type-post","3":"status-publish","4":"format-standard","5":"has-post-thumbnail","7":"category-russie","8":"tag-action-cac-40","9":"tag-actualites","10":"tag-bourse-de-paris","11":"tag-boursorama","12":"tag-cotations","13":"tag-federation-de-russie","14":"tag-indices-devises","15":"tag-investir","16":"tag-investissement","17":"tag-marche-boursier","18":"tag-news","19":"tag-russia","20":"tag-russian-federation","21":"tag-russie","22":"tag-sicav","23":"tag-trackers","24":"tag-warrants"},"share_on_mastodon":{"url":"https:\/\/pubeurope.com\/@fr\/115003691191312481","error":""},"_links":{"self":[{"href":"https:\/\/www.europesays.com\/fr\/wp-json\/wp\/v2\/posts\/309100","targetHints":{"allow":["GET"]}}],"collection":[{"href":"https:\/\/www.europesays.com\/fr\/wp-json\/wp\/v2\/posts"}],"about":[{"href":"https:\/\/www.europesays.com\/fr\/wp-json\/wp\/v2\/types\/post"}],"author":[{"embeddable":true,"href":"https:\/\/www.europesays.com\/fr\/wp-json\/wp\/v2\/users\/2"}],"replies":[{"embeddable":true,"href":"https:\/\/www.europesays.com\/fr\/wp-json\/wp\/v2\/comments?post=309100"}],"version-history":[{"count":0,"href":"https:\/\/www.europesays.com\/fr\/wp-json\/wp\/v2\/posts\/309100\/revisions"}],"wp:featuredmedia":[{"embeddable":true,"href":"https:\/\/www.europesays.com\/fr\/wp-json\/wp\/v2\/media\/15273"}],"wp:attachment":[{"href":"https:\/\/www.europesays.com\/fr\/wp-json\/wp\/v2\/media?parent=309100"}],"wp:term":[{"taxonomy":"category","embeddable":true,"href":"https:\/\/www.europesays.com\/fr\/wp-json\/wp\/v2\/categories?post=309100"},{"taxonomy":"post_tag","embeddable":true,"href":"https:\/\/www.europesays.com\/fr\/wp-json\/wp\/v2\/tags?post=309100"}],"curies":[{"name":"wp","href":"https:\/\/api.w.org\/{rel}","templated":true}]}}