{"id":309105,"date":"2025-08-10T09:12:11","date_gmt":"2025-08-10T09:12:11","guid":{"rendered":"https:\/\/www.europesays.com\/fr\/309105\/"},"modified":"2025-08-10T09:12:11","modified_gmt":"2025-08-10T09:12:11","slug":"466-manifestants-arretes-lors-dun-rassemblement-en-soutien-au-groupe-palestine-action","status":"publish","type":"post","link":"https:\/\/www.europesays.com\/fr\/309105\/","title":{"rendered":"466 manifestants arr\u00eat\u00e9s lors d\u2019un rassemblement en soutien au groupe Palestine Action"},"content":{"rendered":"<p>466 partisans de l\u2019organisation <a href=\"https:\/\/www.20minutes.fr\/monde\/royaume-uni\/4163420-20250712-royaume-uni-nouvelles-arrestations-partisans-groupe-interdit-palestine-action\" target=\"_blank\" class=\"color-ultramarine c-link\" rel=\"noopener\">Palestine Action<\/a> ont \u00e9t\u00e9 arr\u00eat\u00e9s samedi 9\u00a0ao\u00fbt \u00e0 <a href=\"https:\/\/www.20minutes.fr\/dossier\/londres\" target=\"_blank\" class=\"color-ultramarine c-link\" rel=\"noopener\">Londres<\/a> au cours d\u2019une manifestation de soutien. Le r\u00e9seau propalestinien interdit depuis d\u00e9but juillet est class\u00e9 \u00ab\u00a0organisation terroriste\u00a0\u00bb.<\/p>\n<p>La police londonienne a proc\u00e9d\u00e9 \u00e0 ces interpellations pour \u00ab\u00a0soutien \u00e0 une organisation interdite\u00a0\u00bb. Pour la capitale, il s\u2019agit d\u2019un des plus grands nombres d\u2019interpellation pendant une seule manifestation. Les forces de l\u2019ordre ont pr\u00e9cis\u00e9 avoir arr\u00eat\u00e9 ou \u00eatre \u00ab\u00a0en train de le faire\u00a0\u00bb toutes les personnes ayant brandi la pancarte \u00ab\u00a0Je m\u2019oppose au g\u00e9nocide, je soutiens Palestine Action\u00a0\u00bb. Sur place, des manifestants ont port\u00e9 d\u2019autres pancartes comme \u00ab\u00a0Agir contre le g\u00e9nocide n\u2019est pas un crime\u00a0\u00bb ou \u00ab\u00a0Free Palestine\u00a0\u00bb.<\/p>\n<p>\u00ab\u00a0Qu\u2019ils nous arr\u00eatent tous\u00a0\u00bb<\/p>\n<p>\u00ab\u00a0Ce gouvernement est all\u00e9 trop loin. Je n\u2019ai rien \u00e0 me reprocher\u00a0\u00bb, a d\u00e9clar\u00e9 Richard Bull, un Londonien de 42 ans dans un fauteuil roulant, \u00ab\u00a0Qu\u2019ils nous arr\u00eatent tous\u00a0\u00bb. De nombreux drapeaux palestiniens \u00e9taient visibles dans la foule, \u00e0 quelques pas de laquelle \u00e9taient align\u00e9es des voitures de police.<\/p>\n<p>Les forces de l\u2019ordre avaient mis en garde les participants contre les \u00ab\u00a0potentielles cons\u00e9quences p\u00e9nales\u00a0\u00bb de leurs actes. Les personnes arr\u00eat\u00e9es n\u2019ont pas oppos\u00e9 de r\u00e9sistance, beaucoup formant un \u00ab\u00a0V\u00a0\u00bb de la victoire avec leurs doigts, sous les applaudissements d\u2019autres manifestants.<\/p>\n<p>Une prochaine vague d\u2019actions pr\u00e9vue en septembre<\/p>\n<p>Palestine Action a \u00e9t\u00e9 ajout\u00e9e d\u00e9but juillet \u00e0 la liste des organisations consid\u00e9r\u00e9es comme \u00ab\u00a0terroristes\u00a0\u00bb au <a href=\"https:\/\/www.20minutes.fr\/monde\/royaume-uni\/\" target=\"_blank\" class=\"color-ultramarine c-link\" rel=\"noopener\">Royaume-Uni<\/a>, apr\u00e8s des actes de vandalisme perp\u00e9tr\u00e9s par ses militants, notamment sur une base de l\u2019arm\u00e9e de l\u2019air. Le groupe Defend Our Juries organise depuis des manifestations pour protester contre cette interdiction, jug\u00e9e \u00ab\u00a0disproportionn\u00e9e\u00a0\u00bb par l\u2019ONU.<\/p>\n<p>\u00ab\u00a0Nous continuerons tant que le gouvernement tentera de faire taire ceux qui d\u00e9noncent sa complicit\u00e9 dans des crimes de guerre\u00a0\u00bb, a r\u00e9agi Defend Our Juries dans un communiqu\u00e9. \u00ab\u00a0Nous sommes d\u00e9j\u00e0 de plus en plus nombreux \u00e0 nous pr\u00e9parer pour la prochaine vague d\u2019actions en septembre\u00a0\u00bb.<\/p>\n<p>\u00ab\u00a0L\u2019arrestation de manifestants par ailleurs pacifiques constitue une violation des obligations internationales du Royaume-Uni de prot\u00e9ger les droits \u00e0 la libert\u00e9 d\u2019expression et de r\u00e9union\u00a0\u00bb, a d\u00e9nonc\u00e9 l\u2019ONG <a href=\"https:\/\/www.20minutes.fr\/monde\/amnesty_international\/\" target=\"_blank\" class=\"color-ultramarine c-link\" rel=\"noopener\">Amnesty International<\/a> samedi sur X. Le gouvernement britannique affirme que les sympathisants de Palestine Action \u00ab\u00a0ne connaissent pas la vraie nature\u00a0\u00bb de ce mouvement. \u00ab\u00a0Ce n\u2019est pas une organisation non violente\u00a0\u00bb, a assur\u00e9 la ministre de l\u2019Int\u00e9rieur Yvette Cooper, disant disposer d&rsquo;\u00ab\u00a0informations inqui\u00e9tantes\u00a0\u00bb sur ses projets.<\/p>\n<p>Jusqu\u2019\u00e0 six mois de prison<\/p>\n<p>Plus de 200 de <a href=\"https:\/\/www.20minutes.fr\/monde\/israel\/4119295-20241103-guerre-proche-orient-militants-pro-palestine-volent-bustes-president-israelien-manchester\" target=\"_blank\" class=\"color-ultramarine c-link\" rel=\"noopener\">ses partisans<\/a> avaient d\u00e9j\u00e0 \u00e9t\u00e9 interpell\u00e9s avant la manifestation de samedi, selon Tim Crosland, un repr\u00e9sentant de Defend Our Juries. Trois personnes ont \u00e9t\u00e9 inculp\u00e9es en vertu de la loi antiterroriste jeudi pour avoir exprim\u00e9 leur soutien \u00e0 Palestine Action, une infraction passible de jusqu\u2019\u00e0 six mois de prison. L\u2019appartenance \u00e0 un groupe interdit ou l\u2019incitation \u00e0 le soutenir peut quant \u00e0 elle valoir jusqu\u2019\u00e0 14 ans de prison.<\/p>\n<\/p>\n<p>L\u2019interdiction de Palestine Action a donn\u00e9 lieu \u00e0 une action en justice entam\u00e9e par Huda Ammori, cofondatrice en\u00a02020 de cette organisation qui se pr\u00e9sentait comme un \u00ab\u00a0r\u00e9seau d\u2019action directe\u00a0\u00bb visant \u00e0 d\u00e9noncer \u00ab\u00a0la complicit\u00e9 britannique\u00a0\u00bb avec l\u2019Etat d\u2019Isra\u00ebl, en particulier sur la question des ventes d\u2019armes. La justice britannique doit examiner ce recours en novembre.<\/p>\n","protected":false},"excerpt":{"rendered":"466 partisans de l\u2019organisation Palestine Action ont \u00e9t\u00e9 arr\u00eat\u00e9s samedi 9\u00a0ao\u00fbt \u00e0 Londres au cours d\u2019une manifestation de&hellip;\n","protected":false},"author":2,"featured_media":309106,"comment_status":"","ping_status":"","sticky":false,"template":"","format":"standard","meta":{"footnotes":""},"categories":[1588],"tags":[47,11,3259,1777,674,4534,1272,74,12,3518,473,1853,1851,1850,1852],"class_list":{"0":"post-309105","1":"post","2":"type-post","3":"status-publish","4":"format-standard","5":"has-post-thumbnail","7":"category-royaume-uni","8":"tag-actualite","9":"tag-actualites","10":"tag-conflit-israelo-palestinien","11":"tag-eu","12":"tag-europe","13":"tag-londres","14":"tag-manifestations","15":"tag-monde","16":"tag-news","17":"tag-palestine","18":"tag-royaume-uni","19":"tag-royaume-uni-de-grande-bretagne-et-dirlande-du-nord","20":"tag-uk","21":"tag-united-kingdom","22":"tag-united-kingdom-of-great-britain-and-northern-ireland"},"share_on_mastodon":{"url":"https:\/\/pubeurope.com\/@fr\/115003702896599073","error":""},"_links":{"self":[{"href":"https:\/\/www.europesays.com\/fr\/wp-json\/wp\/v2\/posts\/309105","targetHints":{"allow":["GET"]}}],"collection":[{"href":"https:\/\/www.europesays.com\/fr\/wp-json\/wp\/v2\/posts"}],"about":[{"href":"https:\/\/www.europesays.com\/fr\/wp-json\/wp\/v2\/types\/post"}],"author":[{"embeddable":true,"href":"https:\/\/www.europesays.com\/fr\/wp-json\/wp\/v2\/users\/2"}],"replies":[{"embeddable":true,"href":"https:\/\/www.europesays.com\/fr\/wp-json\/wp\/v2\/comments?post=309105"}],"version-history":[{"count":0,"href":"https:\/\/www.europesays.com\/fr\/wp-json\/wp\/v2\/posts\/309105\/revisions"}],"wp:featuredmedia":[{"embeddable":true,"href":"https:\/\/www.europesays.com\/fr\/wp-json\/wp\/v2\/media\/309106"}],"wp:attachment":[{"href":"https:\/\/www.europesays.com\/fr\/wp-json\/wp\/v2\/media?parent=309105"}],"wp:term":[{"taxonomy":"category","embeddable":true,"href":"https:\/\/www.europesays.com\/fr\/wp-json\/wp\/v2\/categories?post=309105"},{"taxonomy":"post_tag","embeddable":true,"href":"https:\/\/www.europesays.com\/fr\/wp-json\/wp\/v2\/tags?post=309105"}],"curies":[{"name":"wp","href":"https:\/\/api.w.org\/{rel}","templated":true}]}}