{"id":309107,"date":"2025-08-10T09:13:30","date_gmt":"2025-08-10T09:13:30","guid":{"rendered":"https:\/\/www.europesays.com\/fr\/309107\/"},"modified":"2025-08-10T09:13:30","modified_gmt":"2025-08-10T09:13:30","slug":"defense-infrastructures-le-parlement-approuve-une-reforme-du-frein-a-lendettement","status":"publish","type":"post","link":"https:\/\/www.europesays.com\/fr\/309107\/","title":{"rendered":"D\u00e9fense, infrastructures : le Parlement approuve une r\u00e9forme du frein \u00e0 l\u2019endettement"},"content":{"rendered":"<p class=\"rte__paragraph\">Le futur gouvernement allemand disposera des marges de man\u0153uvre budg\u00e9taires n\u00e9cessaires pour investir dans la s\u00e9curit\u00e9 et les infrastructures. Le Parlement a vot\u00e9 cette semaine un assouplissement du frein constitutionnel \u00e0 l\u2019endettement pour ces deux domaines. <\/p>\n<p class=\"rte__paragraph\">Une majorit\u00e9 des deux tiers \u00e9tait requise car le texte contient plusieurs amendements constitutionnels. Le frein \u00e0 l\u2019endettement, qui plafonne le recours au cr\u00e9dit des pouvoirs publics, est, en effet, inscrit dans la Constitution allemande depuis 2009. Au Bundestag, 512 d\u00e9put\u00e9s ont vot\u00e9 mardi en faveur de l\u2019assouplissement, et 206 contre. Au Bundesrat, ce vendredi, il a recueilli 53 voix sur 69.<\/p>\n<p><strong class=\"rte__strong\">Renforcement des capacit\u00e9s de d\u00e9fense <\/strong><\/p>\n<p class=\"rte__paragraph\">Le texte comporte trois points essentiels. Premi\u00e8rement, les d\u00e9penses de d\u00e9fense et de s\u00e9curit\u00e9 ne seront plus soumises au frein \u00e0 l\u2019endettement au-del\u00e0 de 1 % du produit int\u00e9rieur brut (PIB). Cela concerne les d\u00e9penses d\u00e9volues \u00e0 la Bundeswehr, mais \u00e9galement \u00e0 la protection civile, au Renseignement, \u00e0 la protection des syst\u00e8mes informatiques et au soutien aux pays subissant une agression en violation du droit international, tels que l\u2019Ukraine. <\/p>\n<p class=\"rte__paragraph\">Cette r\u00e8gle d\u2019exception va permettre \u00e0 l\u2019Allemagne d\u2019accro\u00eetre ses capacit\u00e9s de d\u00e9fense au niveau national et dans le cadre de l\u2019OTAN face \u00e0 la d\u00e9gradation de l\u2019environnement g\u00e9opolitique. Ce faisant, l\u2019Allemagne prend au s\u00e9rieux sa responsabilit\u00e9 pour la s\u00e9curit\u00e9 pour la s\u00e9curit\u00e9 de l\u2019Europe. <\/p>\n<p><strong class=\"rte__strong\">Un fonds sp\u00e9cial de 500 milliards d\u2019euros pour les infrastructures <\/strong><\/p>\n<p class=\"rte__paragraph\">Deuxi\u00e8mement, le texte pr\u00e9voit la cr\u00e9ation d\u2019un fonds sp\u00e9cial de 500 milliards d\u2019euros pour financer des investissements dans les infrastructures et la protection du climat. 100 milliards d\u2019euros seront r\u00e9serv\u00e9s aux l\u00e4nder. Une autre tranche de 100 milliards d\u2019euros abondera le Fonds pour le climat et la transformation, avec pour objectif d\u2019atteindre la neutralit\u00e9 climatique en 2045. <\/p>\n<p class=\"rte__paragraph\">Les moyens seront disponibles sur une dur\u00e9e de douze ans. Ce fonds sp\u00e9cial va permettre \u00e0 l\u2019Allemagne de moderniser ses infrastructures de mani\u00e8re cibl\u00e9e pour assurer \u00e0 long terme sa comp\u00e9titivit\u00e9 et sa prosp\u00e9rit\u00e9. Il respecte les r\u00e8gles budg\u00e9taires europ\u00e9ennes. Il contribuera \u00e9galement \u00e0 renforcer la r\u00e9silience de l\u2019\u00e9conomie europ\u00e9enne. <\/p>\n<p class=\"rte__paragraph\">Troisi\u00e8mement, le texte assouplit le frein \u00e0 l\u2019endettement pour les l\u00e4nder. Ces derniers sont actuellement priv\u00e9s de possibilit\u00e9s d\u2019endettement par le m\u00e9canisme constitutionnel cr\u00e9\u00e9 en 2009. Ils se voient octroyer une possibilit\u00e9 d\u2019endettement ind\u00e9pendamment de l\u2019\u00e9tat de la conjoncture. Celle-ci sera plafonn\u00e9e \u00e0 0,35 % du PIB, comme elle l\u2019est, et le restera pour l\u2019\u00c9tat f\u00e9d\u00e9ral. <\/p>\n<p class=\"rte__paragraph\">A.L.<\/p>\n","protected":false},"excerpt":{"rendered":"Le futur gouvernement allemand disposera des marges de man\u0153uvre budg\u00e9taires n\u00e9cessaires pour investir dans la s\u00e9curit\u00e9 et les&hellip;\n","protected":false},"author":2,"featured_media":309108,"comment_status":"","ping_status":"","sticky":false,"template":"","format":"standard","meta":{"footnotes":""},"categories":[1587],"tags":[11,672,1804,1805,1803,1777,674,1801,12,1802],"class_list":{"0":"post-309107","1":"post","2":"type-post","3":"status-publish","4":"format-standard","5":"has-post-thumbnail","7":"category-allemagne","8":"tag-actualites","9":"tag-allemagne","10":"tag-bundesrepublik-deutschland","11":"tag-de","12":"tag-deutschland","13":"tag-eu","14":"tag-europe","15":"tag-germany","16":"tag-news","17":"tag-republique-federale-dallemagne"},"share_on_mastodon":{"url":"https:\/\/pubeurope.com\/@fr\/115003706853320112","error":""},"_links":{"self":[{"href":"https:\/\/www.europesays.com\/fr\/wp-json\/wp\/v2\/posts\/309107","targetHints":{"allow":["GET"]}}],"collection":[{"href":"https:\/\/www.europesays.com\/fr\/wp-json\/wp\/v2\/posts"}],"about":[{"href":"https:\/\/www.europesays.com\/fr\/wp-json\/wp\/v2\/types\/post"}],"author":[{"embeddable":true,"href":"https:\/\/www.europesays.com\/fr\/wp-json\/wp\/v2\/users\/2"}],"replies":[{"embeddable":true,"href":"https:\/\/www.europesays.com\/fr\/wp-json\/wp\/v2\/comments?post=309107"}],"version-history":[{"count":0,"href":"https:\/\/www.europesays.com\/fr\/wp-json\/wp\/v2\/posts\/309107\/revisions"}],"wp:featuredmedia":[{"embeddable":true,"href":"https:\/\/www.europesays.com\/fr\/wp-json\/wp\/v2\/media\/309108"}],"wp:attachment":[{"href":"https:\/\/www.europesays.com\/fr\/wp-json\/wp\/v2\/media?parent=309107"}],"wp:term":[{"taxonomy":"category","embeddable":true,"href":"https:\/\/www.europesays.com\/fr\/wp-json\/wp\/v2\/categories?post=309107"},{"taxonomy":"post_tag","embeddable":true,"href":"https:\/\/www.europesays.com\/fr\/wp-json\/wp\/v2\/tags?post=309107"}],"curies":[{"name":"wp","href":"https:\/\/api.w.org\/{rel}","templated":true}]}}