{"id":309110,"date":"2025-08-10T09:15:11","date_gmt":"2025-08-10T09:15:11","guid":{"rendered":"https:\/\/www.europesays.com\/fr\/309110\/"},"modified":"2025-08-10T09:15:11","modified_gmt":"2025-08-10T09:15:11","slug":"boxe-une-nouvelle-dechirante-un-jour-apres-un-deuxieme-boxeur-japonais-decede-de-ses-blessures-les-combats-avaient-eu-lieu-la-meme-soiree","status":"publish","type":"post","link":"https:\/\/www.europesays.com\/fr\/309110\/","title":{"rendered":"Boxe\u00a0: \u00ab\u00a0Une nouvelle d\u00e9chirante\u2026\u00a0\u00bb Un jour apr\u00e8s, un deuxi\u00e8me boxeur japonais d\u00e9c\u00e8de de ses blessures, les combats avaient eu lieu la m\u00eame soir\u00e9e"},"content":{"rendered":"<p>\n                                                                    l&rsquo;essentiel<br \/>\n                                                                Le 2\u00a0ao\u00fbt, Hiromasa Urakawa a perdu son combat par KO Le 9\u00a0ao\u00fbt, son d\u00e9c\u00e8s a \u00e9t\u00e9 officialis\u00e9, \u00e0 peine plus de 24\u00a0heures apr\u00e8s l\u2019annonce de la disparition de\u00a0Shigetoshi Kotari, qui a succomb\u00e9 \u00e0 ses blessures apr\u00e8s un combat disput\u00e9 le m\u00eame soir.\n                            <\/p>\n<p>Le mauvais clin d\u2019\u0153il de l\u2019univers. L\u2019organisation mondiale de la boxe (WBO) a annonc\u00e9 dans un communiqu\u00e9 le 9\u00a0ao\u00fbt le d\u00e9c\u00e8s de\u00a0Hiromasa Urakawa apr\u00e8s un combat disput\u00e9 le 2\u00a0ao\u00fbt dernier au\u00a0Korakuen Hall de Tokyo. La WBO a parl\u00e9 d\u2019une \u00ab\u00a0nouvelle d\u00e9chirante\u00a0\u00bb, adressant ses condol\u00e9ances \u00e0 la famille du boxeur. Le d\u00e9c\u00e8s du Japonais de 28 ans intervient surtout \u00e0 peine 24\u00a0heures apr\u00e8s l\u2019annonce de <a href=\"https:\/\/www.ladepeche.fr\/2025\/08\/09\/un-guerrier-sur-le-ring-un-boxeur-de-28-ans-meurt-tragiquement-six-jours-apres-avoir-perdu-connaissance-lors-dun-combat-12868344.php\" target=\"_self\" rel=\"nofollow noopener\">la mort du boxeur\u00a0Shigetoshi Kotari<\/a>, qui combattait au m\u00eame endroit le m\u00eame soir.<\/p>\n<p class=\"std-elt__inline\">\n        <strong>\u00c0 lire aussi :<\/strong><br \/>\n        <a href=\"https:\/\/www.ladepeche.fr\/2025\/07\/29\/dopage-un-champion-olympique-de-boxe-des-jeux-de-paris-2024-controle-positif-et-suspendu-provisoirement-12850522.php\" rel=\"nofollow noopener\" target=\"_blank\">Dopage\u00a0: un champion olympique de boxe des Jeux de Paris 2024 contr\u00f4l\u00e9 positif et suspendu provisoirement<\/a>\n    <\/p>\n<blockquote data-class=\"twitter-tweet\">\n<p lang=\"en\" dir=\"ltr\">The WBO mourns the passing of Japanese boxer Hiromasa Urakawa, who tragically succumbed to injuries sustained during his fight against Yoji Saito on August 2 at Korakuen Hall in Tokyo.<\/p>\n<p>This heartbreaking news comes just days after the passing of Shigetoshi Kotari, who died from\u2026 <a href=\"https:\/\/t.co\/CDzoSmKU2d\" rel=\"nofollow\">pic.twitter.com\/CDzoSmKU2d<\/a><\/p>\n<p>\u2014 WBO (@WorldBoxingOrg) <a href=\"https:\/\/twitter.com\/WorldBoxingOrg\/status\/1954273078545981754?ref_src=twsrc%5Etfw\" rel=\"nofollow noopener\" target=\"_blank\">August 9, 2025<\/a><\/p><\/blockquote>\n<p>Si les circonstances sont diff\u00e9rentes, les similitudes entre les deux disparitions ont de quoi troubler. Les deux combattants japonais \u00e2g\u00e9s de 28 ans\u00a0ont subi des op\u00e9rations pour un h\u00e9matome sous-dural, ou saignement \u00e0 l\u2019int\u00e9rieur du cr\u00e2ne. Ils avaient tous deux subi des l\u00e9sions c\u00e9r\u00e9brales lors de leurs combats. Si\u00a0Shigetoshi Kotari avait perdu connaissance \u00e0 la suite de son combat, Hiromasa Urakawa avait lui subi un KO face \u00e0\u00a0Yoji Saito.<\/p>\n<p>                                                                                                                                                                                                        <script async src=\"https:\/\/platform.twitter.com\/widgets.js\" charset=\"utf-8\"><\/script><\/p>\n","protected":false},"excerpt":{"rendered":"l&rsquo;essentiel Le 2\u00a0ao\u00fbt, Hiromasa Urakawa a perdu son combat par KO Le 9\u00a0ao\u00fbt, son d\u00e9c\u00e8s a \u00e9t\u00e9 officialis\u00e9,&hellip;\n","protected":false},"author":2,"featured_media":309111,"comment_status":"","ping_status":"","sticky":false,"template":"","format":"standard","meta":{"footnotes":""},"categories":[1586],"tags":[11,1777,674,1779,1011,27,12,25,1778,364],"class_list":{"0":"post-309110","1":"post","2":"type-post","3":"status-publish","4":"format-standard","5":"has-post-thumbnail","7":"category-europe","8":"tag-actualites","9":"tag-eu","10":"tag-europe","11":"tag-european-union","12":"tag-fr","13":"tag-france","14":"tag-news","15":"tag-republique-francaise","16":"tag-ue","17":"tag-union-europeenne"},"share_on_mastodon":{"url":"https:\/\/pubeurope.com\/@fr\/115003714773116125","error":""},"_links":{"self":[{"href":"https:\/\/www.europesays.com\/fr\/wp-json\/wp\/v2\/posts\/309110","targetHints":{"allow":["GET"]}}],"collection":[{"href":"https:\/\/www.europesays.com\/fr\/wp-json\/wp\/v2\/posts"}],"about":[{"href":"https:\/\/www.europesays.com\/fr\/wp-json\/wp\/v2\/types\/post"}],"author":[{"embeddable":true,"href":"https:\/\/www.europesays.com\/fr\/wp-json\/wp\/v2\/users\/2"}],"replies":[{"embeddable":true,"href":"https:\/\/www.europesays.com\/fr\/wp-json\/wp\/v2\/comments?post=309110"}],"version-history":[{"count":0,"href":"https:\/\/www.europesays.com\/fr\/wp-json\/wp\/v2\/posts\/309110\/revisions"}],"wp:featuredmedia":[{"embeddable":true,"href":"https:\/\/www.europesays.com\/fr\/wp-json\/wp\/v2\/media\/309111"}],"wp:attachment":[{"href":"https:\/\/www.europesays.com\/fr\/wp-json\/wp\/v2\/media?parent=309110"}],"wp:term":[{"taxonomy":"category","embeddable":true,"href":"https:\/\/www.europesays.com\/fr\/wp-json\/wp\/v2\/categories?post=309110"},{"taxonomy":"post_tag","embeddable":true,"href":"https:\/\/www.europesays.com\/fr\/wp-json\/wp\/v2\/tags?post=309110"}],"curies":[{"name":"wp","href":"https:\/\/api.w.org\/{rel}","templated":true}]}}