{"id":309118,"date":"2025-08-10T09:21:12","date_gmt":"2025-08-10T09:21:12","guid":{"rendered":"https:\/\/www.europesays.com\/fr\/309118\/"},"modified":"2025-08-10T09:21:12","modified_gmt":"2025-08-10T09:21:12","slug":"philippe-saint-andre-explique-pourquoi-il-a-decide-daller-entrainer-en-pro-d2","status":"publish","type":"post","link":"https:\/\/www.europesays.com\/fr\/309118\/","title":{"rendered":"Philippe Saint-Andr\u00e9 explique pourquoi il a d\u00e9cid\u00e9 d&rsquo;aller entra\u00eener en Pro D2 !"},"content":{"rendered":"<p>\u00c0 l\u2019aube d\u2019une saison de Pro D2 annonc\u00e9e comme particuli\u00e8rement relev\u00e9e, Philippe Saint-Andr\u00e9, le nouvel entra\u00eeneur de Provence Rugby affiche un m\u00e9lange d\u2019enthousiasme, d\u2019humilit\u00e9 et de d\u00e9termination.<\/p>\n<p>Arriv\u00e9 en Provence avec l\u2019ambition de faire franchir un cap au club, il s\u2019appr\u00eate \u00e0 vivre sa premi\u00e8re exp\u00e9rience en deuxi\u00e8me division, convaincu du potentiel de son groupe et du projet aixois.<\/p>\n<p><strong>Il revient dans les colonnes de Midi Olympique, sur son choix d\u2019accepter le challenge de Provence Rugby, l\u2019entra\u00eeneur explique :<\/strong><\/p>\n<p>\u00ab Je suis un homme de challenge et je connaissais depuis une dizaine d\u2019ann\u00e9es le pr\u00e9sident Denis Philipon, je connais \u00e9galement bien l\u2019ancien pr\u00e9sident Lucien Simon, j\u2019habite en Provence depuis dix-huit ans. Denis m\u2019avait d\u00e9j\u00e0 contact\u00e9 apr\u00e8s Montpellier mais \u00e0 l\u2019\u00e9poque, j\u2019avais besoin de calme pour recharger les accus et j\u2019avais d\u00e9clin\u00e9 son offre. Et puis l\u2019ann\u00e9e derni\u00e8re, les plan\u00e8tes \u00e9taient align\u00e9es pour que j\u2019accepte ce challenge. C\u2019est un gros challenge car je ne connais pas la deuxi\u00e8me division, je vais donc la d\u00e9couvrir. J\u2019arrive avec beaucoup d\u2019humilit\u00e9 et d\u2019enthousiasme \u00e9galement. \u00bb<\/p>\n","protected":false},"excerpt":{"rendered":"\u00c0 l\u2019aube d\u2019une saison de Pro D2 annonc\u00e9e comme particuli\u00e8rement relev\u00e9e, Philippe Saint-Andr\u00e9, le nouvel entra\u00eeneur de Provence&hellip;\n","protected":false},"author":2,"featured_media":309119,"comment_status":"","ping_status":"","sticky":false,"template":"","format":"standard","meta":{"footnotes":""},"categories":[1416],"tags":[1011,27,479,1468,60],"class_list":{"0":"post-309118","1":"post","2":"type-post","3":"status-publish","4":"format-standard","5":"has-post-thumbnail","7":"category-rugby","8":"tag-fr","9":"tag-france","10":"tag-rugby","11":"tag-rugby-football","12":"tag-sports"},"share_on_mastodon":{"url":"https:\/\/pubeurope.com\/@fr\/115003738248774395","error":""},"_links":{"self":[{"href":"https:\/\/www.europesays.com\/fr\/wp-json\/wp\/v2\/posts\/309118","targetHints":{"allow":["GET"]}}],"collection":[{"href":"https:\/\/www.europesays.com\/fr\/wp-json\/wp\/v2\/posts"}],"about":[{"href":"https:\/\/www.europesays.com\/fr\/wp-json\/wp\/v2\/types\/post"}],"author":[{"embeddable":true,"href":"https:\/\/www.europesays.com\/fr\/wp-json\/wp\/v2\/users\/2"}],"replies":[{"embeddable":true,"href":"https:\/\/www.europesays.com\/fr\/wp-json\/wp\/v2\/comments?post=309118"}],"version-history":[{"count":0,"href":"https:\/\/www.europesays.com\/fr\/wp-json\/wp\/v2\/posts\/309118\/revisions"}],"wp:featuredmedia":[{"embeddable":true,"href":"https:\/\/www.europesays.com\/fr\/wp-json\/wp\/v2\/media\/309119"}],"wp:attachment":[{"href":"https:\/\/www.europesays.com\/fr\/wp-json\/wp\/v2\/media?parent=309118"}],"wp:term":[{"taxonomy":"category","embeddable":true,"href":"https:\/\/www.europesays.com\/fr\/wp-json\/wp\/v2\/categories?post=309118"},{"taxonomy":"post_tag","embeddable":true,"href":"https:\/\/www.europesays.com\/fr\/wp-json\/wp\/v2\/tags?post=309118"}],"curies":[{"name":"wp","href":"https:\/\/api.w.org\/{rel}","templated":true}]}}