{"id":30912,"date":"2025-04-17T05:34:08","date_gmt":"2025-04-17T05:34:08","guid":{"rendered":"https:\/\/www.europesays.com\/fr\/30912\/"},"modified":"2025-04-17T05:34:08","modified_gmt":"2025-04-17T05:34:08","slug":"enquete-circonstances-ce-que-lon-sait-de-laccident-sur-le-chantier-de-la-ligne-c-du-metro-de-toulouse","status":"publish","type":"post","link":"https:\/\/www.europesays.com\/fr\/30912\/","title":{"rendered":"Enqu\u00eate, circonstances\u2026 Ce que l&rsquo;on sait de l&rsquo;accident sur le chantier de la ligne C du m\u00e9tro de Toulouse"},"content":{"rendered":"<p>            Par<br \/>\n        <strong><br \/>\n            <a href=\"https:\/\/actu.fr\/auteur\/marie-lamarque\" title=\"Consulter tous les articles de Marie Lamarque\" target=\"_blank\" rel=\"noopener\">Marie Lamarque<\/a><br \/>\n        <\/strong><\/p>\n<p>        Publi\u00e9 le<\/p>\n<p>            16 avr. 2025 \u00e0 17h17        <\/p>\n<p>Que s\u2019est-il pass\u00e9 sur <a href=\"https:\/\/actu.fr\/occitanie\/toulouse_31555\/grave-accident-sur-le-chantier-de-la-ligne-c-du-metro-de-toulouse-un-ouvrier-blesse_62516362.html\" target=\"_blank\" rel=\"noopener\">le chantier de la future station des Sept-Deniers<\/a>\u2009? Des pompiers sp\u00e9cialis\u00e9s ont \u00e9t\u00e9 mobilis\u00e9s pour porter secours \u00e0 un <strong>ouvrier, \u00e2g\u00e9 de 58\u00a0ans, gravement bless\u00e9<\/strong>. Ce mardi 15\u00a0avril 2025,<strong> un nouvel accident<\/strong> s\u2019est produit dans le cadre des travaux de la <a href=\"https:\/\/actu.fr\/tag\/ligne-c-du-metro-de-toulouse\" target=\"_blank\" rel=\"noopener\">ligne C du m\u00e9tro<\/a> \u00e0\u00a0<a href=\"https:\/\/actu.fr\/toulouse\/\" target=\"_blank\" rel=\"noopener\"><strong>Toulouse<\/strong><\/a>. Rappelons qu\u2019il y a plus d\u2019un an, <a href=\"https:\/\/actu.fr\/occitanie\/toulouse_31555\/toulouse-accident-mortel-sur-le-chantier-du-metro-ce-qu-il-s-est-passe_60778198.html\" target=\"_blank\" rel=\"noopener\">le 4\u00a0mars 2024<\/a>, la chute d\u2019une partie du tablier du viaduc du m\u00e9tro \u00e0 Lab\u00e8ge avait d\u00e9j\u00e0 provoqu\u00e9<strong> la mort d\u2019un travailleur<\/strong>.<\/p>\n<p class=\" wall-content\">Au lendemain des faits, que sait-on des circonstances\u2009?<\/p>\n<p>#1. Secours mobilis\u00e9s \u00e0 12\u00a0m\u00e8tres de profondeur<\/p>\n<p class=\" wall-content\">Les secours ont \u00e9t\u00e9 mobilis\u00e9s aux alentours de 17h15 ce mardi. L\u2019ouvrier travaillait en sous-sol, <strong>\u00e0 12\u00a0m\u00e8tres de profondeur<\/strong>, o\u00f9 se construit <a href=\"https:\/\/actu.fr\/occitanie\/toulouse_31555\/toulouse-ligne-c-du-metro-ce-qui-est-prevu-autour-de-la-station-7-deniers-stade-toulousain_61096049.html\" target=\"_blank\" rel=\"noopener\">la future station des Sept-Deniers<\/a> qui permettra notamment de rejoindre plus facilement le stade Ernest-Wallon les jours de match.<\/p>\n<p>    <a href=\"https:\/\/www.google.com\/maps\/embed?pb=!1m18!1m12!1m3!1d5776.369018229604!2d1.406146541086742!3d43.62351855092365!2m3!1f0!2f0!3f0!3m2!1i1024!2i768!4f13.1!3m3!1m2!1s0x12aebb4ab8d8a7df%3A0x1a69c582de46d3dd!2sSept%20Deniers%20%E2%80%94%20Stade%20Toulousain%20%7C%20Future%20station%20de%20m%C3%A9tro!5e0!3m2!1sfr!2sfr!4v1744796414639!5m2!1sfr!2sfr\" title=\"Ouvrie le lien\" target=\"_blank\" rel=\"noopener\">Cliquez ici pour visualiser le contenu<\/a><\/p>\n<p class=\" wall-content\">Des sp\u00e9cialistes \u00ab\u2009de secours en milieu p\u00e9rilleux\u2009\u00bb ont \u00e9t\u00e9 mobilis\u00e9s pour cette \u00ab\u2009intervention technique\u2009\u00bb, a inform\u00e9 le Service d\u00e9partemental d\u2019incendie et de secours (SDIS) de la Haute-Garonne.<\/p>\n<p>#2. Ce que l\u2019on sait sur les circonstances<\/p>\n<p class=\" wall-content\">Quelles sont les circonstances de cet accident\u2009? Selon les pompiers, l\u2019ouvrier a \u00e9t\u00e9 gravement bless\u00e9 apr\u00e8s <strong>une chute de mat\u00e9riaux<\/strong>. D\u2019apr\u00e8s les derni\u00e8res informations de Tiss\u00e9o, ces mat\u00e9riaux seraient tomb\u00e9s <strong>\u00e0 l\u2019int\u00e9rieur du tunnel.<\/strong><\/p>\n<p>#3. Dans quel \u00e9tat se trouve l\u2019ouvrier\u2009?<\/p>\n<p class=\" wall-content\">Gravement atteint, l\u2019ouvrier \u00e2g\u00e9 de 58\u00a0ans a \u00e9t\u00e9 <strong>transport\u00e9 vers le CHU de Toulouse<\/strong>. Contact\u00e9 par Actu Toulouse, Tiss\u00e9o, l\u2019op\u00e9rateur des transports en commun de la Ville rose, avait pr\u00e9cis\u00e9, ce mardi soir, qu\u2019il \u00e9tait \u00ab\u2009arriv\u00e9 \u00e0 l\u2019h\u00f4pital en \u00e9tat de conscience\u2009\u00bb.<\/p>\n<p class=\" wall-content\">Au lendemain de cet <strong>accident du travail,<\/strong> Tiss\u00e9o ajoute qu\u2019il est \u00ab\u2009pris en charge par les services de sant\u00e9\u2009\u00bb, sans pouvoir donner plus de pr\u00e9cisions sur son \u00e9tat. Selon une source d\u2019Actu Toulouse, les derni\u00e8res nouvelles seraient bonnes.<\/p>\n<p class=\" wall-content\">Tiss\u00e9o, de son c\u00f4t\u00e9, a indiqu\u00e9 avoir \u00ab\u2009une pens\u00e9e pour le compagnon accident\u00e9, sa famille et ses collaborateurs qui travaillent au quotidien avec lui\u2009\u00bb.<\/p>\n<p>#4. Une enqu\u00eate ouverte<\/p>\n<p class=\" wall-content\">Que s\u2019est-il pass\u00e9, pr\u00e9cis\u00e9ment, \u00e0 l\u2019int\u00e9rieur de ce tunnel du futur m\u00e9tro\u2009? Les investigations ne font que d\u00e9buter et il est encore trop t\u00f4t pour le d\u00e9terminer. Une source polici\u00e8re d\u2019Actu Toulouse parle d\u2019un morceau de b\u00e9ton tomb\u00e9. Mais d\u2019o\u00f9 provenait-il\u2009? Quel \u00e9tait-il exactement\u2009? Comment est-il tomb\u00e9 et pour quelle raison\u2009? Une autre personne \u00e9tait-elle impliqu\u00e9e\u2009?<\/p>\n<p class=\" wall-content\">Les recherches sont lanc\u00e9es. \u00ab\u2009<strong>Une enqu\u00eate a \u00e9t\u00e9 ouverte pour<\/strong> <strong>blessures involontaires<\/strong>\u2009\u00bb, indique de son c\u00f4t\u00e9 le parquet de Toulouse, contact\u00e9 par <a href=\"http:\/\/www.actu.fr\/toulouse\" target=\"_blank\" rel=\"noopener\">Actu Toulouse.<\/a><\/p>\n<p>#5. Le chantier en partie interrompu<\/p>\n<p class=\" wall-content\">Dans le cadre de cette enqu\u00eate, la zone dans laquelle s\u2019est produit l\u2019accident a \u00e9t\u00e9 mise en s\u00e9curit\u00e9. \u00ab\u2009<strong>Le chantier y est interrompu<\/strong> localement afin de proc\u00e9der aux constatations qui permettront de d\u00e9terminer l\u2019origine de l\u2019accident\u2009\u00bb, pr\u00e9cise Tiss\u00e9o.<\/p>\n<p>Avec Mar\u00e9va Laville<\/p>\n<p class=\" wall-content\">Suivez toute l\u2019actualit\u00e9 de vos villes et m\u00e9dias favoris en vous inscrivant \u00e0 <a href=\"https:\/\/moncompte.actu.fr\" title=\"D\u00e9couvez Mon Actu\" rel=\"nofollow noopener\" data-trk=\"{&quot;cta&quot;:{&quot;action&quot;:&quot;https:\\\/\\\/moncompte.actu.fr&quot;,&quot;category&quot;:&quot;mon compte&quot;,&quot;from&quot;:&quot;article footer&quot;,&quot;name&quot;:&quot;Mon actu&quot;,&quot;type&quot;:&quot;cta&quot;}}\" target=\"_blank\">Mon Actu<\/a>.<\/p>\n","protected":false},"excerpt":{"rendered":"Par Marie Lamarque Publi\u00e9 le 16 avr. 2025 \u00e0 17h17 Que s\u2019est-il pass\u00e9 sur le chantier de la&hellip;\n","protected":false},"author":2,"featured_media":30913,"comment_status":"","ping_status":"","sticky":false,"template":"","format":"standard","meta":{"footnotes":""},"categories":[2816],"tags":[119,1111,11,1777,674,118,1011,27,5224,10596,12,2680,25,2312],"class_list":{"0":"post-30912","1":"post","2":"type-post","3":"status-publish","4":"format-standard","5":"has-post-thumbnail","7":"category-toulouse","8":"tag-accident","9":"tag-actu","10":"tag-actualites","11":"tag-eu","12":"tag-europe","13":"tag-faits-divers","14":"tag-fr","15":"tag-france","16":"tag-ligne-c-du-metro-de-toulouse","17":"tag-metro-de-toulouse","18":"tag-news","19":"tag-occitanie","20":"tag-republique-francaise","21":"tag-toulouse"},"share_on_mastodon":{"url":"","error":""},"_links":{"self":[{"href":"https:\/\/www.europesays.com\/fr\/wp-json\/wp\/v2\/posts\/30912","targetHints":{"allow":["GET"]}}],"collection":[{"href":"https:\/\/www.europesays.com\/fr\/wp-json\/wp\/v2\/posts"}],"about":[{"href":"https:\/\/www.europesays.com\/fr\/wp-json\/wp\/v2\/types\/post"}],"author":[{"embeddable":true,"href":"https:\/\/www.europesays.com\/fr\/wp-json\/wp\/v2\/users\/2"}],"replies":[{"embeddable":true,"href":"https:\/\/www.europesays.com\/fr\/wp-json\/wp\/v2\/comments?post=30912"}],"version-history":[{"count":0,"href":"https:\/\/www.europesays.com\/fr\/wp-json\/wp\/v2\/posts\/30912\/revisions"}],"wp:featuredmedia":[{"embeddable":true,"href":"https:\/\/www.europesays.com\/fr\/wp-json\/wp\/v2\/media\/30913"}],"wp:attachment":[{"href":"https:\/\/www.europesays.com\/fr\/wp-json\/wp\/v2\/media?parent=30912"}],"wp:term":[{"taxonomy":"category","embeddable":true,"href":"https:\/\/www.europesays.com\/fr\/wp-json\/wp\/v2\/categories?post=30912"},{"taxonomy":"post_tag","embeddable":true,"href":"https:\/\/www.europesays.com\/fr\/wp-json\/wp\/v2\/tags?post=30912"}],"curies":[{"name":"wp","href":"https:\/\/api.w.org\/{rel}","templated":true}]}}