{"id":309122,"date":"2025-08-10T09:24:12","date_gmt":"2025-08-10T09:24:12","guid":{"rendered":"https:\/\/www.europesays.com\/fr\/309122\/"},"modified":"2025-08-10T09:24:12","modified_gmt":"2025-08-10T09:24:12","slug":"motogp-alex-barros-critique-ducati","status":"publish","type":"post","link":"https:\/\/www.europesays.com\/fr\/309122\/","title":{"rendered":"MotoGP : Alex Barros critique Ducati"},"content":{"rendered":"<p>L\u2019ex-pilote Alex Barros estime que la nouvelle Ducati GP25 n\u2019est pas exploit\u00e9e \u00e0 son plein potentiel par tous les pilotes.<\/p>\n<blockquote>\n<p>\u201cla GP25 est une excellente moto, c\u2019est clair. Les r\u00e9sultats parlent d\u2019eux-m\u00eames. Ce qui \u00e9tait impossible auparavant est devenu r\u00e9alit\u00e9. Dall\u2019Igna y est tr\u00e8s impliqu\u00e9, c\u2019est sa moto. Elle n\u2019est pas meilleure que la GP24. Elle a des caract\u00e9ristiques particuli\u00e8res qui, si elles sont bien exploit\u00e9es, offrent un potentiel \u00e9norme. Mais \u00e0 ce jour, Marc Marquez est peut-\u00eatre le seul \u00e0 savoir l\u2019exploiter, comme l\u2019avait fait Stoner en 2007. Pecco est un excellent pilote, au niveau de Jorge Martin. Ce n\u2019est pas mon favori, mais il fait partie des meilleurs. Or, il a besoin d\u2019aide. S\u2019il reste seul comme \u00e7a, il finira la saison dans cet \u00e9tat d\u2019abattement.\u201d D\u00e9clare Barros, source : <a href=\"http:\/\/paddock-gp.com\" rel=\"nofollow noopener\" target=\"_blank\">paddock-gp.com<\/a>\u00a0<\/p>\n<\/blockquote>\n<p><b>Bagnaia, talentueux mais abandonn\u00e9<\/b><\/p>\n<p>Barros ne remet pas en cause les qualit\u00e9s du double champion du monde, mais regrette un manque de soutien de la part de son \u00e9quipe.<\/p>\n<blockquote>\n<p>\u201cSi la moto ne progresse pas en 2026 et qu\u2019il reste \u00e0 ce niveau, il voudra partir. On le voit d\u00e9j\u00e0 : il est triste, isol\u00e9, abandonn\u00e9, alors que tout le monde c\u00e9l\u00e8bre les vainqueurs. Ducati n\u2019a pas chang\u00e9, les gens \u00e0 l\u2019int\u00e9rieur sont toujours les m\u00eames. Domenicali est aux commandes, et je ne leur fais pas confiance. J\u2019ai \u00e9t\u00e9 l\u00e0-bas, je sais comment ils fonctionnent. Ils ne savent pas g\u00e9rer les pilotes. Ils ont d\u00e9j\u00e0 br\u00fbl\u00e9 tellement de pilotes\u2026 Regardez les vingt derni\u00e8res ann\u00e9es : que d\u2019\u00e9checs. Tant que ces personnes resteront, la philosophie ne changera pas. Ce n\u2019est pas la faute de la marque, mais de la m\u00e9thode. Je ne sais m\u00eame pas s\u2019ils aident vraiment Pecco ou s\u2019ils se contentent de le tol\u00e9rer.\u201d T\u00e9moigne Barros, source : <a href=\"http:\/\/paddock-gp.com\" rel=\"nofollow noopener\" target=\"_blank\">paddock-gp.com<\/a>\u00a0<\/p>\n<\/blockquote>\n<p>La sortie de Barros met en lumi\u00e8re une situation tendue chez Ducati : entre la mont\u00e9e en puissance de Marc M\u00e1rquez, la difficult\u00e9 de Bagnaia \u00e0 retrouver sa domination, et une gestion interne jug\u00e9e trop rigide, l\u2019ambiance dans le box rouge est plus que jamais sous surveillance.<\/p>\n<p>Pour l\u2019instant, Ducati ne s\u2019est pas exprim\u00e9e officiellement sur ces accusations, mais le d\u00e9bat est lanc\u00e9.<\/p>\n<p>    Partagez cette info avec vos amis et vos proches en cliquant ici  <\/p>\n<p> Podcasts \u00e0 la une MEN LIFE <\/p>\n<p>    MotoGP : Alex Barros d\u00e9nonce la gestion Ducati et alerte sur la situation de Bagnaia\u2028<\/p>\n<p>Alex Barros n\u2019a pas m\u00e2ch\u00e9 ses mots \u00e0 l\u2019\u00e9gard de Ducati, pointant un manque de soutien envers Pecco Bagnaia et une m\u00e9thode de gestion fig\u00e9e depuis des ann\u00e9es. Selon lui, seule l\u2019expertise de Marc M\u00e1rquez permet aujourd\u2019hui d\u2019exploiter pleinement la GP25.<\/p>\n<p>R\u00e9dacteur<\/p>\n<p><img decoding=\"async\" width=\"76\" height=\"76\" loading=\"lazy\" src=\"https:\/\/www.europesays.com\/fr\/wp-content\/uploads\/2025\/04\/avatar-sport-am.png\" alt=\"Victor Teyssier\"\/><\/p>\n","protected":false},"excerpt":{"rendered":"L\u2019ex-pilote Alex Barros estime que la nouvelle Ducati GP25 n\u2019est pas exploit\u00e9e \u00e0 son plein potentiel par tous&hellip;\n","protected":false},"author":2,"featured_media":309123,"comment_status":"","ping_status":"","sticky":false,"template":"","format":"standard","meta":{"footnotes":""},"categories":[1413],"tags":[1011,27,1457,1456,60],"class_list":{"0":"post-309122","1":"post","2":"type-post","3":"status-publish","4":"format-standard","5":"has-post-thumbnail","7":"category-moto","8":"tag-fr","9":"tag-france","10":"tag-moto","11":"tag-motocycle","12":"tag-sports"},"share_on_mastodon":{"url":"https:\/\/pubeurope.com\/@fr\/115003750593258950","error":""},"_links":{"self":[{"href":"https:\/\/www.europesays.com\/fr\/wp-json\/wp\/v2\/posts\/309122","targetHints":{"allow":["GET"]}}],"collection":[{"href":"https:\/\/www.europesays.com\/fr\/wp-json\/wp\/v2\/posts"}],"about":[{"href":"https:\/\/www.europesays.com\/fr\/wp-json\/wp\/v2\/types\/post"}],"author":[{"embeddable":true,"href":"https:\/\/www.europesays.com\/fr\/wp-json\/wp\/v2\/users\/2"}],"replies":[{"embeddable":true,"href":"https:\/\/www.europesays.com\/fr\/wp-json\/wp\/v2\/comments?post=309122"}],"version-history":[{"count":0,"href":"https:\/\/www.europesays.com\/fr\/wp-json\/wp\/v2\/posts\/309122\/revisions"}],"wp:featuredmedia":[{"embeddable":true,"href":"https:\/\/www.europesays.com\/fr\/wp-json\/wp\/v2\/media\/309123"}],"wp:attachment":[{"href":"https:\/\/www.europesays.com\/fr\/wp-json\/wp\/v2\/media?parent=309122"}],"wp:term":[{"taxonomy":"category","embeddable":true,"href":"https:\/\/www.europesays.com\/fr\/wp-json\/wp\/v2\/categories?post=309122"},{"taxonomy":"post_tag","embeddable":true,"href":"https:\/\/www.europesays.com\/fr\/wp-json\/wp\/v2\/tags?post=309122"}],"curies":[{"name":"wp","href":"https:\/\/api.w.org\/{rel}","templated":true}]}}