{"id":309138,"date":"2025-08-10T09:32:11","date_gmt":"2025-08-10T09:32:11","guid":{"rendered":"https:\/\/www.europesays.com\/fr\/309138\/"},"modified":"2025-08-10T09:32:11","modified_gmt":"2025-08-10T09:32:11","slug":"k-pop-en-europe-la-consecration-dun-long-travail-du-gouvernement-sud-coreen","status":"publish","type":"post","link":"https:\/\/www.europesays.com\/fr\/309138\/","title":{"rendered":"K-pop en Europe\u00a0: la cons\u00e9cration d\u2019un long travail du gouvernement sud-cor\u00e9en"},"content":{"rendered":"<p style=\"text-align:start\">Tout a commenc\u00e9 lorsque le gouvernement cor\u00e9en a reconnu le\u00a0<strong>potentiel \u00e9conomique\u00a0<\/strong><strong>du contenu cr\u00e9atif<\/strong> dans les ann\u00e9es\u00a01990. La Cor\u00e9e du Sud cherchait alors des moyens de se relever des ravages de la crise financi\u00e8re asiatique de\u00a01997.<\/p>\n<p style=\"text-align:start\">M\u00eame lorsque la lib\u00e9ralisation et la d\u00e9r\u00e9gulation impos\u00e9es par le Fonds mon\u00e9taire international ont \u00e9t\u00e9 mises en \u0153uvre dans les ann\u00e9es\u00a02000, le\u00a0gouvernement a continu\u00e9 \u00e0 soutenir\u00a0les industries du cin\u00e9ma, de la t\u00e9l\u00e9vision et de la musique en gardant <strong>un contr\u00f4le ferme sur leur d\u00e9veloppement et leur exportation.<\/strong><\/p>\n<p style=\"text-align:start\">Cela comprenait des incitations financi\u00e8res pour les soci\u00e9t\u00e9s de production et le d\u00e9veloppement d\u2019infrastructures, notamment l\u2019acc\u00e8s \u00e0 Internet haut d\u00e9bit dans tout le pays, afin de soutenir la production et la consommation de contenus.<\/p>\n<p style=\"text-align:start\"><strong>Cette strat\u00e9gie a port\u00e9 ses fruits. <\/strong>La popularit\u00e9 d\u2019un flux constant de s\u00e9ries t\u00e9l\u00e9vis\u00e9es cor\u00e9ennes\u00a0a commenc\u00e9 \u00e0 cro\u00eetre au Japon et en Chine.\u00a0Le gouvernement cor\u00e9en a investi davantage encore dans les infrastructures pour faire cro\u00eetre l\u2019industrie et diffuser les contenus au-del\u00e0 de la r\u00e9gion.<\/p>\n<p style=\"text-align:start\">Aujourd\u2019hui, 60% des abonn\u00e9s de Netflix dans le monde\u00a0ont d\u00e9j\u00e0 visionn\u00e9 un programme cor\u00e9en sur la plateforme.<\/p>\n<p style=\"text-align:start\">Le succ\u00e8s de la culture populaire cor\u00e9enne se ressent \u00e9galement\u00a0dans d\u2019autres secteurs de l\u2019\u00e9conomie.\u00a0Les stars de la K-pop et du cin\u00e9ma signent <strong>des contrats publicitaires avec des entreprises cor\u00e9ennes<\/strong>, faisant la promotion de cosm\u00e9tiques, de machines \u00e0 laver ou de smartphones aupr\u00e8s d\u2019un public mondial.<\/p>\n<p style=\"text-align:start\">Le march\u00e9 des contenus culturels cor\u00e9ens est d\u00e9sormais\u00a0l\u2019un des plus importants au monde, \u00e9valu\u00e9 \u00e0 environ 70\u00a0milliards d\u2019euros en\u00a02024, soit un niveau proche de celui de la France et du Royaume-Uni.<\/p>\n<p style=\"text-align:start\">Sa croissance continue repose sur une\u00a0politique multifacettes\u00a0m\u00ealant investissements financiers, all\u00e8gements fiscaux et soutien institutionnel, tant dans le pays qu\u2019\u00e0 travers des centres culturels cor\u00e9ens implant\u00e9s \u00e0 l\u2019\u00e9tranger.<\/p>\n<p style=\"text-align:start\">Le gouvernement offre \u00e9galement des <strong>incitations financi\u00e8res <\/strong>pour encourager la coop\u00e9ration entre soci\u00e9t\u00e9s de production et conglom\u00e9rats (par exemple LG ou Samsung), qui b\u00e9n\u00e9ficient eux-m\u00eames du rayonnement de la culture populaire cor\u00e9enne \u00e0 l\u2019international.<\/p>\n<p style=\"text-align:start\">Ce succ\u00e8s contribue \u00e9galement \u00e0 la diplomatie publique de la Cor\u00e9e du Sud. La strat\u00e9gie concert\u00e9e de <strong>\u00ab\u00a0nation branding\u00a0\u00bb <\/strong>mise en place \u00e0 la fin des ann\u00e9es\u00a02000 et dans les ann\u00e9es\u00a02010 par l\u2019administration de\u00a0Lee Myung-Bak\u00a0visait \u00e0 am\u00e9liorer la position du pays dans les diff\u00e9rents classements d\u2019image de marque des nations. Lee reconnaissait le r\u00f4le que pouvait jouer le\u00a0soft\u00a0power\u00a0pour asseoir la position de la Cor\u00e9e du Sud comme puissance d\u2019influence mod\u00e9r\u00e9e sur la sc\u00e8ne internationale.<\/p>\n<p style=\"text-align:start\">Depuis lors, les stars de la K-pop ont \u00e9t\u00e9 impliqu\u00e9es dans<strong> la diplomatie publique du pays sur la sc\u00e8ne internationale<\/strong>, notamment \u00e0 l\u2019ONU ou lors de la COP 26.<\/p>\n","protected":false},"excerpt":{"rendered":"Tout a commenc\u00e9 lorsque le gouvernement cor\u00e9en a reconnu le\u00a0potentiel \u00e9conomique\u00a0du contenu cr\u00e9atif dans les ann\u00e9es\u00a01990. La Cor\u00e9e&hellip;\n","protected":false},"author":2,"featured_media":309139,"comment_status":"","ping_status":"","sticky":false,"template":"","format":"standard","meta":{"footnotes":""},"categories":[1355],"tags":[58,59,1011,27,1361,873],"class_list":{"0":"post-309138","1":"post","2":"type-post","3":"status-publish","4":"format-standard","5":"has-post-thumbnail","7":"category-musique","8":"tag-divertissement","9":"tag-entertainment","10":"tag-fr","11":"tag-france","12":"tag-music","13":"tag-musique"},"share_on_mastodon":{"url":"https:\/\/pubeurope.com\/@fr\/115003781571828582","error":""},"_links":{"self":[{"href":"https:\/\/www.europesays.com\/fr\/wp-json\/wp\/v2\/posts\/309138","targetHints":{"allow":["GET"]}}],"collection":[{"href":"https:\/\/www.europesays.com\/fr\/wp-json\/wp\/v2\/posts"}],"about":[{"href":"https:\/\/www.europesays.com\/fr\/wp-json\/wp\/v2\/types\/post"}],"author":[{"embeddable":true,"href":"https:\/\/www.europesays.com\/fr\/wp-json\/wp\/v2\/users\/2"}],"replies":[{"embeddable":true,"href":"https:\/\/www.europesays.com\/fr\/wp-json\/wp\/v2\/comments?post=309138"}],"version-history":[{"count":0,"href":"https:\/\/www.europesays.com\/fr\/wp-json\/wp\/v2\/posts\/309138\/revisions"}],"wp:featuredmedia":[{"embeddable":true,"href":"https:\/\/www.europesays.com\/fr\/wp-json\/wp\/v2\/media\/309139"}],"wp:attachment":[{"href":"https:\/\/www.europesays.com\/fr\/wp-json\/wp\/v2\/media?parent=309138"}],"wp:term":[{"taxonomy":"category","embeddable":true,"href":"https:\/\/www.europesays.com\/fr\/wp-json\/wp\/v2\/categories?post=309138"},{"taxonomy":"post_tag","embeddable":true,"href":"https:\/\/www.europesays.com\/fr\/wp-json\/wp\/v2\/tags?post=309138"}],"curies":[{"name":"wp","href":"https:\/\/api.w.org\/{rel}","templated":true}]}}