{"id":309140,"date":"2025-08-10T09:33:19","date_gmt":"2025-08-10T09:33:19","guid":{"rendered":"https:\/\/www.europesays.com\/fr\/309140\/"},"modified":"2025-08-10T09:33:19","modified_gmt":"2025-08-10T09:33:19","slug":"spider-man-4-histoire-date-de-sortie-bande-annonce-tout-savoir-sur-le-film-marvel","status":"publish","type":"post","link":"https:\/\/www.europesays.com\/fr\/309140\/","title":{"rendered":"Spider-Man 4 : histoire, date de sortie, bande-annonce\u2026 Tout savoir sur le film Marvel"},"content":{"rendered":"<p class=\"ed__a-p ed__bdy__l\">Une nouvelle aventure de Spider-Man se profile \u00e0 l&rsquo;horizon, et l&rsquo;homme-araign\u00e9e va tisser \u00e0 nouveau sa toile sur grand \u00e9cran d\u00e8s l&rsquo;ann\u00e9e prochaine, une nouvelle fois incarn\u00e9 par Tom Holland.<\/p>\n<p class=\"ed__a-p ed__bdy__l\">Prochain film de l&rsquo;Univers Cin\u00e9matographique Marvel (le c\u00e9l\u00e8bre MCU),  ce \u00ab\u00a0Spider-Man 4&Prime;est actuellement en tournage, mais Les Num\u00e9riques vous a r\u00e9uni ici toutes les informations essentielles \u00e0 conna\u00eetre sur le long-m\u00e9trage. Date de sortie, histoire, casting, images\u2026 Voici tout ce qu&rsquo;il faut savoir sur Spider-Man : Brand New Day.<\/p>\n<p>            Publicit\u00e9, votre contenu continue ci-dessous<\/p>\n<p>        Publicit\u00e9<\/p>\n<p>L&rsquo;histoire du film<\/p>\n<p class=\"ed__a-p ed__bdy__l\">Cette suite de Spider-Man : No Way Home, sorti en salles en 2021, nous fera retrouver l&rsquo;homme-araign\u00e9e alors qu&rsquo;il est revenu \u00e0 l&rsquo;anonymat suite \u00e0 l&rsquo;effacement de la m\u00e9moire des habitants de la Terre par Doctor Strange.<\/p>\n<p class=\"ed__a-p ed__bdy__l\">Si l&rsquo;histoire pr\u00e9cise du film est encore inconnue \u00e0 ce jour, le titre \u00ab\u00a0Brand New Day\u00a0\u00bb reprend toutefois celui de comics Spider-Man \u00e9crits par Dan Slott, Marc Guggenheim, Bob Gale et Zeb Wells, et publi\u00e9s en 2008.<\/p>\n<p class=\"ed__a-p ed__bdy__l\"><img loading=\"lazy\" decoding=\"async\" src=\"data:image\/svg+xml,%3Csvg xmlns='http:\/\/www.w3.org\/2000\/svg'%3E%3C\/svg%3E\" draggable=\"false\" width=\"1200\" height=\"848\" class=\"ed__title-xxs\" alt=\"Le film reprend le titre de comics Spider-Man publi\u00e9s en 2008.\" style=\"background-color: #f2f2f2; aspect-ratio:1200\/848;\"\/><\/p>\n<p>Le film reprend le titre de comics Spider-Man publi\u00e9s en 2008.<\/p>\n<p>\u00a9 Marvel Comics<\/p>\n<\/p>\n<p class=\"ed__a-p ed__bdy__l\">Dans ces bandes dessin\u00e9es, le monde entier a ainsi oubli\u00e9 l&rsquo;identit\u00e9 secr\u00e8te de Spider-Man, et Peter Parker doit jongler entre son travail de photographe ind\u00e9pendant et ses responsabilit\u00e9s de super-h\u00e9ros. Il doit notamment faire face \u00e0 un nouvel ennemi, Menace, qui commet des actes terroristes dans le but d&rsquo;interf\u00e9rer dans la campagne municipale de New York.<\/p>\n<p class=\"ed__a-p ed__bdy__l\">Dans tous les cas, ce \u00ab\u00a0Spider-Man 4\u00a0\u00bb version Tom Holland verra l&rsquo;homme-araign\u00e9e op\u00e9rer \u00e0 un niveau modeste dans les rues new-yorkaises, et \u00e9galement sans l&rsquo;aide de la technologie de pointe de Tony Stark.<\/p>\n<p class=\"ed__a-p ed__bdy__l\"><img loading=\"lazy\" decoding=\"async\" src=\"data:image\/svg+xml,%3Csvg xmlns='http:\/\/www.w3.org\/2000\/svg'%3E%3C\/svg%3E\" draggable=\"false\" width=\"1280\" height=\"720\" class=\"ed__title-xxs\" alt=\"Spider-Man \u00e0 la fin de No Way Home.\" style=\"background-color: #f2f2f2; aspect-ratio:1280\/720;\"\/><\/p>\n<p>Spider-Man \u00e0 la fin de No Way Home.<\/p>\n<p>\u00a9 Marvel Studios<\/p>\n<\/p>\n<p>            Publicit\u00e9, votre contenu continue ci-dessous<\/p>\n<p>        Publicit\u00e9<\/p>\n<p>Qui est aux commandes de Spider-Man : Brand New Day ?<\/p>\n<p class=\"ed__a-p ed__bdy__l\">Ce quatri\u00e8me film Spider-Man a \u00e9t\u00e9 annonc\u00e9 en d\u00e9veloppement d\u00e8s 2019, en parall\u00e8le de la production de No Way Home. Mais le film a connu de nombreux soubresauts lors de sa fabrication, notamment en raison de la gr\u00e8ve \u00e0 Hollywood en 2023 et des h\u00e9sitations de Tom Holland concernant son retour dans le r\u00f4le-titre.<\/p>\n<p class=\"ed__a-p ed__bdy__l\"><img loading=\"lazy\" decoding=\"async\" src=\"data:image\/svg+xml,%3Csvg xmlns='http:\/\/www.w3.org\/2000\/svg'%3E%3C\/svg%3E\" draggable=\"false\" width=\"2160\" height=\"1543\" class=\"ed__title-xxs\" alt=\"Le r\u00e9alisateur Destin Daniel Cretton.\" style=\"background-color: #f2f2f2; aspect-ratio:2160\/1543;\"\/><\/p>\n<p>Le r\u00e9alisateur Destin Daniel Cretton.<\/p>\n<p>\u00a9 Marvel Studios<\/p>\n<\/p>\n<p class=\"ed__a-p ed__bdy__l\">Chris McKenna et Erick Sommers, d\u00e9j\u00e0 \u00e0 l&rsquo;\u00e9criture des trois premiers films avec Holland, sont de retour au sc\u00e9nario de ce Spider-Man : Brand New Day. Le r\u00e9alisateur Jon Watts a quant \u00e0 lui laiss\u00e9 sa place \u00e0 Destin Daniel Cretton (Shang-Chi) \u00e0 la mise en sc\u00e8ne.<\/p>\n<p class=\"ed__a-p ed__bdy__l\">\u00c0 la production, on retrouve les noms habituels des collaborations Marvel et Sony : Kevin Feige, Louis D&rsquo;Esposito, Avi Arad, Amy Pascal&#8230; Si rien n&rsquo;est encore confirm\u00e9, on esp\u00e8re de notre c\u00f4t\u00e9 que le compositeur Michael Giacchino reviendra \u00e0 la musique.<\/p>\n<p class=\"ed__a-p ed__bdy__l\"><img loading=\"lazy\" decoding=\"async\" src=\"data:image\/svg+xml,%3Csvg xmlns='http:\/\/www.w3.org\/2000\/svg'%3E%3C\/svg%3E\" draggable=\"false\" width=\"2000\" height=\"1250\" class=\"ed__title-xxs\" alt=\"Un concept art du film.\" style=\"background-color: #f2f2f2; aspect-ratio:2000\/1250;\"\/><\/p>\n<p>Un concept art du film.<\/p>\n<p>\u00a9 Marvel Studios<\/p>\n<\/p>\n<p>Quelle date de sortie pour Spider-Man 4 ?<\/p>\n<p class=\"ed__a-p ed__bdy__l\">Le tournage du film a d\u00e9but\u00e9 le 3 ao\u00fbt dernier \u00e0 Glasgow en \u00c9cosse, sous le titre de travail \u00ab\u00a0Blue Oasis\u00a0\u00bb. Celui-ci doit se poursuivre ensuite aux studios Pinewood \u00e0 Buckinghamshire en Angleterre jusqu&rsquo;\u00e0 la fin de l&rsquo;ann\u00e9e.<\/p>\n<p class=\"ed__a-p ed__bdy__l\">\u00c0 l&rsquo;origine pr\u00e9vu pour arriver en salles le 22 juillet 2026, Spider-Man : Brand New Day a vu sa sortie repouss\u00e9e d&rsquo;une petite semaine pour \u00e9viter la confrontation directe avec le tr\u00e8s attendu film The Odyssey de Christopher Nolan (qui compte \u00e9galement Tom Holland \u00e0 son casting).<\/p>\n<p class=\"ed__a-p ed__bdy__l\">Ce 38e film du MCU sera le deuxi\u00e8me de la phase 6, d\u00e9but\u00e9e avec Les 4 Fantastiques : Premiers pas, et il pr\u00e9c\u00e9dera notamment Avengers : Doomsday et Avengers : Secret Wars. Spider-Man : Brand New Day est attendu le 29 juillet 2026 dans les salles de cin\u00e9ma fran\u00e7aises.<\/p>\n<p class=\"ed__a-p ed__bdy__l\"><img loading=\"lazy\" decoding=\"async\" src=\"data:image\/svg+xml,%3Csvg xmlns='http:\/\/www.w3.org\/2000\/svg'%3E%3C\/svg%3E\" draggable=\"false\" width=\"3840\" height=\"2560\" class=\"ed__title-xxs\" alt=\"Tom Holland lors du tournage de Spider-Man 4 en \u00c9cosse.\" style=\"background-color: #f2f2f2; aspect-ratio:3840\/2560;\"\/><\/p>\n<p>Tom Holland lors du tournage de Spider-Man 4 en \u00c9cosse.<\/p>\n<p>\u00a9 DR<\/p>\n<\/p>\n<p>Qui est au casting du film ?<\/p>\n<p class=\"ed__a-p ed__bdy__l\">C\u00f4t\u00e9 casting, en plus de Tom Holland, Zendaya et Jacob Batalon sont aussi de retour, aux c\u00f4t\u00e9s de la nouvelle venue Sadie Sink (Stranger Things) dans un r\u00f4le encore tenu myst\u00e9rieux. Les rumeurs indiquent qu&rsquo;elle pourrait incarner une jeune Jean Grey ou bien Gwen Stacy.<\/p>\n<p class=\"ed__a-p ed__bdy__l\">D&rsquo;autres personnages Marvel seront \u00e9galement \u00eatre de la partie, dont le Punisher et Hulk, incarn\u00e9s respectivement par Jon Bernthal et Mark Ruffalo. Voici une liste des acteurs confirm\u00e9s du film :<\/p>\n<ul class=\"ed__lists ed__bdy__l\">\n<li>Tom Holland : Peter Parker \/ Spider-Man<\/li>\n<li>Zendaya : MJ<\/li>\n<li>Jon Bernthal : Frank Castle \/ Punisher<\/li>\n<li>Mark Ruffalo : Bruce Banner\/Hulk<\/li>\n<li>Michael Mando : Mac Gargan\/Scorpion<\/li>\n<li>Jacob Batalon : Ned<\/li>\n<li>Sadie Sinks : r\u00f4le inconnu<\/li>\n<li>Liza Col\u00f3n-Zayas :  r\u00f4le inconnu<\/li>\n<\/ul>\n<p>Les images du film<\/p>\n<ul class=\"ed__lists ed__bdy__l\">\n<li>La vid\u00e9o de d\u00e9but de production :<\/li>\n<\/ul>\n<p class=\"ed__a-p ed__bdy__l\"><img loading=\"lazy\" decoding=\"async\" src=\"data:image\/svg+xml,%3Csvg xmlns='http:\/\/www.w3.org\/2000\/svg'%3E%3C\/svg%3E\" draggable=\"false\" width=\"1650\" height=\"2550\" class=\"ed__title-xxs\" alt=\"L'affiche teaser de Spider-Man : Brand New Day.\" style=\"background-color: #f2f2f2; aspect-ratio:1650\/2550;\"\/><\/p>\n<p>L&rsquo;affiche teaser de Spider-Man : Brand New Day.<\/p>\n<p>\u00a9 Marvel Studios<\/p>\n<\/p>\n<p>            Publicit\u00e9, votre contenu continue ci-dessous<\/p>\n<p>        Publicit\u00e9<\/p>\n<p class=\"ed__a-p ed__bdy__l\">Envie de faire encore plus d&rsquo;\u00e9conomies ? D\u00e9couvrez <a href=\"https:\/\/www.lesnumeriques.com\/codes-promo.html\" rel=\"nofollow noopener\" target=\"_blank\">nos codes promo<\/a> s\u00e9lectionn\u00e9s pour vous.<\/p>\n","protected":false},"excerpt":{"rendered":"Une nouvelle aventure de Spider-Man se profile \u00e0 l&rsquo;horizon, et l&rsquo;homme-araign\u00e9e va tisser \u00e0 nouveau sa toile sur&hellip;\n","protected":false},"author":2,"featured_media":309141,"comment_status":"","ping_status":"","sticky":false,"template":"","format":"standard","meta":{"footnotes":""},"categories":[1354],"tags":[58,59,1346,1011,27,1360],"class_list":{"0":"post-309140","1":"post","2":"type-post","3":"status-publish","4":"format-standard","5":"has-post-thumbnail","7":"category-films","8":"tag-divertissement","9":"tag-entertainment","10":"tag-films","11":"tag-fr","12":"tag-france","13":"tag-movies"},"share_on_mastodon":{"url":"https:\/\/pubeurope.com\/@fr\/115003785677446239","error":""},"_links":{"self":[{"href":"https:\/\/www.europesays.com\/fr\/wp-json\/wp\/v2\/posts\/309140","targetHints":{"allow":["GET"]}}],"collection":[{"href":"https:\/\/www.europesays.com\/fr\/wp-json\/wp\/v2\/posts"}],"about":[{"href":"https:\/\/www.europesays.com\/fr\/wp-json\/wp\/v2\/types\/post"}],"author":[{"embeddable":true,"href":"https:\/\/www.europesays.com\/fr\/wp-json\/wp\/v2\/users\/2"}],"replies":[{"embeddable":true,"href":"https:\/\/www.europesays.com\/fr\/wp-json\/wp\/v2\/comments?post=309140"}],"version-history":[{"count":0,"href":"https:\/\/www.europesays.com\/fr\/wp-json\/wp\/v2\/posts\/309140\/revisions"}],"wp:featuredmedia":[{"embeddable":true,"href":"https:\/\/www.europesays.com\/fr\/wp-json\/wp\/v2\/media\/309141"}],"wp:attachment":[{"href":"https:\/\/www.europesays.com\/fr\/wp-json\/wp\/v2\/media?parent=309140"}],"wp:term":[{"taxonomy":"category","embeddable":true,"href":"https:\/\/www.europesays.com\/fr\/wp-json\/wp\/v2\/categories?post=309140"},{"taxonomy":"post_tag","embeddable":true,"href":"https:\/\/www.europesays.com\/fr\/wp-json\/wp\/v2\/tags?post=309140"}],"curies":[{"name":"wp","href":"https:\/\/api.w.org\/{rel}","templated":true}]}}