{"id":309142,"date":"2025-08-10T09:34:12","date_gmt":"2025-08-10T09:34:12","guid":{"rendered":"https:\/\/www.europesays.com\/fr\/309142\/"},"modified":"2025-08-10T09:34:12","modified_gmt":"2025-08-10T09:34:12","slug":"ces-chaises-pliantes-en-lucite-se-revendent-jusqua-1-000-e","status":"publish","type":"post","link":"https:\/\/www.europesays.com\/fr\/309142\/","title":{"rendered":"Ces chaises pliantes en Lucite se revendent jusqu\u2019\u00e0 1 000 \u20ac"},"content":{"rendered":"\n<p>En mati\u00e8re de mobilier, les apparences sont parfois trompeuses. Ce qui semble banal peut se r\u00e9v\u00e9ler pr\u00e9cieux, \u00e0 condition d\u00a0\u00bbavoir l&rsquo;\u0153il. C&rsquo;est particuli\u00e8rement vrai pour les chaises pliantes. Trop souvent n\u00e9glig\u00e9es ou compar\u00e9es \u00e0 de simples assises d&rsquo;appoint, elles sont en r\u00e9alit\u00e9 devenues des objets tr\u00e8s recherch\u00e9s. Un design bien pens\u00e9, une couleur rare, un mat\u00e9riau singulier, et leur cote grimpe en fl\u00e8che. <\/p>\n<p>    Chaises pliantes : ce mod\u00e8le vintage qui affole les ench\u00e8res <\/p>\n<p>Si vous croisez une chaise pliante <a href=\"https:\/\/www.lejournaldelamaison.fr\/le-journal-de-la-maison\/nouveautes\/tendances\/tendances-deco\/motifs-fleuris-esprit-retro-charme-lancienne-vaisselle-culte-affole-vinted-interieurs-styles-518429.html\" rel=\"nofollow noopener\" target=\"_blank\">au look un peu r\u00e9tro<\/a>, \u00e9vitez de passer votre chemin trop vite. Certaines d&rsquo;entre elles, <strong>produites dans les ann\u00e9es 70<\/strong>, sont d\u00e9sormais consid\u00e9r\u00e9es comme des ic\u00f4nes du design. Et les amateurs sont pr\u00eats \u00e0 d\u00e9bourser <strong>une jolie somme pour mettre la main sur un exemplaire<\/strong>.<\/p>\n<p>C&rsquo;est notamment le cas des chaises pliantes imagin\u00e9es par <strong>le designer italien Giancarlo Piretti pour Castelli<\/strong>.\u00a0Leur particularit\u00e9 ? Un cadre en m\u00e9tal chrom\u00e9, une silhouette minimaliste et surtout, une assise et <strong>un dossier en lucite color\u00e9e<\/strong>. Le mod\u00e8le rose est aujourd&rsquo;hui le plus recherch\u00e9. Il \u00e9voque les lignes \u00e9pur\u00e9es de l&rsquo;\u00e9poque tout en affichant une teinte douce et audacieuse \u00e0 la fois.<\/p>\n<p>    Chaises pliantes en lucite : ce d\u00e9tail qui fait toute la diff\u00e9rence <\/p>\n<p>Mais attention, tout repose sur <strong>l&rsquo;\u00e9tat de conservation<\/strong>. La lucite, aussi belle soit-elle, se raye facilement et supporte mal les ann\u00e9es. Trouver <a href=\"https:\/\/www.lejournaldelamaison.fr\/le-journal-de-la-maison\/nouveautes\/produits\/petits-espaces-pique-niques-balcons-cette-table-pliante-ikea-deux-chaises-vous-simplifier-507682.html\" rel=\"nofollow noopener\" target=\"_blank\">une chaise pliante Piretti<\/a> en bon \u00e9tat est devenu presque mission impossible. D&rsquo;o\u00f9 les prix qui grimpent en fl\u00e8che. Selon plusieurs sites sp\u00e9cialis\u00e9s, ces mod\u00e8les se vendent aujourd&rsquo;hui <strong>entre 750 \u20ac et 1 000 \u20ac pi\u00e8ce<\/strong>, voire plus s&rsquo;il s&rsquo;agit d&rsquo;un lot.<\/p>\n<p>La mont\u00e9e en puissance <strong>du mobilier vintage<\/strong> dans les int\u00e9rieurs modernes <strong>n&rsquo;a fait qu&rsquo;accentuer la demande<\/strong>. Ces chaises ne sont plus seulement fonctionnelles, <strong>elles deviennent des pi\u00e8ces fortes, convoit\u00e9es pour leur style comme pour leur raret\u00e9<\/strong>.<\/p>\n<blockquote class=\"instagram-media \" style=\"background: #ffffff;border: 0;margin: 1px;width: 100%;padding: 0;max-width: 500px;\" data-instgrm-permalink=\"https:\/\/www.instagram.com\/p\/CydyLmyrDBS\/?img_index=4\" data-instgrm-version=\"14\"\/><p>    <a href=\"https:\/\/www.lejournaldelamaison.fr\/wp-content\/uploads\/sites\/8\/2025\/08\/f_35400602_1690323246122_bg_processed.jpg.jpg\" rel=\"nofollow noopener\" target=\"_blank\"><img loading=\"lazy\" decoding=\"async\" aria-describedby=\"caption-attachment-518670\" itemprop=\"thumbnailUrl\" class=\" wp-image-518670 img-responsive  pinit-here\" src=\"https:\/\/www.europesays.com\/fr\/wp-content\/uploads\/2025\/08\/f_35400602_1690323246122_bg_processed.jpg-1024x1024.jpg\" alt=\"chaise lucide \" width=\"576\" height=\"576\" data-pin-media=\"https:\/\/www.lejournaldelamaison.fr\/wp-content\/uploads\/sites\/8\/2025\/08\/f_35400602_1690323246122_bg_processed.jpg-736x736.jpg\"\/><\/a> \u00a9  1stdibs<\/p>\n<p id=\"caption-attachment-518670\" class=\"wp-caption-text\">Chaises pliantes italiennes \u00ab Palia \u00bb en lucite rose de Giancarlo Piretti pour Castelli, 1970, <a href=\"https:\/\/www.1stdibs.com\/fr\/meubles\/si%C3%A8ges\/chaises\/chaises-pliantes-italiennes-palia-en-lucite-rose-de-giancarlo-piretti-pour-castelli-1970\/id-f_35400602\/\" target=\"_blank\" rel=\"nofollow noopener sponsored\">2800\u20ac l&rsquo;ensemble, 1stdibs<\/a><\/p>\n<p>    Chaises pliantes design : o\u00f9 les chiner aujourd&rsquo;hui ? <\/p>\n<p>Vous r\u00eavez d&rsquo;en trouver une <a href=\"https:\/\/www.lejournaldelamaison.fr\/le-journal-de-la-maison\/nouveautes\/tendances\/tendances-deco\/brocantes-ligne-trouvailles-anciennes-font-partie-plus-recherchees-juillet-certaines-depassent-encheres-518417.html\" rel=\"nofollow noopener\" target=\"_blank\">en brocante<\/a> ? Ouvrez l&rsquo;\u0153il, surtout dans les stands un peu d\u00e9sordonn\u00e9s o\u00f9 les pi\u00e8ces pr\u00e9cieuses se fondent dans la masse. Les ventes aux ench\u00e8res, <strong>les plateformes comme 1stDibs ou Selency<\/strong>, ou encore les vide-appartements dans les grandes villes peuvent aussi <strong>r\u00e9server de jolies surprises<\/strong>.<\/p>\n<p>Enfin, ne vous fiez pas uniquement \u00e0 la signature. Parfois, <strong>le design parle de lui-m\u00eame<\/strong>. Une forme galb\u00e9e, un plastique l\u00e9g\u00e8rement teint\u00e9, une structure brillante&#8230; Et voil\u00e0 que la chaise pliante que vous teniez pour banale<strong> se transforme en un vrai petit jackpot d\u00e9co<\/strong>.<\/p>\n<p>                <script async src=\"\/\/www.instagram.com\/embed.js\"><\/script><\/p>\n","protected":false},"excerpt":{"rendered":"En mati\u00e8re de mobilier, les apparences sont parfois trompeuses. Ce qui semble banal peut se r\u00e9v\u00e9ler pr\u00e9cieux, \u00e0&hellip;\n","protected":false},"author":2,"featured_media":309143,"comment_status":"","ping_status":"","sticky":false,"template":"","format":"standard","meta":{"footnotes":""},"categories":[10],"tags":[1011,27,72,71],"class_list":{"0":"post-309142","1":"post","2":"type-post","3":"status-publish","4":"format-standard","5":"has-post-thumbnail","7":"category-sante","8":"tag-fr","9":"tag-france","10":"tag-health","11":"tag-sante"},"share_on_mastodon":{"url":"https:\/\/pubeurope.com\/@fr\/115003789677726795","error":""},"_links":{"self":[{"href":"https:\/\/www.europesays.com\/fr\/wp-json\/wp\/v2\/posts\/309142","targetHints":{"allow":["GET"]}}],"collection":[{"href":"https:\/\/www.europesays.com\/fr\/wp-json\/wp\/v2\/posts"}],"about":[{"href":"https:\/\/www.europesays.com\/fr\/wp-json\/wp\/v2\/types\/post"}],"author":[{"embeddable":true,"href":"https:\/\/www.europesays.com\/fr\/wp-json\/wp\/v2\/users\/2"}],"replies":[{"embeddable":true,"href":"https:\/\/www.europesays.com\/fr\/wp-json\/wp\/v2\/comments?post=309142"}],"version-history":[{"count":0,"href":"https:\/\/www.europesays.com\/fr\/wp-json\/wp\/v2\/posts\/309142\/revisions"}],"wp:featuredmedia":[{"embeddable":true,"href":"https:\/\/www.europesays.com\/fr\/wp-json\/wp\/v2\/media\/309143"}],"wp:attachment":[{"href":"https:\/\/www.europesays.com\/fr\/wp-json\/wp\/v2\/media?parent=309142"}],"wp:term":[{"taxonomy":"category","embeddable":true,"href":"https:\/\/www.europesays.com\/fr\/wp-json\/wp\/v2\/categories?post=309142"},{"taxonomy":"post_tag","embeddable":true,"href":"https:\/\/www.europesays.com\/fr\/wp-json\/wp\/v2\/tags?post=309142"}],"curies":[{"name":"wp","href":"https:\/\/api.w.org\/{rel}","templated":true}]}}