{"id":309144,"date":"2025-08-10T09:35:10","date_gmt":"2025-08-10T09:35:10","guid":{"rendered":"https:\/\/www.europesays.com\/fr\/309144\/"},"modified":"2025-08-10T09:35:10","modified_gmt":"2025-08-10T09:35:10","slug":"en-video-lechange-tres-tendu-entre-roberto-de-zerbi-et-unai-emery-au-velodrome","status":"publish","type":"post","link":"https:\/\/www.europesays.com\/fr\/309144\/","title":{"rendered":"en vid\u00e9o, l\u2019\u00e9change tr\u00e8s tendu entre Roberto de Zerbi et Unai Emery au V\u00e9lodrome"},"content":{"rendered":"<p>L\u2019entra\u00eeneur d\u2019Aston Villa et celui de l\u2019OM se sont accroch\u00e9s en toute fin de match, samedi soir, au stade V\u00e9lodrome.<\/p>\n<p class=\"fig-paragraph\">Ancien entra\u00eeneur du Paris SG, Unai Emery \u00e9tait de retour samedi \u00e0 Marseille pour disputer avec Aston Villa une rencontre amicale face \u00e0 l\u2019OM. L\u2019entra\u00eeneur espagnol et son \u00e9quipe\u00a0<a href=\"http:\/\/www.lefigaro.fr\/sports\/football\/foot-en-grande-forme-l-om-l-emporte-face-a-aston-villa-avec-un-double-d-aubameyang-20250809\" data-fig-type=\"NewsFlash\" data-gtm-custom-categorie=\"navigation\" data-gtm-custom-action=\"crossclick\" data-gtm-custom-label=\"Contextuel\" data-gtm-event=\"customEventSPE\" data-fig-domain=\"LEFIGARO\" target=\"_blank\" rel=\"noopener\">sont repartis du stade V\u00e9lodrome avec une d\u00e9faite (3-1)<\/a>\u00a0\u00e0 l\u2019issue d\u2019une rencontre tendue, marqu\u00e9e par des erreurs d\u2019arbitrage, un doubl\u00e9 d\u2019<a href=\"http:\/\/www.lefigaro.fr\/sports\/football\/si-ca-ne-tenait-qu-a-moi-je-serais-pret-des-demain-de-retour-a-l-om-aubameyang-est-impatient-de-retrouver-les-terrains-20250801\" data-fig-type=\"NewsFlash\" data-gtm-custom-categorie=\"navigation\" data-gtm-custom-action=\"crossclick\" data-gtm-custom-label=\"Contextuel\" data-gtm-event=\"customEventSPE\" data-fig-domain=\"LEFIGARO\" target=\"_blank\" rel=\"noopener\">Aubameyang<\/a>, l\u2019attaquant marseillais, mais aussi un \u00e9change muscl\u00e9 entre les entra\u00eeneurs au bord du terrain, notamment en toute fin de rencontre lorsque les deux hommes se sont retrouv\u00e9s quasiment t\u00eate contre t\u00eate \u00e0 s\u2019invectiver.<\/p>\n<p class=\"fig-paragraph\">L\u2019entra\u00eeneur phoc\u00e9en est revenu sur cet \u00e9pisode apr\u00e8s la rencontre, expliquant ne pas avoir appr\u00e9ci\u00e9 que son homologue s\u2019en prenne verbalement \u00e0 ses joueurs ; \u00abLe match \u00e9tait chaud, mais c\u2019est aussi ce que les gens sont venus voir. Ils ont pay\u00e9 pour venir, ils auraient pu aller \u00e0 la plage mais ils sont venus au V\u00e9lodrome. Unai\u00a0? Il s\u2019est plaint de mes joueurs et je n\u2019ai pas aim\u00e9 \u00e7a, c\u2019est \u00e0 moi de leur parler, l\u2019entra\u00eeneur adverse doit s\u2019occuper de ses joueurs.\u00bb<\/p>\n","protected":false},"excerpt":{"rendered":"L\u2019entra\u00eeneur d\u2019Aston Villa et celui de l\u2019OM se sont accroch\u00e9s en toute fin de match, samedi soir, au&hellip;\n","protected":false},"author":2,"featured_media":309145,"comment_status":"","ping_status":"","sticky":false,"template":"","format":"standard","meta":{"footnotes":""},"categories":[9],"tags":[1011,27,1176,60,6254],"class_list":{"0":"post-309144","1":"post","2":"type-post","3":"status-publish","4":"format-standard","5":"has-post-thumbnail","7":"category-sports","8":"tag-fr","9":"tag-france","10":"tag-olympique-de-marseille","11":"tag-sports","12":"tag-unai-emery"},"share_on_mastodon":{"url":"https:\/\/pubeurope.com\/@fr\/115003793395356147","error":""},"_links":{"self":[{"href":"https:\/\/www.europesays.com\/fr\/wp-json\/wp\/v2\/posts\/309144","targetHints":{"allow":["GET"]}}],"collection":[{"href":"https:\/\/www.europesays.com\/fr\/wp-json\/wp\/v2\/posts"}],"about":[{"href":"https:\/\/www.europesays.com\/fr\/wp-json\/wp\/v2\/types\/post"}],"author":[{"embeddable":true,"href":"https:\/\/www.europesays.com\/fr\/wp-json\/wp\/v2\/users\/2"}],"replies":[{"embeddable":true,"href":"https:\/\/www.europesays.com\/fr\/wp-json\/wp\/v2\/comments?post=309144"}],"version-history":[{"count":0,"href":"https:\/\/www.europesays.com\/fr\/wp-json\/wp\/v2\/posts\/309144\/revisions"}],"wp:featuredmedia":[{"embeddable":true,"href":"https:\/\/www.europesays.com\/fr\/wp-json\/wp\/v2\/media\/309145"}],"wp:attachment":[{"href":"https:\/\/www.europesays.com\/fr\/wp-json\/wp\/v2\/media?parent=309144"}],"wp:term":[{"taxonomy":"category","embeddable":true,"href":"https:\/\/www.europesays.com\/fr\/wp-json\/wp\/v2\/categories?post=309144"},{"taxonomy":"post_tag","embeddable":true,"href":"https:\/\/www.europesays.com\/fr\/wp-json\/wp\/v2\/tags?post=309144"}],"curies":[{"name":"wp","href":"https:\/\/api.w.org\/{rel}","templated":true}]}}