{"id":309146,"date":"2025-08-10T09:36:14","date_gmt":"2025-08-10T09:36:14","guid":{"rendered":"https:\/\/www.europesays.com\/fr\/309146\/"},"modified":"2025-08-10T09:36:14","modified_gmt":"2025-08-10T09:36:14","slug":"delphine-wespiser-son-ex-roger-erhart-amaigri-sur-un-lit-dhopital-elle-rentre-de-vacances-en-catastrophe","status":"publish","type":"post","link":"https:\/\/www.europesays.com\/fr\/309146\/","title":{"rendered":"Delphine Wespiser : son ex Roger Erhart amaigri sur un lit d\u2019h\u00f4pital, elle rentre de vacances en catastrophe"},"content":{"rendered":"<p>Pendant de nombreuses ann\u00e9es, <a href=\"https:\/\/www.closermag.fr\/people\/lame-du-diable-apres-sa-rupture-avec-roger-delphine-wespiser-sest-mise-en-couple-avec-un-homme-toxique-3501092\" rel=\"nofollow noopener\" target=\"_blank\"><br \/>\nDelphine Wespiser et Roger Erhart<\/a> ont form\u00e9 <strong>un couple<br \/>\nsolide,<\/strong> affichant leur complicit\u00e9 sur les r\u00e9seaux et lors<br \/>\nde leurs nombreux voyages. En septembre 2022, <a href=\"https:\/\/www.closermag.fr\/people\/delphine-wespiser-en-couple-mon-coeur-est-fatigue-grande-decision-pour-lex-miss-france-3509109\" rel=\"nofollow noopener\" target=\"_blank\"><br \/>\nl\u00a0\u00bbancienne chroniqueuse de TPMP<\/a> annon\u00e7ait pourtant leur<br \/>\ns\u00e9paration sur Instagram : \u201cJe te souhaite du plus profond de<br \/>\nmon c\u0153ur le meilleur pour la suite du chemin o\u00f9 <strong>je ne serai<br \/>\njamais loin.<\/strong> Ciao Amore\u201d.<\/p>\n<p>Un message tendre qui laissait la porte ouverte \u00e0 une amiti\u00e9<br \/>\ndurable. Et de fait, le 15 juin dernier, les internautes<br \/>\nd\u00e9couvraient avec surprise une photo des deux anciens tourtereaux<br \/>\nau Venezuela, souriants et main dans la main. \u201cNous avons<br \/>\nchoisi de c\u00e9l\u00e9brer la vie au Venezuela. On est heureux. Gratitude<br \/>\ninfinie\u201d, \u00e9crivait <a href=\"https:\/\/www.closermag.fr\/people\/delphine-wespiser-string-et-push-up-au-venezuela-elle-vit-sa-meilleure-vie-avec-son-ex-roger-3556795\" rel=\"nofollow noopener\" target=\"_blank\"><br \/>\nl\u2019ancienne Miss France.<\/a><\/p>\n<p>Delphine Wespiser annule ses vacances pour retrouver son ex<br \/>\nRoger hospitalis\u00e9<\/p>\n<p>Mais voil\u00e0 que samedi 9 ao\u00fbt, la l\u00e9g\u00e8ret\u00e9 de l\u2019\u00e9t\u00e9 a laiss\u00e9<br \/>\nplace \u00e0 l\u2019inqui\u00e9tude. Sur Instagram, Delphine Wespiser a r\u00e9v\u00e9l\u00e9 que<br \/>\n<a href=\"https:\/\/www.closermag.fr\/people\/delphine-wespiser-celibataire-son-ex-roger-sort-du-silence-apres-leur-rupture-1655409\" rel=\"nofollow noopener\" target=\"_blank\"><br \/>\nRoger Erhart<\/a> se trouvait \u00e0 l\u2019h\u00f4pital. En vacances \u00e0 l\u2019\u00e9tranger,<br \/>\nelle a tent\u00e9 d\u00e9sesp\u00e9r\u00e9ment d\u2019avancer son vol retour. \u201cCela fait<br \/>\n24 heures enti\u00e8res, sans r\u00e9pit, que je cherche une solution pour<br \/>\nrentrer d&rsquo;urgence et avancer mon vol retour. <strong>Un casse-t\u00eate<br \/>\nasphyxiant\u201d.<\/strong><\/p>\n<p><img loading=\"lazy\" decoding=\"async\" itemprop=\"thumbnailUrl\" class=\"aligncenter size-large wp-image-3570179 img-responsive\" src=\"https:\/\/www.europesays.com\/fr\/wp-content\/uploads\/2025\/08\/picture-594x1024.jpg\" alt=\"\" width=\"594\" height=\"1024\"\/> \u00a9 Story Instagram \/<br \/>\nDelphine Wespiser<\/p>\n<p><a href=\"https:\/\/www.closermag.fr\/people\/jai-pete-un-plomb-jai-pris-huit-kilos-delphine-wespiser-detruite-par-sa-derniere-relation-toxique-3501978\" rel=\"nofollow noopener\" target=\"_blank\"><br \/>\nL&rsquo;amie de Cyril Hanouna<\/a> confiait \u00e9galement avoir ressenti une<br \/>\n\u00e9trange intuition avant de partir : \u201cJe ne voulais pas partir<br \/>\net je l\u2019ai fait. Je vais respecter mes intuitions \u00e0 pr\u00e9sent\u201d.<br \/>\nQuelques heures plus tard, elle annon\u00e7ait avoir enfin trouv\u00e9 un<br \/>\nmoyen de rentrer : \u201cQuand on aime, on a de la force et une<br \/>\nincroyable combativit\u00e9. Vive la vie hier, aujourd\u2019hui et<br \/>\ntoujours\u201d. Il faut dire que depuis plusieurs mois,<br \/>\n<strong>Roger Erhart appara\u00eet tr\u00e8s amaigri<\/strong> sur ses<br \/>\npublications Instagram, sans jamais expliquer les raisons de cette<br \/>\ntransformation physique.\u00a0<\/p>\n<p>Qu&rsquo;est-il arriv\u00e9 \u00e0 Roger Erhart<\/p>\n<p>Ce 8 ao\u00fbt 2025, il a partag\u00e9 une image inqui\u00e9tante :<br \/>\n<strong>allong\u00e9 sur un lit d\u2019h\u00f4pital,<\/strong> branch\u00e9 \u00e0 des<br \/>\n\u00e9lectrodes, le visage marqu\u00e9. Son jean, devenu trop grand,<br \/>\nillustrait la perte de poids importante observ\u00e9e ces derniers<br \/>\ntemps.<\/p>\n<p><img loading=\"lazy\" decoding=\"async\" class=\"aligncenter size-large wp-image-3570180 img-responsive\" src=\"https:\/\/www.europesays.com\/fr\/wp-content\/uploads\/2025\/08\/whatsapp-image-2025-08-08-at-22.24.31.jpeg-563x1024.webp.webp\" alt=\"\" width=\"563\" height=\"1024\"\/> \u00a9 Story Instagram \/ Roger<br \/>\nErhart<\/p>\n<p>Difficile de conna\u00eetre la nature exacte de ses probl\u00e8mes de<br \/>\nsant\u00e9, mais les clich\u00e9s laissent peu de place au doute : Roger<br \/>\nErhart traverse une \u00e9preuve s\u00e9rieuse. Dans ce combat, il peut<br \/>\ncompter sur le soutien ind\u00e9fectible de <a href=\"https:\/\/www.closermag.fr\/people\/exclu-delphine-wespiser-jamais-donne-mes-elle-leve-le-voile-sur-son-soutien-a-jordan-bardella-3506144\" rel=\"nofollow noopener\" target=\"_blank\"><br \/>\nDelphine Wespiser<\/a>, qui a tout quitt\u00e9 pour \u00eatre \u00e0 ses<br \/>\nc\u00f4t\u00e9s.\u00a0<\/p>\n","protected":false},"excerpt":{"rendered":"Pendant de nombreuses ann\u00e9es, Delphine Wespiser et Roger Erhart ont form\u00e9 un couple solide, affichant leur complicit\u00e9 sur&hellip;\n","protected":false},"author":2,"featured_media":309147,"comment_status":"","ping_status":"","sticky":false,"template":"","format":"standard","meta":{"footnotes":""},"categories":[8],"tags":[548,33841,58,59,1011,27],"class_list":{"0":"post-309146","1":"post","2":"type-post","3":"status-publish","4":"format-standard","5":"has-post-thumbnail","7":"category-divertissement","8":"tag-article-simple","9":"tag-delphine-wespiser","10":"tag-divertissement","11":"tag-entertainment","12":"tag-fr","13":"tag-france"},"share_on_mastodon":{"url":"https:\/\/pubeurope.com\/@fr\/115003797540499023","error":""},"_links":{"self":[{"href":"https:\/\/www.europesays.com\/fr\/wp-json\/wp\/v2\/posts\/309146","targetHints":{"allow":["GET"]}}],"collection":[{"href":"https:\/\/www.europesays.com\/fr\/wp-json\/wp\/v2\/posts"}],"about":[{"href":"https:\/\/www.europesays.com\/fr\/wp-json\/wp\/v2\/types\/post"}],"author":[{"embeddable":true,"href":"https:\/\/www.europesays.com\/fr\/wp-json\/wp\/v2\/users\/2"}],"replies":[{"embeddable":true,"href":"https:\/\/www.europesays.com\/fr\/wp-json\/wp\/v2\/comments?post=309146"}],"version-history":[{"count":0,"href":"https:\/\/www.europesays.com\/fr\/wp-json\/wp\/v2\/posts\/309146\/revisions"}],"wp:featuredmedia":[{"embeddable":true,"href":"https:\/\/www.europesays.com\/fr\/wp-json\/wp\/v2\/media\/309147"}],"wp:attachment":[{"href":"https:\/\/www.europesays.com\/fr\/wp-json\/wp\/v2\/media?parent=309146"}],"wp:term":[{"taxonomy":"category","embeddable":true,"href":"https:\/\/www.europesays.com\/fr\/wp-json\/wp\/v2\/categories?post=309146"},{"taxonomy":"post_tag","embeddable":true,"href":"https:\/\/www.europesays.com\/fr\/wp-json\/wp\/v2\/tags?post=309146"}],"curies":[{"name":"wp","href":"https:\/\/api.w.org\/{rel}","templated":true}]}}