{"id":309167,"date":"2025-08-10T09:54:10","date_gmt":"2025-08-10T09:54:10","guid":{"rendered":"https:\/\/www.europesays.com\/fr\/309167\/"},"modified":"2025-08-10T09:54:10","modified_gmt":"2025-08-10T09:54:10","slug":"le-maire-etait-dans-un-pronostic-vital-engage-le-poumon-a-ete-perfore-indique-etienne-manteaux-procureur-de-la-republique-de-grenoble","status":"publish","type":"post","link":"https:\/\/www.europesays.com\/fr\/309167\/","title":{"rendered":"\u00ab\u00a0Le maire \u00e9tait dans un pronostic vital engag\u00e9, le poumon a \u00e9t\u00e9 perfor\u00e9\u00a0\u00bb, indique \u00c9tienne Manteaux, procureur de la R\u00e9publique de Grenoble"},"content":{"rendered":"<p>Maire agress\u00e9: \u00ab\u00a0Le maire \u00e9tait dans un pronostic vital engag\u00e9, le poumon a \u00e9t\u00e9 perfor\u00e9\u00a0\u00bb, indique \u00c9tienne Manteaux, procureur de la R\u00e9publique de GrenobleSur le m\u00eame sujet<a href=\"https:\/\/www.bfmtv.com\/police-justice\/video-maire-agresse-le-maire-etait-dans-un-pronostic-vital-engage-le-poumon-a-ete-perfore-indique-etienne-manteaux-procureur-de-la-republique-de-grenoble_VN-202508100156.html\" title=\"Maire agress\u00e9: &quot;Le maire \u00e9tait dans un pronostic vital engag\u00e9, le poumon a \u00e9t\u00e9 perfor\u00e9&quot;, indique \u00c9tienne Manteaux, procureur de la R\u00e9publique de Grenoble\" rel=\"nofollow noopener\" target=\"_blank\"><img width=\"16\" height=\"9\" class=\"lozad\"  alt=\"Maire agress\u00e9: &quot;Le maire \u00e9tait dans un pronostic vital engag\u00e9, le poumon a \u00e9t\u00e9 perfor\u00e9&quot;, indique \u00c9tienne Manteaux, procureur de la R\u00e9publique de Grenoble\"\/>en lectureMaire agress\u00e9: \u00ab\u00a0Le maire \u00e9tait dans un pronostic vital engag\u00e9, le poumon a \u00e9t\u00e9 perfor\u00e9\u00a0\u00bb, indique \u00c9tienne Manteaux, procureur de la R\u00e9publique de Grenoble<\/a><a href=\"https:\/\/www.bfmtv.com\/police-justice\/video-maire-agresse-le-mis-en-cause-n-a-oppose-aucune-resistance-lors-de-son-interpellation-indique-etienne-manteaux-procureur-de-la-republique-de-grenoble_VN-202508100154.html\" title=\"Maire agress\u00e9: &quot;Le mis en cause n&#039;a oppos\u00e9 aucune r\u00e9sistance lors de son interpellation&quot;, indique \u00c9tienne Manteaux, procureur de la R\u00e9publique de Grenoble\" rel=\"nofollow noopener\" target=\"_blank\"><img width=\"16\" height=\"9\" class=\"lozad\"  alt=\"Maire agress\u00e9: &quot;Le mis en cause n'a oppos\u00e9 aucune r\u00e9sistance lors de son interpellation&quot;, indique \u00c9tienne Manteaux, procureur de la R\u00e9publique de Grenoble\"\/>1:15Maire agress\u00e9: \u00ab\u00a0Le mis en cause n&rsquo;a oppos\u00e9 aucune r\u00e9sistance lors de son interpellation\u00a0\u00bb, indique \u00c9tienne Manteaux, procureur de la R\u00e9publique de Grenoble<\/a><a href=\"https:\/\/www.bfmtv.com\/police-justice\/video-maire-agresse-en-isere-le-maire-a-directement-ete-frappe-au-niveau-du-thorax-et-du-bras-declare-etienne-manteaux-procureur-de-la-republique-de-grenoble_VN-202508100150.html\" title=\"Maire agress\u00e9 en Is\u00e8re: &quot;Le maire a directement \u00e9t\u00e9 frapp\u00e9 au niveau du thorax et du bras&quot;, d\u00e9clare \u00c9tienne Manteaux, procureur de la R\u00e9publique de Grenoble\" rel=\"nofollow noopener\" target=\"_blank\"><img width=\"16\" height=\"9\" class=\"lozad\"  alt=\"Maire agress\u00e9 en Is\u00e8re: &quot;Le maire a directement \u00e9t\u00e9 frapp\u00e9 au niveau du thorax et du bras&quot;, d\u00e9clare \u00c9tienne Manteaux, procureur de la R\u00e9publique de Grenoble\"\/>1:14Maire agress\u00e9 en Is\u00e8re: \u00ab\u00a0Le maire a directement \u00e9t\u00e9 frapp\u00e9 au niveau du thorax et du bras\u00a0\u00bb, d\u00e9clare \u00c9tienne Manteaux, procureur de la R\u00e9publique de Grenoble<\/a><a href=\"https:\/\/www.bfmtv.com\/politique\/video-maires-agresses-on-a-une-augmentation-de-30-des-menaces-verbales-et-physiques-observe-abdoulaye-kante-policier_VN-202508100143.html\" title=\"Maires agress\u00e9s: &quot;On a une augmentation de 30% des menaces verbales et physiques&quot;, observe Abdoulaye Kant\u00e9, policier\" rel=\"nofollow noopener\" target=\"_blank\"><img width=\"16\" height=\"9\" class=\"lozad\"  alt=\"Maires agress\u00e9s: &quot;On a une augmentation de 30% des menaces verbales et physiques&quot;, observe Abdoulaye Kant\u00e9, policier\"\/>2:20Maires agress\u00e9s: \u00ab\u00a0On a une augmentation de 30% des menaces verbales et physiques\u00a0\u00bb, observe Abdoulaye Kant\u00e9, policier<\/a><a href=\"https:\/\/www.bfmtv.com\/politique\/video-maires-agresses-une-agression-contre-un-elu-n-est-jamais-acceptable-indique-philippe-laurent-maire-udi-de-sceaux_VN-202508100141.html\" title=\"Maires agress\u00e9s: &quot;Une agression contre un \u00e9lu n&#039;est jamais acceptable&quot;, indique Philippe Laurent, maire (UDI) de Sceaux\" rel=\"nofollow noopener\" target=\"_blank\"><img width=\"16\" height=\"9\" class=\"lozad\"  alt=\"Maires agress\u00e9s: &quot;Une agression contre un \u00e9lu n'est jamais acceptable&quot;, indique Philippe Laurent, maire (UDI) de Sceaux\"\/>2:03Maires agress\u00e9s: \u00ab\u00a0Une agression contre un \u00e9lu n&rsquo;est jamais acceptable\u00a0\u00bb, indique Philippe Laurent, maire (UDI) de Sceaux<\/a><a href=\"https:\/\/www.bfmtv.com\/police-justice\/video-bretagne-un-homme-tue-son-ex-compagne-dans-la-rue-l-auteur-des-faits-a-ete-abattu-par-un-gendarme_VN-202508100040.html\" title=\"Bretagne: un homme tue son ex-compagne dans la rue. L&#039;auteur des faits a \u00e9t\u00e9 abattu par un gendarme\" rel=\"nofollow noopener\" target=\"_blank\"><img width=\"16\" height=\"9\" class=\"lozad\"  alt=\"Bretagne: un homme tue son ex-compagne dans la rue. L'auteur des faits a \u00e9t\u00e9 abattu par un gendarme\"\/>1:20Bretagne: un homme tue son ex-compagne dans la rue. L&rsquo;auteur des faits a \u00e9t\u00e9 abattu par un gendarme<\/a><a href=\"https:\/\/www.bfmtv.com\/police-justice\/video-feminicide-en-ille-et-vilaine-deux-enquetes-ouvertes-le-militaire-en-garde-a-vue_VN-202508090273.html\" title=\"F\u00e9minicide en Ille-et-Vilaine: deux enqu\u00eates ouvertes, le militaire en garde \u00e0 vue\" rel=\"nofollow noopener\" target=\"_blank\"><img width=\"16\" height=\"9\" class=\"lozad\"  alt=\"F\u00e9minicide en Ille-et-Vilaine: deux enqu\u00eates ouvertes, le militaire en garde \u00e0 vue\"\/>1:38F\u00e9minicide en Ille-et-Vilaine: deux enqu\u00eates ouvertes, le militaire en garde \u00e0 vue<\/a><a href=\"https:\/\/www.bfmtv.com\/police-justice\/video-violences-contre-les-maires-comment-faire-pour-lutter-contre-les-agressions_VN-202508090231.html\" title=\"Violences contre les maires: comment faire pour lutter contre les agressions ?\" rel=\"nofollow noopener\" target=\"_blank\"><img width=\"16\" height=\"9\" class=\"lozad\"  alt=\"Violences contre les maires: comment faire pour lutter contre les agressions ?\"\/>1:11Violences contre les maires: comment faire pour lutter contre les agressions ?<\/a><a href=\"https:\/\/www.bfmtv.com\/police-justice\/video-bretagne-un-homme-tue-son-ex-compagne-avant-d-etre-abattu-par-un-gendarme_VN-202508090230.html\" title=\"Bretagne: un homme tue son ex-compagne avant d&#039;\u00eatre abattu par un gendarme\" rel=\"nofollow noopener\" target=\"_blank\"><img width=\"16\" height=\"9\" class=\"lozad\"  alt=\"Bretagne: un homme tue son ex-compagne avant d'\u00eatre abattu par un gendarme\"\/>0:34Bretagne: un homme tue son ex-compagne avant d&rsquo;\u00eatre abattu par un gendarme<\/a><a href=\"https:\/\/www.bfmtv.com\/police-justice\/video-essonne-un-adolescent-meurt-percute-par-un-vehicule-de-police-apres-un-refus-d-obtemperer_VN-202508090216.html\" title=\"Essonne: un adolescent meurt percut\u00e9 par un v\u00e9hicule de police apr\u00e8s un refus d&#039;obtemp\u00e9rer\" rel=\"nofollow noopener\" target=\"_blank\"><img width=\"16\" height=\"9\" class=\"lozad\"  alt=\"Essonne: un adolescent meurt percut\u00e9 par un v\u00e9hicule de police apr\u00e8s un refus d'obtemp\u00e9rer\"\/>1:15Essonne: un adolescent meurt percut\u00e9 par un v\u00e9hicule de police apr\u00e8s un refus d&rsquo;obtemp\u00e9rer<\/a><a href=\"https:\/\/www.bfmtv.com\/police-justice\/video-refus-d-obtemperer-a-bievres-un-ado-tue-l-igpn-saisie_VN-202508090194.html\" title=\"Refus d&#039;obtemp\u00e9rer \u00e0 Bi\u00e8vres: un ado tu\u00e9, l&#039;IGPN saisie\" rel=\"nofollow noopener\" target=\"_blank\"><img width=\"16\" height=\"9\" class=\"lozad\"  alt=\"Refus d'obtemp\u00e9rer \u00e0 Bi\u00e8vres: un ado tu\u00e9, l'IGPN saisie\"\/>1:17Refus d&rsquo;obtemp\u00e9rer \u00e0 Bi\u00e8vres: un ado tu\u00e9, l&rsquo;IGPN saisie<\/a><a href=\"https:\/\/www.bfmtv.com\/police-justice\/video-cigarette-allumee-sur-la-tombe-du-soldat-inconnu-l-homme-condamne-a-3-mois-de-prison-avec-sursis_VN-202508090147.html\" title=\"Cigarette allum\u00e9e sur la tombe du Soldat inconnu: l&#039;homme condamn\u00e9 \u00e0 3 mois de prison avec sursis\" rel=\"nofollow noopener\" target=\"_blank\"><img width=\"16\" height=\"9\" class=\"lozad\"  alt=\"Cigarette allum\u00e9e sur la tombe du Soldat inconnu: l'homme condamn\u00e9 \u00e0 3 mois de prison avec sursis\"\/>0:25Cigarette allum\u00e9e sur la tombe du Soldat inconnu: l&rsquo;homme condamn\u00e9 \u00e0 3 mois de prison avec sursis<\/a><a href=\"https:\/\/www.bfmtv.com\/police-justice\/video-je-regrette-amerement-l-homme-qui-a-allume-sa-cigarette-avec-la-flamme-du-soldat-inconnu-condamne-a-3-mois-de-prison-avec-sursis_VN-202508090066.html\" title=\"&quot;Je regrette am\u00e8rement&quot;: l&#039;homme qui a allum\u00e9 sa cigarette avec la flamme du soldat inconnu condamn\u00e9 \u00e0 3 mois de prison avec sursis \" rel=\"nofollow noopener\" target=\"_blank\"><img width=\"16\" height=\"9\" class=\"lozad\"  alt=\"&quot;Je regrette am\u00e8rement&quot;: l'homme qui a allum\u00e9 sa cigarette avec la flamme du soldat inconnu condamn\u00e9 \u00e0 3 mois de prison avec sursis \"\/>0:28&Prime;Je regrette am\u00e8rement\u00a0\u00bb: l&rsquo;homme qui a allum\u00e9 sa cigarette avec la flamme du soldat inconnu condamn\u00e9 \u00e0 3 mois de prison avec sursis<\/a><a href=\"https:\/\/www.bfmtv.com\/police-justice\/video-les-maires-de-france-veulent-agir-face-aux-multiples-agressions-qu-ils-subissent_VN-202508080472.html\" title=\"Les maires de France veulent agir face aux multiples agressions qu&#039;ils subissent\" rel=\"nofollow noopener\" target=\"_blank\"><img width=\"16\" height=\"9\" class=\"lozad\"  alt=\"Les maires de France veulent agir face aux multiples agressions qu'ils subissent\"\/>29:31Les maires de France veulent agir face aux multiples agressions qu&rsquo;ils subissent<\/a><a class=\"jumpToVideo\" target=\"_blank\"><img class=\"thumbnailPreview\"\/><\/a><\/p>\n","protected":false},"excerpt":{"rendered":"Maire agress\u00e9: \u00ab\u00a0Le maire \u00e9tait dans un pronostic vital engag\u00e9, le poumon a \u00e9t\u00e9 perfor\u00e9\u00a0\u00bb, indique \u00c9tienne Manteaux,&hellip;\n","protected":false},"author":2,"featured_media":309168,"comment_status":"","ping_status":"","sticky":false,"template":"","format":"standard","meta":{"footnotes":""},"categories":[9566],"tags":[1111,11,2430,1777,674,1011,27,2731,12,25],"class_list":{"0":"post-309167","1":"post","2":"type-post","3":"status-publish","4":"format-standard","5":"has-post-thumbnail","7":"category-grenoble","8":"tag-actu","9":"tag-actualites","10":"tag-auvergne-rhone-alpes","11":"tag-eu","12":"tag-europe","13":"tag-fr","14":"tag-france","15":"tag-grenoble","16":"tag-news","17":"tag-republique-francaise"},"share_on_mastodon":{"url":"https:\/\/pubeurope.com\/@fr\/115003868043196712","error":""},"_links":{"self":[{"href":"https:\/\/www.europesays.com\/fr\/wp-json\/wp\/v2\/posts\/309167","targetHints":{"allow":["GET"]}}],"collection":[{"href":"https:\/\/www.europesays.com\/fr\/wp-json\/wp\/v2\/posts"}],"about":[{"href":"https:\/\/www.europesays.com\/fr\/wp-json\/wp\/v2\/types\/post"}],"author":[{"embeddable":true,"href":"https:\/\/www.europesays.com\/fr\/wp-json\/wp\/v2\/users\/2"}],"replies":[{"embeddable":true,"href":"https:\/\/www.europesays.com\/fr\/wp-json\/wp\/v2\/comments?post=309167"}],"version-history":[{"count":0,"href":"https:\/\/www.europesays.com\/fr\/wp-json\/wp\/v2\/posts\/309167\/revisions"}],"wp:featuredmedia":[{"embeddable":true,"href":"https:\/\/www.europesays.com\/fr\/wp-json\/wp\/v2\/media\/309168"}],"wp:attachment":[{"href":"https:\/\/www.europesays.com\/fr\/wp-json\/wp\/v2\/media?parent=309167"}],"wp:term":[{"taxonomy":"category","embeddable":true,"href":"https:\/\/www.europesays.com\/fr\/wp-json\/wp\/v2\/categories?post=309167"},{"taxonomy":"post_tag","embeddable":true,"href":"https:\/\/www.europesays.com\/fr\/wp-json\/wp\/v2\/tags?post=309167"}],"curies":[{"name":"wp","href":"https:\/\/api.w.org\/{rel}","templated":true}]}}