{"id":309169,"date":"2025-08-10T09:55:20","date_gmt":"2025-08-10T09:55:20","guid":{"rendered":"https:\/\/www.europesays.com\/fr\/309169\/"},"modified":"2025-08-10T09:55:20","modified_gmt":"2025-08-10T09:55:20","slug":"marche-immobilier-a-rennes-legere-baisse-des-prix-dachat-en-aout-2025-moneyvox","status":"publish","type":"post","link":"https:\/\/www.europesays.com\/fr\/309169\/","title":{"rendered":"March\u00e9 immobilier \u00e0 Rennes : l\u00e9g\u00e8re baisse des prix d&#039;achat en ao\u00fbt 2025 &#8211; MoneyVox"},"content":{"rendered":"<ol>\n<li><a href=\"https:\/\/news.google.com\/rss\/articles\/CBMivgFBVV95cUxPTEpvbjZITElBd21SRXh4VjI5UXdBcDNVbGtiZ2tSeHhCdHF0VW44bW51d2ppM1RmendDT0N1ZlVWYm5mcDRkZkVUdF81M0Ztc0dfR0t6WXNOby11cGYtRDc0V29QUFd6VFNzZEN4MWZockxQWUxRY2FRNUxXTVJ6a0lvb3ZjT0tKSGdFdlo0VEpsckN4ZmlQdkVkWUJWY2NFUGpvaEtUWGE5RlRfNlRsdXp0WWR3aTFGQzlJZ2dB?oc=5\" target=\"_blank\" rel=\"noopener\">March\u00e9 immobilier \u00e0 Rennes : l\u00e9g\u00e8re baisse des prix d&rsquo;achat en ao\u00fbt 2025<\/a>&nbsp;&nbsp;MoneyVox<\/li>\n<li><a href=\"https:\/\/news.google.com\/rss\/articles\/CBMitgFBVV95cUxNTmt5VG45RlBpdzdhbllJaEJXSjFMenlXMzdJSDRLX0dZM3BvbEFaNDhtVTFILWZqUkJWNC03Ulc3VkdJYThUY3BHVXh1TmtyTXZ0VUgwRzBSdElLT25IUzVXMkZQRFlPWDkzZkdkNWJhMGpOSC1POFJiWWZ2RXUxOWNmbGpoS3UtSFU4Smpyb0hISnlEMzB2bGtPV2M3S3hKaS1qZklsd013UDRZaEJzVHRKRDNOUQ?oc=5\" target=\"_blank\" rel=\"noopener\">Lyon et sa p\u00e9riph\u00e9rie : 5 villes o\u00f9 les maisons redeviennent enfin accessibles<\/a>&nbsp;&nbsp;SeLoger<\/li>\n<li><a href=\"https:\/\/news.google.com\/rss\/articles\/CBMivwFBVV95cUxQamFMdHcwUkp3Zk41LUdRV0NiUU5UN0IxeU11bXU0X3RrYmZfYkhHZTJIRmtydkVaSkcyNEMyRi1sd00tY01zX2ZSTDVSSXg5RTllMXA5dnIwc2p0aWRWOHFqZ2hkQ1ZJQUdocGNlbjg3d041dl9hdFVZOHEtRHhVNUllOUJJRUkwbW52T0E4SnM4NEEtWm02Z0JKNHNXRlpiSDY5czBlTUJZSGs3UGVBaE1ZSTM1OHd6ZmxDLTRjVQ?oc=5\" target=\"_blank\" rel=\"noopener\">Autour de Bordeaux : 5 communes o\u00f9 les prix des maisons ont chut\u00e9 jusqu\u2019\u00e0 \u2013 18 %<\/a>&nbsp;&nbsp;SeLoger<\/li>\n<li><a href=\"https:\/\/news.google.com\/rss\/articles\/CBMiwgFBVV95cUxOS0tEXzk2TVo5U1c1Wi0xTktFaXhuU2p4TmRHd055eTM4TG1ydjNOYk15ckNwRW9IVFppRy1GQzFST1ZYUlhFNHJoLTZxbmFYTktHaDlVMDJTWVpCdjhvV2Jsenhxb281Z1FVaUZRcEpKTXR0d2xDWUc1WTR5NEE3UTJaRl9LSHFkcG5RSEY5QnkwTmFjdkFndnBsRjFkUl9hYTVEVU5ydEdDdExrbW1Mdmt6Z0NQamVBSjZ6TWJOVk5zQQ?oc=5\" target=\"_blank\" rel=\"noopener\">Trang\u00e9, Gu\u00e9c\u00e9lard, Spay\u2026 les villages autour du Mans o\u00f9 les prix des maisons baissent de \u2013 11 %<\/a>&nbsp;&nbsp;SeLoger<\/li>\n<li><a href=\"https:\/\/news.google.com\/rss\/articles\/CBMixAFBVV95cUxPMjZLYU5PeTZvdjNhQWNfaUJLSDF4dTVXdEFPYTZIczh6ck4ySDVzVjNqeUQ4SEk0Z3hTc2RNako4WTdkcHhxYk95SEdENjhUZkExX2ZXNGNhWm0yaG1WUlRRQlQ3b3NJR3VKaWs4ZFBXaTVGOWVtS1F3M3Njc0tvazMxWGRmWWlpaDU2UVRPMkU5MENiTVhCMzByZ3d4LTc1ZEV2aFhxX2Z0aUF2X1dUUHdUVEFNOGR2NFNsUmdJLUNzX2dG?oc=5\" target=\"_blank\" rel=\"noopener\">5 communes autour de Grenoble o\u00f9 les prix des maisons ont chut\u00e9 jusqu\u2019\u00e0 \u201318 %<\/a>&nbsp;&nbsp;SeLoger<\/li>\n<\/ol>\n","protected":false},"excerpt":{"rendered":"March\u00e9 immobilier \u00e0 Rennes : l\u00e9g\u00e8re baisse des prix d&rsquo;achat en ao\u00fbt 2025&nbsp;&nbsp;MoneyVox Lyon et sa p\u00e9riph\u00e9rie :&hellip;\n","protected":false},"author":2,"featured_media":309170,"comment_status":"","ping_status":"","sticky":false,"template":"","format":"standard","meta":{"footnotes":""},"categories":[2821],"tags":[5189,1111,11,829,1777,674,1011,27,44907,12,23656,584,25],"class_list":{"0":"post-309169","1":"post","2":"type-post","3":"status-publish","4":"format-standard","5":"has-post-thumbnail","7":"category-rennes","8":"tag-achat-immobilier","9":"tag-actu","10":"tag-actualites","11":"tag-bretagne","12":"tag-eu","13":"tag-europe","14":"tag-fr","15":"tag-france","16":"tag-location-immobiliu00e8re","17":"tag-news","18":"tag-prix-de-limmobilier","19":"tag-rennes","20":"tag-republique-francaise"},"share_on_mastodon":{"url":"https:\/\/pubeurope.com\/@fr\/115003871881589259","error":""},"_links":{"self":[{"href":"https:\/\/www.europesays.com\/fr\/wp-json\/wp\/v2\/posts\/309169","targetHints":{"allow":["GET"]}}],"collection":[{"href":"https:\/\/www.europesays.com\/fr\/wp-json\/wp\/v2\/posts"}],"about":[{"href":"https:\/\/www.europesays.com\/fr\/wp-json\/wp\/v2\/types\/post"}],"author":[{"embeddable":true,"href":"https:\/\/www.europesays.com\/fr\/wp-json\/wp\/v2\/users\/2"}],"replies":[{"embeddable":true,"href":"https:\/\/www.europesays.com\/fr\/wp-json\/wp\/v2\/comments?post=309169"}],"version-history":[{"count":0,"href":"https:\/\/www.europesays.com\/fr\/wp-json\/wp\/v2\/posts\/309169\/revisions"}],"wp:featuredmedia":[{"embeddable":true,"href":"https:\/\/www.europesays.com\/fr\/wp-json\/wp\/v2\/media\/309170"}],"wp:attachment":[{"href":"https:\/\/www.europesays.com\/fr\/wp-json\/wp\/v2\/media?parent=309169"}],"wp:term":[{"taxonomy":"category","embeddable":true,"href":"https:\/\/www.europesays.com\/fr\/wp-json\/wp\/v2\/categories?post=309169"},{"taxonomy":"post_tag","embeddable":true,"href":"https:\/\/www.europesays.com\/fr\/wp-json\/wp\/v2\/tags?post=309169"}],"curies":[{"name":"wp","href":"https:\/\/api.w.org\/{rel}","templated":true}]}}