{"id":309171,"date":"2025-08-10T09:57:03","date_gmt":"2025-08-10T09:57:03","guid":{"rendered":"https:\/\/www.europesays.com\/fr\/309171\/"},"modified":"2025-08-10T09:57:03","modified_gmt":"2025-08-10T09:57:03","slug":"maillot-third-25-26-le-marche-des-lices-pour-inspiration","status":"publish","type":"post","link":"https:\/\/www.europesays.com\/fr\/309171\/","title":{"rendered":"Maillot third 25\/26\u00a0: le march\u00e9 des Lices pour inspiration"},"content":{"rendered":"<p><strong>Un hommage vibrant au c\u0153ur battant de Rennes\u00a0<\/strong><\/p>\n<p>La tunique se pare d\u2019un noir profond, symbole d\u2019\u00e9l\u00e9gance et de force. Le col rond et les manches rappellent l\u2019architecture et les motifs rouges et or des briques de la Halle Martenot, b\u00e2timent iconique du march\u00e9, comme un clin d\u2019\u0153il aux racines locales que le club n\u2019a jamais cess\u00e9 de c\u00e9l\u00e9brer.\u00a0<\/p>\n<p><strong>Un reveal ancr\u00e9 dans la tradition rennaise\u00a0<\/strong><\/p>\n<p>Pour sublimer cette cr\u00e9ation, PUMA et le Stade Rennais F.C. ont organis\u00e9 un shooting photo immersif et r\u00e9actif ce matin au c\u0153ur m\u00eame du march\u00e9 des Lices. Pour rendre hommage \u00e0 ceux qui font le march\u00e9 tous les jours, ce sont des commer\u00e7ants locaux qui ont port\u00e9 le maillot, entre effluves de galettes-saucisses et regards complices, faisant du reveal un vrai moment de vie rennaise.<\/p>\n<p>\u00a0<\/p>\n<p><img decoding=\"async\" class=\"picture\" src=\"https:\/\/www.europesays.com\/fr\/wp-content\/uploads\/2025\/08\/dsc03927.jpg.webp\" alt=\"\" loading=\"lazy\"\/>\u00a9 Stade Rennais F.C.<\/p>\n<p><strong>Un lancement en avant-premi\u00e8re au c\u0153ur du march\u00e9\u00a0<\/strong><\/p>\n<p>Pour c\u00e9l\u00e9brer ce lancement comme il se doit, PUMA et le Stade Rennais F.C. ont organis\u00e9 une journ\u00e9e 100% rennaise, rythm\u00e9e par les codes de la ville. Apr\u00e8s le reveal du maillot au c\u0153ur du march\u00e9 des Lices, supporters, commer\u00e7ants et personnalit\u00e9s rennaises se sont retrouv\u00e9s dans l\u2019un des bars embl\u00e9matiques de la place des Lices pour un moment de convivialit\u00e9 typique : galettes-saucisses, musique avec DJ et ambiance de march\u00e9 au rendez-vous, avant d\u2019aller encourager les Rennais ce soir au Roazhon Park. Plus qu\u2019un reveal, cette activation est un clin d&rsquo;\u0153il vivant et chaleureux \u00e0 l\u2019art de vivre rennais et au respect du traditionnel \u201cretour de march\u00e9\u201d.<\/p>\n<p>\u00a0<\/p>\n<p><strong>Le maillot sera port\u00e9 pour la premi\u00e8re fois par les joueurs ce samedi 9 ao\u00fbt lors de la rencontre amicale contre le Genoa.<\/strong><\/p>\n<p>\u00a0<\/p>\n<p><img decoding=\"async\" class=\"picture\" src=\"https:\/\/www.europesays.com\/fr\/wp-content\/uploads\/2025\/08\/dsc04755.jpg.webp\" alt=\"\" loading=\"lazy\"\/>\u00a9 Stade Rennais F.C.<\/p>\n","protected":false},"excerpt":{"rendered":"Un hommage vibrant au c\u0153ur battant de Rennes\u00a0 La tunique se pare d\u2019un noir profond, symbole d\u2019\u00e9l\u00e9gance et&hellip;\n","protected":false},"author":2,"featured_media":309172,"comment_status":"","ping_status":"","sticky":false,"template":"","format":"standard","meta":{"footnotes":""},"categories":[2821],"tags":[1111,11,829,1777,674,1011,27,12,584,25],"class_list":{"0":"post-309171","1":"post","2":"type-post","3":"status-publish","4":"format-standard","5":"has-post-thumbnail","7":"category-rennes","8":"tag-actu","9":"tag-actualites","10":"tag-bretagne","11":"tag-eu","12":"tag-europe","13":"tag-fr","14":"tag-france","15":"tag-news","16":"tag-rennes","17":"tag-republique-francaise"},"share_on_mastodon":{"url":"https:\/\/pubeurope.com\/@fr\/115003879895259424","error":""},"_links":{"self":[{"href":"https:\/\/www.europesays.com\/fr\/wp-json\/wp\/v2\/posts\/309171","targetHints":{"allow":["GET"]}}],"collection":[{"href":"https:\/\/www.europesays.com\/fr\/wp-json\/wp\/v2\/posts"}],"about":[{"href":"https:\/\/www.europesays.com\/fr\/wp-json\/wp\/v2\/types\/post"}],"author":[{"embeddable":true,"href":"https:\/\/www.europesays.com\/fr\/wp-json\/wp\/v2\/users\/2"}],"replies":[{"embeddable":true,"href":"https:\/\/www.europesays.com\/fr\/wp-json\/wp\/v2\/comments?post=309171"}],"version-history":[{"count":0,"href":"https:\/\/www.europesays.com\/fr\/wp-json\/wp\/v2\/posts\/309171\/revisions"}],"wp:featuredmedia":[{"embeddable":true,"href":"https:\/\/www.europesays.com\/fr\/wp-json\/wp\/v2\/media\/309172"}],"wp:attachment":[{"href":"https:\/\/www.europesays.com\/fr\/wp-json\/wp\/v2\/media?parent=309171"}],"wp:term":[{"taxonomy":"category","embeddable":true,"href":"https:\/\/www.europesays.com\/fr\/wp-json\/wp\/v2\/categories?post=309171"},{"taxonomy":"post_tag","embeddable":true,"href":"https:\/\/www.europesays.com\/fr\/wp-json\/wp\/v2\/tags?post=309171"}],"curies":[{"name":"wp","href":"https:\/\/api.w.org\/{rel}","templated":true}]}}