{"id":309173,"date":"2025-08-10T09:59:38","date_gmt":"2025-08-10T09:59:38","guid":{"rendered":"https:\/\/www.europesays.com\/fr\/309173\/"},"modified":"2025-08-10T09:59:38","modified_gmt":"2025-08-10T09:59:38","slug":"dambach-la-ville-deux-a-trois-kilometres-de-bouchons-apres-un-accident-sur-la35-pres-de-selestat","status":"publish","type":"post","link":"https:\/\/www.europesays.com\/fr\/309173\/","title":{"rendered":"Dambach-la-Ville. Deux \u00e0 trois kilom\u00e8tres de bouchons apr\u00e8s un accident sur l\u2019A35 pr\u00e8s de S\u00e9lestat"},"content":{"rendered":"<p>Une conductrice de 21 ans est venue percuter la glissi\u00e8re centrale de s\u00e9curit\u00e9 samedi 9\u00a0ao\u00fbt peu apr\u00e8s 14\u00a0h, alors qu\u2019elle circulait sur l\u2019A35 dans le sens Colmar-Strasbourg. L\u2019accident s\u2019est produit \u00e0 hauteur de Dambach-la-Ville et du poste de la gendarmerie de l\u2019autoroute, presque en face de <a href=\"https:\/\/www.dna.fr\/faits-divers-justice\/2025\/08\/09\/un-septuagenaire-decede-apres-une-sortie-de-route-sur-l-a35-a-dambach-la-ville\" target=\"_blank\" rel=\"noopener\">l\u2019accident mortel intervenu en matin\u00e9e<\/a>. Cette fois, la conductrice n\u2019est que l\u00e9g\u00e8rement bless\u00e9e. Elle a \u00e9t\u00e9 transport\u00e9e par les pompiers de S\u00e9lestat vers l\u2019h\u00f4pital de S\u00e9lestat. La circulation s\u2019est faite uniquement sur la voie de droite. Un bouchon de deux \u00e0 trois kilom\u00e8tres s\u2019est form\u00e9. Peu apr\u00e8s 15\u00a0h, la circulation a \u00e9t\u00e9 r\u00e9tablie et le bouchon a commenc\u00e9 \u00e0 se r\u00e9sorber.<\/p>\n","protected":false},"excerpt":{"rendered":"Une conductrice de 21 ans est venue percuter la glissi\u00e8re centrale de s\u00e9curit\u00e9 samedi 9\u00a0ao\u00fbt peu apr\u00e8s 14\u00a0h,&hellip;\n","protected":false},"author":2,"featured_media":309174,"comment_status":"","ping_status":"","sticky":false,"template":"","format":"standard","meta":{"footnotes":""},"categories":[2820],"tags":[119,1111,11,2649,26193,26192,24625,3143,1777,674,274,1011,27,775,12,25,640],"class_list":{"0":"post-309173","1":"post","2":"type-post","3":"status-publish","4":"format-standard","5":"has-post-thumbnail","7":"category-strasbourg","8":"tag-accident","9":"tag-actu","10":"tag-actualites","11":"tag-bas-rhin","12":"tag-bernstein","13":"tag-dambach-la-ville","14":"tag-edition-molsheim-obernai","15":"tag-edition-selestat-erstein","16":"tag-eu","17":"tag-europe","18":"tag-faits-divers-justice","19":"tag-fr","20":"tag-france","21":"tag-grand-est","22":"tag-news","23":"tag-republique-francaise","24":"tag-strasbourg"},"share_on_mastodon":{"url":"https:\/\/pubeurope.com\/@fr\/115003887682477363","error":""},"_links":{"self":[{"href":"https:\/\/www.europesays.com\/fr\/wp-json\/wp\/v2\/posts\/309173","targetHints":{"allow":["GET"]}}],"collection":[{"href":"https:\/\/www.europesays.com\/fr\/wp-json\/wp\/v2\/posts"}],"about":[{"href":"https:\/\/www.europesays.com\/fr\/wp-json\/wp\/v2\/types\/post"}],"author":[{"embeddable":true,"href":"https:\/\/www.europesays.com\/fr\/wp-json\/wp\/v2\/users\/2"}],"replies":[{"embeddable":true,"href":"https:\/\/www.europesays.com\/fr\/wp-json\/wp\/v2\/comments?post=309173"}],"version-history":[{"count":0,"href":"https:\/\/www.europesays.com\/fr\/wp-json\/wp\/v2\/posts\/309173\/revisions"}],"wp:featuredmedia":[{"embeddable":true,"href":"https:\/\/www.europesays.com\/fr\/wp-json\/wp\/v2\/media\/309174"}],"wp:attachment":[{"href":"https:\/\/www.europesays.com\/fr\/wp-json\/wp\/v2\/media?parent=309173"}],"wp:term":[{"taxonomy":"category","embeddable":true,"href":"https:\/\/www.europesays.com\/fr\/wp-json\/wp\/v2\/categories?post=309173"},{"taxonomy":"post_tag","embeddable":true,"href":"https:\/\/www.europesays.com\/fr\/wp-json\/wp\/v2\/tags?post=309173"}],"curies":[{"name":"wp","href":"https:\/\/api.w.org\/{rel}","templated":true}]}}