{"id":309179,"date":"2025-08-10T10:02:26","date_gmt":"2025-08-10T10:02:26","guid":{"rendered":"https:\/\/www.europesays.com\/fr\/309179\/"},"modified":"2025-08-10T10:02:26","modified_gmt":"2025-08-10T10:02:26","slug":"un-homme-blesse-grave-apres-un-accident-de-deux-roues-en-sud-loire","status":"publish","type":"post","link":"https:\/\/www.europesays.com\/fr\/309179\/","title":{"rendered":"Un homme bless\u00e9 grave apr\u00e8s un accident de deux-roues en Sud Loire"},"content":{"rendered":"<p>Les secours \u00e9voquent un choc \u00e0 forte cin\u00e9tique.<\/p>\n<p>Vers 17 h 30 samedi 9 ao\u00fbt 2025, un accident est survenu entre une voiture et un deux-roues \u00e0 Montbert, sur la route d\u00e9partementale RD 117.<\/p>\n<p>Deux bless\u00e9s<\/p>\n<p>Le bilan est de deux bless\u00e9s, selon le Centre op\u00e9rationnel d\u2019incendie et de secours (Codis) de Loire-Atlantique. Il s\u2019agit d\u2019un homme de quarante transport\u00e9 vers le CHU de Nantes. \u00c9galement \u00e9vacu\u00e9e, une femme de 21 ans est plus l\u00e9g\u00e8rement bless\u00e9e. Le conducteur de la voiture est sain et sauf.<\/p>\n<p>Les circonstances de la collision ne sont pas pr\u00e9cis\u00e9es. La gendarmerie ainsi que le Smur avaient \u00e9t\u00e9 d\u00e9p\u00each\u00e9s sur les lieux.<\/p>\n<p>L\u2019intervention a mobilis\u00e9 dix pompiers et quatre engins.<\/p>\n<p>\u00a0<\/p>\n","protected":false},"excerpt":{"rendered":"Les secours \u00e9voquent un choc \u00e0 forte cin\u00e9tique. Vers 17 h 30 samedi 9 ao\u00fbt 2025, un accident&hellip;\n","protected":false},"author":2,"featured_media":309180,"comment_status":"","ping_status":"","sticky":false,"template":"","format":"standard","meta":{"footnotes":""},"categories":[2818],"tags":[119,1111,11,3916,9582,1777,674,1011,27,16871,4933,3367,766,12,2636,25,7053],"class_list":{"0":"post-309179","1":"post","2":"type-post","3":"status-publish","4":"format-standard","5":"has-post-thumbnail","7":"category-nantes","8":"tag-accident","9":"tag-actu","10":"tag-actualites","11":"tag-blesse","12":"tag-deux-roues","13":"tag-eu","14":"tag-europe","15":"tag-fr","16":"tag-france","17":"tag-grave","18":"tag-homme","19":"tag-loire","20":"tag-nantes","21":"tag-news","22":"tag-pays-de-la-loire","23":"tag-republique-francaise","24":"tag-sud"},"share_on_mastodon":{"url":"https:\/\/pubeurope.com\/@fr\/115003899515253984","error":""},"_links":{"self":[{"href":"https:\/\/www.europesays.com\/fr\/wp-json\/wp\/v2\/posts\/309179","targetHints":{"allow":["GET"]}}],"collection":[{"href":"https:\/\/www.europesays.com\/fr\/wp-json\/wp\/v2\/posts"}],"about":[{"href":"https:\/\/www.europesays.com\/fr\/wp-json\/wp\/v2\/types\/post"}],"author":[{"embeddable":true,"href":"https:\/\/www.europesays.com\/fr\/wp-json\/wp\/v2\/users\/2"}],"replies":[{"embeddable":true,"href":"https:\/\/www.europesays.com\/fr\/wp-json\/wp\/v2\/comments?post=309179"}],"version-history":[{"count":0,"href":"https:\/\/www.europesays.com\/fr\/wp-json\/wp\/v2\/posts\/309179\/revisions"}],"wp:featuredmedia":[{"embeddable":true,"href":"https:\/\/www.europesays.com\/fr\/wp-json\/wp\/v2\/media\/309180"}],"wp:attachment":[{"href":"https:\/\/www.europesays.com\/fr\/wp-json\/wp\/v2\/media?parent=309179"}],"wp:term":[{"taxonomy":"category","embeddable":true,"href":"https:\/\/www.europesays.com\/fr\/wp-json\/wp\/v2\/categories?post=309179"},{"taxonomy":"post_tag","embeddable":true,"href":"https:\/\/www.europesays.com\/fr\/wp-json\/wp\/v2\/tags?post=309179"}],"curies":[{"name":"wp","href":"https:\/\/api.w.org\/{rel}","templated":true}]}}