{"id":309185,"date":"2025-08-10T10:06:10","date_gmt":"2025-08-10T10:06:10","guid":{"rendered":"https:\/\/www.europesays.com\/fr\/309185\/"},"modified":"2025-08-10T10:06:10","modified_gmt":"2025-08-10T10:06:10","slug":"toulouse-il-peche-dans-la-garonne-pres-dun-barrage-quelle-est-la-reglementation","status":"publish","type":"post","link":"https:\/\/www.europesays.com\/fr\/309185\/","title":{"rendered":"Toulouse. Il p\u00eache dans la Garonne pr\u00e8s d&rsquo;un barrage : quelle est la r\u00e9glementation\u00a0?"},"content":{"rendered":"<p>            Par<br \/>\n        <strong><br \/>\n            <a href=\"https:\/\/actu.fr\/auteur\/lea-afonso\" title=\"Consulter tous les articles de L\u00e9a Afonso\" target=\"_blank\" rel=\"noopener\">L\u00e9a Afonso<\/a><br \/>\n        <\/strong><\/p>\n<p>        Publi\u00e9 le<\/p>\n<p>            10 ao\u00fbt 2025 \u00e0 11h10        <\/p>\n<p>\u00c0 <strong><a href=\"https:\/\/actu.fr\/toulouse\/\" target=\"_blank\" rel=\"noopener\">Toulouse<\/a><\/strong>, le barrage du <strong>Bazacle<\/strong> est bien plus qu\u2019un simple ouvrage hydraulique. Haut lieu de culture et de convivialit\u00e9 \u2014 entre <a href=\"https:\/\/actu.fr\/occitanie\/toulouse_31555\/cette-exposition-qui-debarque-a-toulouse-est-une-premiere-en-france-l-experience-promet-d-etre-inedite_62780859.html\" target=\"_blank\" rel=\"noopener\">expositions<\/a>, animations et <a href=\"https:\/\/actu.fr\/occitanie\/toulouse_31555\/toulouse-ce-restaurant-ephemere-avec-vue-imprenable-sur-la-garonne-revient-avec-une-toute-nouvelle-carte_62612317.html\" target=\"_blank\" rel=\"noopener\">guinguette estivale<\/a> \u2014 on en oublierait presque sa vocation premi\u00e8re\u2009: celle de <strong>r\u00e9guler le cours<\/strong> de la Garonne. Une mission imp\u00e9rieuse qui implique des r\u00e8gles strictes, notamment en mati\u00e8re de p\u00eache\u2026 Alors en cet \u00e9t\u00e9 2025, quelles sont les <strong>r\u00e9glementations en vigueur pour les p\u00eacheurs<\/strong> de la Ville rose ? Ce qu\u2019il faut savoir.<\/p>\n<p>Un p\u00e9rim\u00e8tre strictement interdit \u00e0 la p\u00eache<\/p>\n<p class=\" wall-content\">Il n\u2019est pas rare d\u2019apercevoir des p\u00eacheurs, canne \u00e0 la main, install\u00e9s tout pr\u00e8s du Bazacle, parfois m\u00eame en plein c\u0153ur de la Garonne, \u00e0 quelques m\u00e8tres du <strong>barrage\u2026<\/strong>\u00a0Mais attention\u2009: cette zone est formellement <strong>interdite \u00e0 la pratique de la p\u00eache.<\/strong><\/p>\n<p class=\" wall-content\">La F\u00e9d\u00e9ration de p\u00eache de la Haute-Garonne rappelle que \u00ab\u2009la p\u00eache est interdite dans un p\u00e9rim\u00e8tre de<strong> 50\u00a0m\u00e8tres en aval de tout barrage sur la Garonne<\/strong>\u2009\u00bb. Concr\u00e8tement, pour le Bazacle, cela concerne un espace allant de \u00ab\u2009la prise d\u2019eau du canal de Brienne (rive droite) et de son aplomb sur la rive gauche jusqu\u2019au pont des Catalans inclus\u2009\u00bb.<\/p>\n<p>    <img   decoding=\"async\" loading=\"lazy\" src=\"https:\/\/www.europesays.com\/fr\/wp-content\/uploads\/2025\/08\/zone-de-peche-interdite-960x640.jpg\" alt=\"Voici la zone de p\u00eache interdite, disponible sur le site de la f\u00e9d\u00e9ration de p\u00eache de la Haute-Garonne. \" width=\"960\" height=\"640\"\/><br \/>\n    Voici la zone de p\u00eache interdite, disponible sur le site de la f\u00e9d\u00e9ration de p\u00eache de la Haute-Garonne. (\u00a9Capture d\u2019\u00e9cran f\u00e9d\u00e9ration de p\u00eache de la Haute-Garonne)EDF renforce les consignes de s\u00e9curit\u00e9<\/p>\n<p class=\" wall-content\">Contact\u00e9 par Actu Toulouse, EDF \u2014 exploitant du site \u2014 pr\u00e9cise que \u00ab\u2009la<strong> chauss\u00e9e du Bazacle est totalement interdite au public<\/strong>, quelle que soit la quantit\u00e9 d\u2019eau qui s\u2019y \u00e9coule\u2009\u00bb, et ajoute\u2009: \u00ab\u2009La p\u00eache y est \u00e9galement interdite, depuis le pied de la chauss\u00e9e jusqu\u2019\u00e0 50 m\u00e8tres en aval\u2009\u00bb.<\/p>\n<p class=\" wall-content\">Le producteur d\u2019\u00e9lectricit\u00e9 insiste sur l\u2019importance du <strong>respect de la r\u00e9glementation<\/strong> en vigueur et des <strong>panneaux d\u2019alerte<\/strong> install\u00e9s \u00e0 proximit\u00e9 de ses ouvrages. \u00ab\u00a0Les risques li\u00e9s aux variations soudaines de d\u00e9bit ou aux man\u0153uvres hydrauliques sont r\u00e9els\u00a0\u00bb, et \u00ab\u00a0ces interdictions visent avant tout \u00e0 garantir la s\u00e9curit\u00e9 des usagers\u00a0\u00bb.<\/p>\n<p>Une campagne de pr\u00e9vention d\u00e9ploy\u00e9e \u00e0 l\u2019\u00e9chelle nationale<\/p>\n<p class=\" wall-content\">Pour pr\u00e9venir les comportements \u00e0 risque, EDF d\u00e9ploie chaque \u00e9t\u00e9 une <strong>campagne nationale de sensibilisation autour de ses barrages.<\/strong> Cette campagne s\u2019appuie sur plusieurs outils\u2009:<\/p>\n<ul class=\" wall-content\">\n<li>Des panneaux de s\u00e9curit\u00e9 install\u00e9s le long des cours d\u2019eau<\/li>\n<li>Des balises nautiques positionn\u00e9es en amont des ouvrages<\/li>\n<li>La pr\u00e9sence d\u2019hydroguides \u2014 agents de pr\u00e9vention \u2014 sur le terrain<\/li>\n<li>Une signalisation renforc\u00e9e aux abords des zones jug\u00e9es dangereuses.<\/li>\n<\/ul>\n<p class=\" wall-content\">L\u2019objectif est clair\u2009: prot\u00e9ger les p\u00eacheurs, les promeneurs et les amateurs de loisirs aquatiques, souvent inconscients des <strong>dangers potentiels<\/strong> autour de ces infrastructures.<\/p>\n<p class=\" wall-content\">Suivez toute l\u2019actualit\u00e9 de vos villes et m\u00e9dias favoris en vous inscrivant \u00e0 <a href=\"https:\/\/moncompte.actu.fr\" title=\"D\u00e9couvez Mon Actu\" rel=\"nofollow noopener\" data-trk=\"{&quot;cta&quot;:{&quot;action&quot;:&quot;https:\\\/\\\/moncompte.actu.fr&quot;,&quot;category&quot;:&quot;mon compte&quot;,&quot;from&quot;:&quot;article footer&quot;,&quot;name&quot;:&quot;Mon actu&quot;,&quot;type&quot;:&quot;cta&quot;}}\" target=\"_blank\">Mon Actu<\/a>.<\/p>\n","protected":false},"excerpt":{"rendered":"Par L\u00e9a Afonso Publi\u00e9 le 10 ao\u00fbt 2025 \u00e0 11h10 \u00c0 Toulouse, le barrage du Bazacle est bien&hellip;\n","protected":false},"author":2,"featured_media":309186,"comment_status":"","ping_status":"","sticky":false,"template":"","format":"standard","meta":{"footnotes":""},"categories":[2816],"tags":[1111,11,1777,674,1011,27,5601,12,2680,25,104,2312],"class_list":{"0":"post-309185","1":"post","2":"type-post","3":"status-publish","4":"format-standard","5":"has-post-thumbnail","7":"category-toulouse","8":"tag-actu","9":"tag-actualites","10":"tag-eu","11":"tag-europe","12":"tag-fr","13":"tag-france","14":"tag-garonne","15":"tag-news","16":"tag-occitanie","17":"tag-republique-francaise","18":"tag-societe","19":"tag-toulouse"},"share_on_mastodon":{"url":"https:\/\/pubeurope.com\/@fr\/115003915289398314","error":""},"_links":{"self":[{"href":"https:\/\/www.europesays.com\/fr\/wp-json\/wp\/v2\/posts\/309185","targetHints":{"allow":["GET"]}}],"collection":[{"href":"https:\/\/www.europesays.com\/fr\/wp-json\/wp\/v2\/posts"}],"about":[{"href":"https:\/\/www.europesays.com\/fr\/wp-json\/wp\/v2\/types\/post"}],"author":[{"embeddable":true,"href":"https:\/\/www.europesays.com\/fr\/wp-json\/wp\/v2\/users\/2"}],"replies":[{"embeddable":true,"href":"https:\/\/www.europesays.com\/fr\/wp-json\/wp\/v2\/comments?post=309185"}],"version-history":[{"count":0,"href":"https:\/\/www.europesays.com\/fr\/wp-json\/wp\/v2\/posts\/309185\/revisions"}],"wp:featuredmedia":[{"embeddable":true,"href":"https:\/\/www.europesays.com\/fr\/wp-json\/wp\/v2\/media\/309186"}],"wp:attachment":[{"href":"https:\/\/www.europesays.com\/fr\/wp-json\/wp\/v2\/media?parent=309185"}],"wp:term":[{"taxonomy":"category","embeddable":true,"href":"https:\/\/www.europesays.com\/fr\/wp-json\/wp\/v2\/categories?post=309185"},{"taxonomy":"post_tag","embeddable":true,"href":"https:\/\/www.europesays.com\/fr\/wp-json\/wp\/v2\/tags?post=309185"}],"curies":[{"name":"wp","href":"https:\/\/api.w.org\/{rel}","templated":true}]}}