{"id":309197,"date":"2025-08-10T10:13:10","date_gmt":"2025-08-10T10:13:10","guid":{"rendered":"https:\/\/www.europesays.com\/fr\/309197\/"},"modified":"2025-08-10T10:13:10","modified_gmt":"2025-08-10T10:13:10","slug":"des-voitures-radar-privees-bientot-sur-les-routes-du-rhone","status":"publish","type":"post","link":"https:\/\/www.europesays.com\/fr\/309197\/","title":{"rendered":"Des voitures-radar priv\u00e9es bient\u00f4t sur les routes du Rh\u00f4ne"},"content":{"rendered":"<p>                            <img loading=\"lazy\" width=\"1200\" height=\"800\" class=\"attachment-article size-article wp-post-image lazyload\" alt=\"voiture route conduite @Pexels\" decoding=\"async\" src=\"https:\/\/www.europesays.com\/fr\/wp-content\/uploads\/2025\/08\/pexels-jeshoots-com-147458-13861.jpg\" data-eio-rwidth=\"1200\" data-eio-rheight=\"800\"\/><\/p>\n<p>Photo d\u2019illustration @Pexels<\/p>\n<p class=\"content\" style=\"font-size:1.2em;font-weight:700\">Elles sont banalis\u00e9es, circulent tous les jours et peuvent flasher sans \u00eatre rep\u00e9r\u00e9es. Les voitures-radar priv\u00e9es, baptis\u00e9es \u00ab Dexter \u00bb, seront bient\u00f4t en service \u00e0 Lyon et dans le Rh\u00f4ne.<\/p>\n<p>D\u00e9j\u00e0 d\u00e9ploy\u00e9 dans plusieurs d\u00e9partements d\u2019Auvergne-Rh\u00f4ne-Alpes, le dispositif est en phase de reconnaissance dans le Rh\u00f4ne. Les parcours doivent \u00eatre valid\u00e9s par la Direction d\u00e9partementale des territoires. La mise en service pourrait intervenir d\u00e8s la rentr\u00e9e, selon la pr\u00e9fecture. L\u2019objectif : renforcer les contr\u00f4les sur les axes les plus accidentog\u00e8nes et lib\u00e9rer du temps aux forces de l\u2019ordre.<\/p>\n<p>En 2025, le d\u00e9partement a d\u00e9j\u00e0 enregistr\u00e9 880 accidents corporels, soit 35 % de plus qu\u2019\u00e0 la m\u00eame p\u00e9riode en 2024. Trente-quatre personnes ont perdu la vie depuis janvier. Les autorit\u00e9s appellent les usagers \u00e0 la prudence, notamment face \u00e0 la vitesse, premi\u00e8re cause d\u2019accidents mortels.<\/p>\n<p><strong>Lire aussi : <a href=\"https:\/\/www.lyoncapitale.fr\/societe\/a-lyon-ces-riverains-excedes-par-des-deux-roues-trop-bruyants-exhortent-la-metropole-a-agir\" target=\"_blank\" rel=\"noreferrer noopener nofollow\">\u00c0 Lyon, ces riverains exc\u00e9d\u00e9s par des deux-roues trop bruyants exhortent la M\u00e9tropole \u00e0 agir<\/a><\/strong><\/p>\n","protected":false},"excerpt":{"rendered":"Photo d\u2019illustration @Pexels Elles sont banalis\u00e9es, circulent tous les jours et peuvent flasher sans \u00eatre rep\u00e9r\u00e9es. Les voitures-radar&hellip;\n","protected":false},"author":2,"featured_media":309198,"comment_status":"","ping_status":"","sticky":false,"template":"","format":"standard","meta":{"footnotes":""},"categories":[1889],"tags":[1111,11,2430,1777,674,1011,27,2428,1137,12,25,2429,656],"class_list":{"0":"post-309197","1":"post","2":"type-post","3":"status-publish","4":"format-standard","5":"has-post-thumbnail","7":"category-lyon","8":"tag-actu","9":"tag-actualites","10":"tag-auvergne-rhone-alpes","11":"tag-eu","12":"tag-europe","13":"tag-fr","14":"tag-france","15":"tag-lyon","16":"tag-mobilite","17":"tag-news","18":"tag-republique-francaise","19":"tag-rhone","20":"tag-securite"},"share_on_mastodon":{"url":"https:\/\/pubeurope.com\/@fr\/115003942727179283","error":""},"_links":{"self":[{"href":"https:\/\/www.europesays.com\/fr\/wp-json\/wp\/v2\/posts\/309197","targetHints":{"allow":["GET"]}}],"collection":[{"href":"https:\/\/www.europesays.com\/fr\/wp-json\/wp\/v2\/posts"}],"about":[{"href":"https:\/\/www.europesays.com\/fr\/wp-json\/wp\/v2\/types\/post"}],"author":[{"embeddable":true,"href":"https:\/\/www.europesays.com\/fr\/wp-json\/wp\/v2\/users\/2"}],"replies":[{"embeddable":true,"href":"https:\/\/www.europesays.com\/fr\/wp-json\/wp\/v2\/comments?post=309197"}],"version-history":[{"count":0,"href":"https:\/\/www.europesays.com\/fr\/wp-json\/wp\/v2\/posts\/309197\/revisions"}],"wp:featuredmedia":[{"embeddable":true,"href":"https:\/\/www.europesays.com\/fr\/wp-json\/wp\/v2\/media\/309198"}],"wp:attachment":[{"href":"https:\/\/www.europesays.com\/fr\/wp-json\/wp\/v2\/media?parent=309197"}],"wp:term":[{"taxonomy":"category","embeddable":true,"href":"https:\/\/www.europesays.com\/fr\/wp-json\/wp\/v2\/categories?post=309197"},{"taxonomy":"post_tag","embeddable":true,"href":"https:\/\/www.europesays.com\/fr\/wp-json\/wp\/v2\/tags?post=309197"}],"curies":[{"name":"wp","href":"https:\/\/api.w.org\/{rel}","templated":true}]}}