{"id":309201,"date":"2025-08-10T10:17:15","date_gmt":"2025-08-10T10:17:15","guid":{"rendered":"https:\/\/www.europesays.com\/fr\/309201\/"},"modified":"2025-08-10T10:17:15","modified_gmt":"2025-08-10T10:17:15","slug":"guerre-a-gaza-evacuations-conquete-de-gaza-ville-ce-que-prevoit-le-plan-presente-par-netanyahou","status":"publish","type":"post","link":"https:\/\/www.europesays.com\/fr\/309201\/","title":{"rendered":"Guerre \u00e0 Gaza\u00a0: \u00e9vacuations, conqu\u00eate de Gaza-ville\u2026 ce que pr\u00e9voit le plan pr\u00e9sent\u00e9 par Netanyahou"},"content":{"rendered":"<p class=\"paragraph text_align_left lp-f-body-02\">C\u2019est une annonce qui a <a href=\"https:\/\/www.leparisien.fr\/international\/gaza-lonu-demande-a-israel-de-stopper-immediatement-son-plan-visant-a-prendre-le-controle-de-lenclave-08-08-2025-PTTJSAEK75G3BMTKFBKFSE3SBY.php\" target=\"_self\" rel=\"noopener\">provoqu\u00e9 l\u2019indignation quasi-unanime de la communaut\u00e9 internationale<\/a>. Dans la nuit de jeudi \u00e0 vendredi, le cabinet de s\u00e9curit\u00e9 isra\u00e9lien a approuv\u00e9 le plan pr\u00e9sent\u00e9 par Benyamin Netanyahou concernant <a href=\"https:\/\/www.leparisien.fr\/international\/israel\/larmee-israelienne-se-prepare-a-prendre-le-controle-de-gaza-08-08-2025-Q7MOWJRUAVAUPNNDLDVQJ6CJO4.php\" target=\"_self\" rel=\"noopener\">la bande de Gaza<\/a>. Si le Premier ministre isra\u00e9lien a r\u00e9fut\u00e9 toute intention de \u00ab gouverner \u00bb l\u2019enclave, dans une interview \u00e0 Fox News, il a confirm\u00e9 sa volont\u00e9 d\u2019en prendre le contr\u00f4le pour en chasser le Hamas.<\/p>\n<p class=\"title-embed-dailymotion lp-color-text lp-f-subtitle-04\">Vid\u00e9oNetanyahou redit la volont\u00e9 d\u2019Isra\u00ebl de prendre le contr\u00f4le de la bande Gaza<\/p>\n<p class=\"paragraph text_align_left lp-f-body-02\">Que va-t-il d\u00e9sormais se passer ? Bien que l\u2019objectif soit le d\u00e9ploiement de l\u2019arm\u00e9e dans l\u2019ensemble de <a href=\"https:\/\/www.leparisien.fr\/sports\/football\/gaza-la-federation-annonce-la-mort-du-pele-palestinien-tue-lors-dune-distribution-daide-humanitaire-07-08-2025-EWEHJAGZQBB3LAOBB45LOU4Z4A.php\" target=\"_self\" rel=\"noopener\">l\u2019enclave palestinienne<\/a>, les premiers mouvements vont se d\u00e9rouler dans la seule ville de Gaza.<\/p>\n<p>\u00c9vacuation d\u2019un million de civils<\/p>\n<p class=\"paragraph text_align_left lp-f-body-02\">La phase initiale de cette op\u00e9ration pr\u00e9voit le d\u00e9placement de <a href=\"https:\/\/www.leparisien.fr\/international\/israel\/un-ministre-israelien-dextreme-droite-veut-reduire-la-population-de-gaza-par-deux-26-11-2024-NKFVN6WDKZANLDPHFH736XROXM.php\" target=\"_self\" rel=\"noopener\">plus d\u2019un million de Gazaouis<\/a>, avant la date symbolique du 7 octobre 2025 &#8211; deux ans apr\u00e8s les attaques terroristes du Hamas -, en amont de ses op\u00e9rations terrestres. Ils seront envoy\u00e9s vers le Sud, en direction de camps de r\u00e9fugi\u00e9s, mais pas seulement. \u00ab Lorsqu\u2019une op\u00e9ration majeure d\u00e9butera dans la ville de Gaza, la population civile se verra offrir la possibilit\u00e9 d\u2019\u00e9vacuer (\u2026) vers d\u2019autres zones, pas n\u00e9cessairement seulement vers les camps (du centre de l\u2019enclave) \u00bb, a ainsi pr\u00e9cis\u00e9 le <a href=\"https:\/\/www.haaretz.com\/israel-news\/2025-08-07\/ty-article\/.premium\/israels-cabinet-meets-to-weigh-gaza-takeover-as-thousands-protest-for-hostage-deal\/00000198-85a0-d9db-a9be-87ab6b680000\" rel=\"noopener\" target=\"_blank\">quotidien isra\u00e9lien Haaretz<\/a>, citant plusieurs sources gouvernementales.<\/p>\n<p><img decoding=\"async\" class=\"image \" loading=\"lazy\" src=\"https:\/\/www.europesays.com\/fr\/wp-content\/uploads\/2025\/08\/6YSIZXOBXRHMVJ6QKTWTW6A2I4.jpg\" alt=\"\" align=\"\" data-rubrique-principale=\"\" data-article-type=\"\" fetchpriority=\"auto\"\/><\/p>\n<p class=\"paragraph text_align_left lp-f-body-02\">Dans le m\u00eame temps, le gouvernement isra\u00e9lien compte \u00ab inonder Gaza d\u2019aide humanitaire \u00bb, jusqu\u2019\u00e0 quatre fois plus que ce qui est actuellement d\u00e9livr\u00e9 <a href=\"https:\/\/www.i24news.tv\/he\/news\/israel-at-war\/artc-2b6c3d3d\" target=\"_self\" rel=\"noopener\">selon I24 News<\/a>, avec l\u2019appui du gouvernement am\u00e9ricain. Mais cette aide humanitaire ne sera d\u00e9livr\u00e9e qu\u2019\u00ab en dehors des zones de combats \u00bb, selon le plan valid\u00e9 par le cabinet de s\u00e9curit\u00e9 isra\u00e9lien.<\/p>\n<p class=\"paragraph text_align_left lp-f-body-02\">L\u2019ambassadeur des \u00c9tats-Unis en Isra\u00ebl, <a href=\"https:\/\/www.leparisien.fr\/international\/israel\/lambassadeur-americain-en-israel-suggere-a-la-france-de-detacher-un-morceau-de-la-cote-dazur-et-creer-un-etat-palestinien-02-06-2025-WKDXMZDYGRAQ3AQTECGUBI2L6Q.php\" target=\"_self\" rel=\"noopener\">Mike Huckabee,<\/a> a quant \u00e0 lui annonc\u00e9 que les Am\u00e9ricains pr\u00e9voyaient d\u2019ouvrir et de financer 16 nouveaux centres d\u2019aide humanitaire, sur le mod\u00e8le de la controvers\u00e9e <a href=\"https:\/\/www.leparisien.fr\/international\/israel\/distribution-daide-a-gaza-paris-demande-larret-des-activites-de-la-fondation-humanitaire-geree-par-israel-et-les-etats-unis-31-07-2025-W3BDLWPOH5B6PB2DE6SKG6SVLA.php\" target=\"_self\" rel=\"noopener\">Fondation humanitaire pour Gaza (GHF) pilot\u00e9e par les deux pays<\/a>. D\u2019autres \u00e9l\u00e9ments logistiques comme des h\u00f4pitaux temporaires ou des tentes pourraient \u00eatre int\u00e9gr\u00e9s \u00e0 ce bouquet d\u2019aide. \u00ab Ensuite, les troupes encercleront la ville et op\u00e9reront \u00e0 l\u2019int\u00e9rieur \u00bb pour \u00e9liminer les \u00ab bastions terroristes \u00bb, indique la radio publique Kan.<\/p>\n<p>Conqu\u00eate \u00ab totale \u00bb de la bande de Gaza ?<\/p>\n<p class=\"paragraph text_align_left lp-f-body-02\">Et apr\u00e8s ? Benyamin Netanyahou a \u00e9t\u00e9 plus flou sur la phase qui succ\u00e8de \u00e0 la conqu\u00eate de Gaza-ville. Si l\u2019on sait qu\u2019Isra\u00ebl entend d\u00e9sarmer le Hamas et d\u00e9militariser la bande de Gaza, on ignore encore comment Tsahal compte proc\u00e9der.<\/p>\n<p class=\"paragraph text_align_left lp-f-body-02\">Malgr\u00e9 les r\u00e9ticences d\u2019Eyal Zamir, chef d\u2019\u00e9tat-major de l\u2019arm\u00e9e isra\u00e9lienne, Benyamin Netanyahou a brandi ces derniers jours la menace d\u2019une conqu\u00eate \u00ab totale \u00bb de la bande de Gaza. Un objectif r\u00e9p\u00e9t\u00e9 <a href=\"https:\/\/www.franceinfo.fr\/monde\/palestine\/gaza\/guerre-a-gaza-israel-compte-prendre-le-controle-total-de-l-enclave-annonce-netanyahou-une-decision-hautement-controversee_7423471.html\" rel=\"noopener\" target=\"_blank\">lors d\u2019une interview<\/a> diffus\u00e9e vendredi par la cha\u00eene am\u00e9ricaine Fox News. \u00ab Oui, c\u2019est notre intention, dans le but d\u2019assurer notre s\u00e9curit\u00e9 et d\u2019\u00e9liminer le Hamas \u00bb, a-t-il expliqu\u00e9.<\/p>\n<p class=\"paragraph text_align_left lp-f-body-02\">Il a affirm\u00e9 vouloir ensuite \u00ab passer le relais \u00e0 des forces arabes qui y gouverneront (\u2026) correctement \u00bb, sans \u00ab menacer \u00bb Isra\u00ebl et \u00ab en offrant une vie agr\u00e9able aux habitants \u00bb. Cette \u00ab administration civile \u00bb ne sera \u00ab ni le Hamas ni l\u2019Autorit\u00e9 palestinienne \u00bb, a-t-il insist\u00e9. <a href=\"https:\/\/www.maariv.co.il\/news\/politics\/article-1222012\" target=\"_self\" rel=\"noopener\">D\u2019apr\u00e8s le journal Maariv<\/a>, Netanyahou pr\u00e9voit d\u2019y \u00e9tablir une \u00ab zone de contr\u00f4le s\u00e9curis\u00e9 \u00bb afin de pr\u00e9munir Isra\u00ebl d\u2019une future attaque.<\/p>\n<p>La question des otages<\/p>\n<p class=\"paragraph text_align_left lp-f-body-02\">L\u2019op\u00e9ration devrait durer au total entre quatre et six mois, mobilisant entre quatre et six divisons. Une source avance plus pr\u00e9cis\u00e9ment, <a href=\"https:\/\/www.maariv.co.il\/news\/military\/article-1222310\" target=\"_self\" rel=\"noopener\">toujours au journal Maariv<\/a>, que \u00ab Tsahal devra mobiliser au moins six divisions de r\u00e9serve, chacune comptant environ 250 000 soldats \u00bb. Ces <a href=\"https:\/\/www.leparisien.fr\/international\/israel\/guerre-a-gaza-israel-mobilise-des-dizaines-de-milliers-de-reservistes-supplementaires-03-05-2025-GIDQAUJB7VAVVAXAJAP635S2W4.php\" target=\"_self\" rel=\"noopener\">d\u00e9ploiements suppl\u00e9mentaires<\/a> impliquent que les r\u00e9servistes vont \u00eatre mobilis\u00e9s plus de 74 jours par an, le seuil maximal que Zamir avait promis de ne pas franchir.<\/p>\n<p class=\"paragraph text_align_left lp-f-body-02\">Et les otages dans ce plan ? Benyamin Netanyahou fait toujours du retour des Isra\u00e9liens kidnapp\u00e9s, <a href=\"https:\/\/www.leparisien.fr\/international\/israel\/guerre-a-gaza-que-sait-on-des-otages-toujours-retenus-par-le-hamas-04-08-2025-MS5NCODZCZCZVAEBC25N6B34EA.php\" target=\"_self\" rel=\"noopener\">morts ou encore vivants<\/a>, un objectif de la guerre qu\u2019il m\u00e8ne au Hamas. Mais cette question tend tr\u00e8s fortement la soci\u00e9t\u00e9, et les familles d\u2019otages ont trouv\u00e9 des relais dans l\u2019arm\u00e9e. Le chef d\u2019\u00e9tat-major lui-m\u00eame, oppos\u00e9 \u00e0 l\u2019op\u00e9ration selon la presse isra\u00e9lienne, semble ne pas croire compatibles l\u2019objectif de la lib\u00e9ration des otages et la poursuite de l\u2019action militaire \u00e0 Gaza. Sur X, <a href=\"https:\/\/www.leparisien.fr\/international\/affaire-des-cadeaux-damis-lancien-ministre-lapid-temoigne-au-proces-de-benyamin-netanyahou-12-06-2023-PRNMS2EIYNDE3NW3BTLR4VM2AQ.php\" target=\"_self\" rel=\"noopener\">le chef de l\u2019opposition, Ya\u00efr Lapid<\/a>, a affirm\u00e9 pour sa part que le plan de Netanyahou allait \u00ab conduire \u00e0 la mort des otages, <a href=\"https:\/\/www.leparisien.fr\/international\/israel\/offensive-a-gaza-403-soldats-israeliens-sont-morts-depuis-le-7-octobre-selon-larmee-11-01-2025-7JQNQ6IGHREMNIIX5KMPCLVMXQ.php\" target=\"_self\" rel=\"noopener\">au meurtre de nombreux soldats<\/a>, co\u00fbter des dizaines de milliards aux contribuables isra\u00e9liens et provoquer un effondrement politique \u00bb.<\/p>\n","protected":false},"excerpt":{"rendered":"C\u2019est une annonce qui a provoqu\u00e9 l\u2019indignation quasi-unanime de la communaut\u00e9 internationale. Dans la nuit de jeudi \u00e0&hellip;\n","protected":false},"author":2,"featured_media":309202,"comment_status":"","ping_status":"","sticky":false,"template":"","format":"standard","meta":{"footnotes":""},"categories":[1888],"tags":[1111,1928,11,1927,1777,674,1011,27,14,664,12,1926,626,1925,25],"class_list":{"0":"post-309201","1":"post","2":"type-post","3":"status-publish","4":"format-standard","5":"has-post-thumbnail","7":"category-paris","8":"tag-actu","9":"tag-actu-paris","10":"tag-actualites","11":"tag-actualites-paris","12":"tag-eu","13":"tag-europe","14":"tag-fr","15":"tag-france","16":"tag-international","17":"tag-israel","18":"tag-news","19":"tag-news-paris","20":"tag-paris","21":"tag-paris-news","22":"tag-republique-francaise"},"share_on_mastodon":{"url":"https:\/\/pubeurope.com\/@fr\/115003958642524083","error":""},"_links":{"self":[{"href":"https:\/\/www.europesays.com\/fr\/wp-json\/wp\/v2\/posts\/309201","targetHints":{"allow":["GET"]}}],"collection":[{"href":"https:\/\/www.europesays.com\/fr\/wp-json\/wp\/v2\/posts"}],"about":[{"href":"https:\/\/www.europesays.com\/fr\/wp-json\/wp\/v2\/types\/post"}],"author":[{"embeddable":true,"href":"https:\/\/www.europesays.com\/fr\/wp-json\/wp\/v2\/users\/2"}],"replies":[{"embeddable":true,"href":"https:\/\/www.europesays.com\/fr\/wp-json\/wp\/v2\/comments?post=309201"}],"version-history":[{"count":0,"href":"https:\/\/www.europesays.com\/fr\/wp-json\/wp\/v2\/posts\/309201\/revisions"}],"wp:featuredmedia":[{"embeddable":true,"href":"https:\/\/www.europesays.com\/fr\/wp-json\/wp\/v2\/media\/309202"}],"wp:attachment":[{"href":"https:\/\/www.europesays.com\/fr\/wp-json\/wp\/v2\/media?parent=309201"}],"wp:term":[{"taxonomy":"category","embeddable":true,"href":"https:\/\/www.europesays.com\/fr\/wp-json\/wp\/v2\/categories?post=309201"},{"taxonomy":"post_tag","embeddable":true,"href":"https:\/\/www.europesays.com\/fr\/wp-json\/wp\/v2\/tags?post=309201"}],"curies":[{"name":"wp","href":"https:\/\/api.w.org\/{rel}","templated":true}]}}