{"id":309207,"date":"2025-08-10T10:20:10","date_gmt":"2025-08-10T10:20:10","guid":{"rendered":"https:\/\/www.europesays.com\/fr\/309207\/"},"modified":"2025-08-10T10:20:10","modified_gmt":"2025-08-10T10:20:10","slug":"poutine-decore-le-fils-dune-responsable-de-la-cia-mort-pour-la-russie","status":"publish","type":"post","link":"https:\/\/www.europesays.com\/fr\/309207\/","title":{"rendered":"Poutine d\u00e9core le fils d\u2019une responsable de la CIA mort pour la Russie"},"content":{"rendered":"<p>Est-ce une \u00e9ni\u00e8me provocation\u00a0? Le pr\u00e9sident russe Vladimir Poutine a remis \u00e0 l\u2019envoy\u00e9 sp\u00e9cial du <a href=\"https:\/\/www.parismatch.com\/actu\/international\/de-poutine-a-gaza-en-coulisses-la-discrete-mais-puissante-influence-de-melania-sur-donald-trump-255381\" target=\"_blank\" rel=\"nofollow noopener\">pr\u00e9sident am\u00e9ricain Donald Trump<\/a> un prix destin\u00e9 \u00e0 un haut responsable de la CIA, dont le fils a \u00e9t\u00e9 tu\u00e9 en combattant aux c\u00f4t\u00e9s de la Russie en Ukraine, rapporte la <a href=\"https:\/\/www.bbc.com\/news\/articles\/c04rd19e5epo\" target=\"_blank\" rel=\"nofollow noopener\">BBC<\/a>.<\/p>\n<p><a href=\"https:\/\/www.parismatch.com\/actu\/international\/je-suis-affame-de-sang-le-fils-dune-responsable-de-la-cia-meurt-pour-la-russie-sur-le-front-en-ukraine-250576\" target=\"_blank\" rel=\"nofollow noopener\">Michael Gloss, 21\u00a0ans, tu\u00e9 en Ukraine l\u2019ann\u00e9e derni\u00e8re<\/a>, \u00e9tait le fils de Juliane Gallina, directrice adjointe de l\u2019innovation num\u00e9rique \u00e0 la CIA. Le chef du Kremlin a d\u00e9cid\u00e9 de lui d\u00e9cerner l\u2019Ordre de L\u00e9nine, distinction qu\u2019il a remise \u00e0 Steve Witkoff lors de son voyage \u00e0 <a href=\"https:\/\/www.parismatch.com\/actu\/international\/attaque-moscou-les-recits-des-rescapes-235919\" target=\"_blank\" rel=\"nofollow noopener\">Moscou<\/a>.<\/p>\n<p>Une r\u00e9compense pour \u00ab\u00a0un service civil exceptionnel\u00a0\u00bb<\/p>\n<p>Pour l\u2019instant, ni le Kremlin ni le minist\u00e8re russe des Affaires \u00e9trang\u00e8res n\u2019ont publiquement confirm\u00e9 l\u2019attribution de cette d\u00e9coration, h\u00e9rit\u00e9e de l\u2019\u00e8re sovi\u00e9tique, qui distinguait \u00ab\u00a0un service civil exceptionnel\u00a0\u00bb.<\/p>\n<p>En avril dernier, les m\u00e9dias russes avaient annonc\u00e9 la mort du jeune homme sur le front en Ukraine, en pr\u00e9cisant qu\u2019il \u00e9tait le fils d\u2019une haute responsable de la CIA.<\/p>\n<p>Un communiqu\u00e9 de l\u2019agence am\u00e9ricaine, publi\u00e9 apr\u00e8s cette annonce, avait indiqu\u00e9 que Michael Gloss souffrait de troubles mentaux et que sa mort ne constituait pas un probl\u00e8me de s\u00e9curit\u00e9 nationale.<\/p>\n<p>\u00c0 l\u2019\u00e9poque, des sources avaient pr\u00e9cis\u00e9 que le Kremlin ne semblait pas, dans un premier temps, \u00eatre au courant de ses liens familiaux avec Juliane Gallina. Michael Gloss s\u2019\u00e9tait engag\u00e9 dans les forces russes \u00e0 l\u2019automne 2023.<\/p>\n<p>Un fervent soutien \u00e0 la Russie<\/p>\n<p>L\u2019ann\u00e9e pr\u00e9c\u00e9dente, il avait partag\u00e9 des selfies sur la place Rouge \u00e0 Moscou. Ses publications affichaient un soutien clair \u00e0 la Russie dans ce qu\u2019il appelait la \u00ab\u00a0guerre par procuration en Ukraine\u00a0\u00bb et d\u00e9non\u00e7aient la couverture m\u00e9diatique du conflit comme \u00e9tant de la \u00ab\u00a0propagande occidentale\u00a0\u00bb.<\/p>\n<p>Larry Gloss, son p\u00e8re et v\u00e9t\u00e9ran de la guerre en Irak, avait d\u00e9clar\u00e9 au Washington Post en avril que leur fils avait lutt\u00e9 contre la maladie mentale pendant la majeure partie de sa vie. \u00ab\u00a0Notre plus grande crainte, pendant que nous attendions son rapatriement, \u00e9tait que quelqu\u2019un \u00e0 Moscou fasse le lien et d\u00e9couvre qui \u00e9tait sa m\u00e8re, puis s\u2019en serve comme d\u2019un accessoire\u00a0\u00bb, expliquait-il.<\/p>\n<p>Cette distinction intervient quelques jours seulement apr\u00e8s l\u2019annonce d\u2019une \u00e9ventuelle rencontre entre Poutine et Trump, pr\u00e9vue vendredi prochain en Alaska, pour discuter de l\u2019avenir de la guerre en Ukraine.<\/p>\n","protected":false},"excerpt":{"rendered":"Est-ce une \u00e9ni\u00e8me provocation\u00a0? Le pr\u00e9sident russe Vladimir Poutine a remis \u00e0 l\u2019envoy\u00e9 sp\u00e9cial du pr\u00e9sident am\u00e9ricain Donald&hellip;\n","protected":false},"author":2,"featured_media":309208,"comment_status":"","ping_status":"","sticky":false,"template":"","format":"standard","meta":{"footnotes":""},"categories":[1591],"tags":[11,1887,12,1885,1886,132],"class_list":{"0":"post-309207","1":"post","2":"type-post","3":"status-publish","4":"format-standard","5":"has-post-thumbnail","7":"category-russie","8":"tag-actualites","9":"tag-federation-de-russie","10":"tag-news","11":"tag-russia","12":"tag-russian-federation","13":"tag-russie"},"share_on_mastodon":{"url":"","error":""},"_links":{"self":[{"href":"https:\/\/www.europesays.com\/fr\/wp-json\/wp\/v2\/posts\/309207","targetHints":{"allow":["GET"]}}],"collection":[{"href":"https:\/\/www.europesays.com\/fr\/wp-json\/wp\/v2\/posts"}],"about":[{"href":"https:\/\/www.europesays.com\/fr\/wp-json\/wp\/v2\/types\/post"}],"author":[{"embeddable":true,"href":"https:\/\/www.europesays.com\/fr\/wp-json\/wp\/v2\/users\/2"}],"replies":[{"embeddable":true,"href":"https:\/\/www.europesays.com\/fr\/wp-json\/wp\/v2\/comments?post=309207"}],"version-history":[{"count":0,"href":"https:\/\/www.europesays.com\/fr\/wp-json\/wp\/v2\/posts\/309207\/revisions"}],"wp:featuredmedia":[{"embeddable":true,"href":"https:\/\/www.europesays.com\/fr\/wp-json\/wp\/v2\/media\/309208"}],"wp:attachment":[{"href":"https:\/\/www.europesays.com\/fr\/wp-json\/wp\/v2\/media?parent=309207"}],"wp:term":[{"taxonomy":"category","embeddable":true,"href":"https:\/\/www.europesays.com\/fr\/wp-json\/wp\/v2\/categories?post=309207"},{"taxonomy":"post_tag","embeddable":true,"href":"https:\/\/www.europesays.com\/fr\/wp-json\/wp\/v2\/tags?post=309207"}],"curies":[{"name":"wp","href":"https:\/\/api.w.org\/{rel}","templated":true}]}}