{"id":309221,"date":"2025-08-10T10:27:11","date_gmt":"2025-08-10T10:27:11","guid":{"rendered":"https:\/\/www.europesays.com\/fr\/309221\/"},"modified":"2025-08-10T10:27:11","modified_gmt":"2025-08-10T10:27:11","slug":"zelensky-affiche-sa-fermete-apres-lannonce-du-sommet-trump-poutine-liberation","status":"publish","type":"post","link":"https:\/\/www.europesays.com\/fr\/309221\/","title":{"rendered":"Zelensky affiche sa fermet\u00e9 apr\u00e8s l\u2019annonce du sommet Trump-Poutine \u2013 Lib\u00e9ration"},"content":{"rendered":"<p class=\"sc-ksZaOG ehjQrN text-element\"><a href=\"https:\/\/www.liberation.fr\/international\/amerique\/ce-que-lon-sait-de-la-rencontre-trump-poutine-en-alaska-le-15-aout-20250809_7MV5KNWQDZFITOTE3LHY7CMFHI\/\" target=\"_blank\" rel=\"noopener\" title=\"https:\/\/www.liberation.fr\/international\/amerique\/ce-que-lon-sait-de-la-rencontre-trump-poutine-en-alaska-le-15-aout-20250809_7MV5KNWQDZFITOTE3LHY7CMFHI\/\">Une r\u00e9union au sommet<\/a> sans le principal int\u00e9ress\u00e9. Donald Trump a annonc\u00e9 vendredi sur son r\u00e9seau True Social qu\u2019il rencontrerait son homologue russe en Alaska, le 15\u00a0ao\u00fbt, sans le pr\u00e9sident ukrainien qui a violemment r\u00e9pliqu\u00e9. \u00abToute d\u00e9cision qui serait prise contre nous, toute d\u00e9cision qui serait prise sans l\u2019Ukraine, serait une d\u00e9cision contre la paix\u00bb, a-t-il pr\u00e9venu sur les r\u00e9seaux sociaux. \u00abLes Ukrainiens n\u2019abandonneront pas leur terre aux occupants\u00bb, a ajout\u00e9 Volodymyr Zelensky alors que Donald Trump a \u00e9voqu\u00e9 des \u00ab\u00e9changes de territoires\u00bb.<\/p>\n<p class=\"sc-ksZaOG ehjQrN text-element\">Plut\u00f4t qu\u2019en terrain neutre, le t\u00eate-\u00e0-t\u00eate aura lieu dans le vaste et sauvage Etat de l\u2019Alaska, dans l\u2019extr\u00eame nord-ouest du continent am\u00e9ricain, pr\u00e8s de la Russie, un territoire que cette derni\u00e8re avait c\u00e9d\u00e9 \u00e0 l\u2019Am\u00e9rique \u00e0 la fin du XIXe\u00a0si\u00e8cle.<\/p>\n<p class=\"sc-ksZaOG ehjQrN text-element\">Un r\u00e8glement de la guerre comprendra, selon le pr\u00e9sident am\u00e9ricain, des concessions territoriales. Interrog\u00e9 \u00e0 ce sujet vendredi, Donald Trump a d\u00e9clar\u00e9 qu\u2019\u00abil y aurait des \u00e9changes de territoires au b\u00e9n\u00e9fice de chacun\u00bb, sans donner plus de d\u00e9tails. \u00abOn parle d\u2019un territoire sur lequel les combats font rage depuis plus de trois\u00a0ans et demi [\u2026] c\u2019est compliqu\u00e9\u00bb, a-t-il ajout\u00e9 \u00e0 la Maison Blanche, aux c\u00f4t\u00e9s des dirigeants azerba\u00efdjanais et arm\u00e9nien qui venaient de signer <a href=\"https:\/\/www.liberation.fr\/international\/trump-au-coeur-dun-accord-de-paix-entre-larmenie-et-lazerbaidjan-20250809_SEQQZ4XMCJGL7EA26C7XJY6E3U\/\" target=\"_blank\" rel=\"noopener\" title=\"https:\/\/www.liberation.fr\/international\/trump-au-coeur-dun-accord-de-paix-entre-larmenie-et-lazerbaidjan-20250809_SEQQZ4XMCJGL7EA26C7XJY6E3U\/\">un accord de paix.<\/a><\/p>\n<p class=\"sc-ksZaOG ehjQrN text-element\">Donald Trump, qui a <a href=\"https:\/\/www.liberation.fr\/international\/europe\/ukraine-macron-se-dit-sur-que-trump-va-reagir-face-au-cynisme-de-poutine-20250517_74S63BTIIVHCXKGNXJS6XY2ZRY\/\" target=\"_blank\" rel=\"noopener\" title=\"https:\/\/www.liberation.fr\/international\/europe\/ukraine-macron-se-dit-sur-que-trump-va-reagir-face-au-cynisme-de-poutine-20250517_74S63BTIIVHCXKGNXJS6XY2ZRY\/\">promis \u00e0 maintes reprises<\/a> de mettre fin au conflit en Ukraine, a plusieurs fois <a href=\"https:\/\/www.liberation.fr\/international\/europe\/guerre-en-ukraine-une-conversation-tres-utile-et-sincere-commente-vladimir-poutine-a-lissue-de-son-appel-avec-donald-trump-20250519_GU3TZNES7NGF5MIZUN6UJT6AFU\/\" target=\"_blank\" rel=\"noopener\" title=\"https:\/\/www.liberation.fr\/international\/europe\/guerre-en-ukraine-une-conversation-tres-utile-et-sincere-commente-vladimir-poutine-a-lissue-de-son-appel-avec-donald-trump-20250519_GU3TZNES7NGF5MIZUN6UJT6AFU\/\">parl\u00e9 au t\u00e9l\u00e9phone<\/a> avec son homologue russe ces derniers mois, mais ne l\u2019a pas encore revu en personne depuis son retour \u00e0 la Maison Blanche le 20\u00a0janvier.<\/p>\n<p class=\"sc-ksZaOG ehjQrN text-element\">Le t\u00eate-\u00e0-t\u00eate annonc\u00e9 sera le premier entre les deux dirigeants depuis juin\u00a02019 au Japon, un an apr\u00e8s un sommet \u00e0 Helsinki o\u00f9 Donald Trump avait eu un ton r\u00e9solument conciliant avec le dirigeant du Kremlin. Vladimir Poutine n\u2019a lui plus foul\u00e9 le sol am\u00e9ricain depuis\u00a02015, sous la pr\u00e9sidence de Barack Obama.<\/p>\n<p class=\"sc-ksZaOG ehjQrN text-element\">A ce stade, Moscou r\u00e9clame que l\u2019Ukraine lui c\u00e8de quatre r\u00e9gions partiellement occup\u00e9es (Donetsk, Lougansk, Zaporijjia et Kherson), en plus de la Crim\u00e9e annex\u00e9e en\u00a02014, et qu\u2019elle renonce aux livraisons d\u2019armes occidentales et \u00e0 toute adh\u00e9sion \u00e0 l\u2019Otan.<\/p>\n<p class=\"sc-ksZaOG ehjQrN text-element\">Des exigences inacceptables pour Kyiv, qui veut le retrait des troupes russes de son territoire et des garanties de s\u00e9curit\u00e9 occidentales, dont la poursuite des livraisons d\u2019armes et le d\u00e9ploiement d\u2019un contingent europ\u00e9en, ce \u00e0 quoi s\u2019oppose la Russie.<\/p>\n<p class=\"sc-ksZaOG ehjQrN text-element\">Le pr\u00e9sident am\u00e9ricain avait lanc\u00e9 <a href=\"https:\/\/www.liberation.fr\/international\/europe\/ukraine-donald-trump-donne-10-a-12-jours-a-poutine-pour-mettre-fin-a-la-guerre-20250728_FVT7QUJEAZBITBLRG2FETZDV2M\/\" target=\"_blank\" rel=\"noopener\" title=\"https:\/\/www.liberation.fr\/international\/europe\/ukraine-donald-trump-donne-10-a-12-jours-a-poutine-pour-mettre-fin-a-la-guerre-20250728_FVT7QUJEAZBITBLRG2FETZDV2M\/\">un ultimatum \u00e0 la Russie<\/a> la semaine derni\u00e8re, qui a expir\u00e9 vendredi, pour faire avancer les n\u00e9gociations avec Kyiv, sous peine de nouvelles sanctions am\u00e9ricaines.<\/p>\n<p class=\"sc-ksZaOG ehjQrN text-element\">L\u2019invasion russe de l\u2019Ukraine, d\u00e9clench\u00e9e en f\u00e9vrier\u00a02022, a fait a minima des dizaines de milliers de morts parmi les populations des deux pays et caus\u00e9 d\u2019immenses destructions. Apr\u00e8s plus de trois\u00a0ans de combats, les positions ukrainienne et russe sont toujours irr\u00e9conciliables. La Russie est accus\u00e9e de bloquer les pourparlers en maintenant des demandes maximalistes, \u00e0 un moment o\u00f9 ses forces ont l\u2019avantage sur le front et continuent d\u2019y gagner du terrain.<\/p>\n","protected":false},"excerpt":{"rendered":"Une r\u00e9union au sommet sans le principal int\u00e9ress\u00e9. Donald Trump a annonc\u00e9 vendredi sur son r\u00e9seau True Social&hellip;\n","protected":false},"author":2,"featured_media":309222,"comment_status":"","ping_status":"","sticky":false,"template":"","format":"standard","meta":{"footnotes":""},"categories":[2],"tags":[11,75,1011,27,12,25,297,135,134],"class_list":{"0":"post-309221","1":"post","2":"type-post","3":"status-publish","4":"format-standard","5":"has-post-thumbnail","7":"category-actualites","8":"tag-actualites","9":"tag-donald-trump","10":"tag-fr","11":"tag-france","12":"tag-news","13":"tag-republique-francaise","14":"tag-ukraine-la-crise","15":"tag-vladimir-poutine","16":"tag-volodymyr-zelensky"},"share_on_mastodon":{"url":"https:\/\/pubeurope.com\/@fr\/115003997789428402","error":""},"_links":{"self":[{"href":"https:\/\/www.europesays.com\/fr\/wp-json\/wp\/v2\/posts\/309221","targetHints":{"allow":["GET"]}}],"collection":[{"href":"https:\/\/www.europesays.com\/fr\/wp-json\/wp\/v2\/posts"}],"about":[{"href":"https:\/\/www.europesays.com\/fr\/wp-json\/wp\/v2\/types\/post"}],"author":[{"embeddable":true,"href":"https:\/\/www.europesays.com\/fr\/wp-json\/wp\/v2\/users\/2"}],"replies":[{"embeddable":true,"href":"https:\/\/www.europesays.com\/fr\/wp-json\/wp\/v2\/comments?post=309221"}],"version-history":[{"count":0,"href":"https:\/\/www.europesays.com\/fr\/wp-json\/wp\/v2\/posts\/309221\/revisions"}],"wp:featuredmedia":[{"embeddable":true,"href":"https:\/\/www.europesays.com\/fr\/wp-json\/wp\/v2\/media\/309222"}],"wp:attachment":[{"href":"https:\/\/www.europesays.com\/fr\/wp-json\/wp\/v2\/media?parent=309221"}],"wp:term":[{"taxonomy":"category","embeddable":true,"href":"https:\/\/www.europesays.com\/fr\/wp-json\/wp\/v2\/categories?post=309221"},{"taxonomy":"post_tag","embeddable":true,"href":"https:\/\/www.europesays.com\/fr\/wp-json\/wp\/v2\/tags?post=309221"}],"curies":[{"name":"wp","href":"https:\/\/api.w.org\/{rel}","templated":true}]}}