{"id":309229,"date":"2025-08-10T10:33:11","date_gmt":"2025-08-10T10:33:11","guid":{"rendered":"https:\/\/www.europesays.com\/fr\/309229\/"},"modified":"2025-08-10T10:33:11","modified_gmt":"2025-08-10T10:33:11","slug":"atp-cincinnati-rublev-sur-sa-premiere-victoire-contre-federer-mentalement-cetait-comme-si-jetais-nadal","status":"publish","type":"post","link":"https:\/\/www.europesays.com\/fr\/309229\/","title":{"rendered":"ATP &#8211; Cincinnati > Rublev sur sa premi\u00e8re victoire contre Federer : \u00ab\u00a0Mentalement, c&rsquo;\u00e9tait comme si j&rsquo;\u00e9tais Nadal\u00a0\u00bb"},"content":{"rendered":"<p>Andrey Rublev est un joueur au palmar\u00e8s riche.<\/p>\n<p>En effet, outre son palmar\u00e8s bien garni, il fait partie de ces joueurs qui peuvent se vanter d\u2019avoir r\u00e9ussi \u00e0 gagner au moins un match contre chacun des membres du Big\u00a0Three.<\/p>\n<p>Lors d\u2019une inter\u00adview accord\u00e9e au m\u00e9dia russe <a href=\"https:\/\/www.youtube.com\/watch?v=fvUcTrHW9J8\" data-wpel-link=\"external\" target=\"_blank\" rel=\"nofollow external noopener\">Tennis Bolshe<\/a>, il est revenu sur sa victoire contre Roger Federer lors de leur unique rencontre, lors du Masters 1000 de Cincinnati 2019\u00a0:<\/p>\n<p><strong>\u00ab\u202fC\u2019\u00e9tait ma premi\u00e8re grande victoire. C\u2019\u00e9tait un conte de f\u00e9es. Quelque chose qui arrive tous les 700 ans, comme un ast\u00e9\u00adro\u00efde. Ce match \u00e9tait trop parfait. Tout est entr\u00e9, tout. Des services impos\u00adsibles\u2026 des retours, des vol\u00e9es qui restaient dans le jeu avec une sorte de magie, et menta\u00adle\u00adment, c\u2019\u00e9tait comme si j\u2019\u00e9tais Nadal.\u202f\u00bb<\/strong><\/p>\n<p>Une victoire qui a forg\u00e9 la r\u00e9pu\u00adta\u00adtion du Russe, qui, lors des saisons suivantes, a r\u00e9ussi \u00e0 int\u00e9\u00adgrer le top 10, allant jusqu\u2019\u00e0 la 5\u1d49 place mondiale et rempor\u00adtant plusieurs titres (17 au\u00a0total).<\/p>\n<p>Reste \u00e0 savoir si Andrey retrou\u00advera de sa superbe, lui qui traverse une p\u00e9riode de r\u00e9sul\u00adtats plut\u00f4t compli\u00adqu\u00e9e cette saison.<\/p>\n<p class=\"post-published-date\" style=\"color: silver; font-size: 75%; text-align: left;\">Publi\u00e9 le dimanche 10 ao\u00fbt 2025 \u00e0 10:45<\/p>\n","protected":false},"excerpt":{"rendered":"Andrey Rublev est un joueur au palmar\u00e8s riche. En effet, outre son palmar\u00e8s bien garni, il fait partie&hellip;\n","protected":false},"author":2,"featured_media":309230,"comment_status":"","ping_status":"","sticky":false,"template":"","format":"standard","meta":{"footnotes":""},"categories":[1415],"tags":[2199,1011,27,1960,60,1467],"class_list":{"0":"post-309229","1":"post","2":"type-post","3":"status-publish","4":"format-standard","5":"has-post-thumbnail","7":"category-tennis","8":"tag-federer","9":"tag-fr","10":"tag-france","11":"tag-nadal","12":"tag-sports","13":"tag-tennis"},"share_on_mastodon":{"url":"https:\/\/pubeurope.com\/@fr\/115004021370025954","error":""},"_links":{"self":[{"href":"https:\/\/www.europesays.com\/fr\/wp-json\/wp\/v2\/posts\/309229","targetHints":{"allow":["GET"]}}],"collection":[{"href":"https:\/\/www.europesays.com\/fr\/wp-json\/wp\/v2\/posts"}],"about":[{"href":"https:\/\/www.europesays.com\/fr\/wp-json\/wp\/v2\/types\/post"}],"author":[{"embeddable":true,"href":"https:\/\/www.europesays.com\/fr\/wp-json\/wp\/v2\/users\/2"}],"replies":[{"embeddable":true,"href":"https:\/\/www.europesays.com\/fr\/wp-json\/wp\/v2\/comments?post=309229"}],"version-history":[{"count":0,"href":"https:\/\/www.europesays.com\/fr\/wp-json\/wp\/v2\/posts\/309229\/revisions"}],"wp:featuredmedia":[{"embeddable":true,"href":"https:\/\/www.europesays.com\/fr\/wp-json\/wp\/v2\/media\/309230"}],"wp:attachment":[{"href":"https:\/\/www.europesays.com\/fr\/wp-json\/wp\/v2\/media?parent=309229"}],"wp:term":[{"taxonomy":"category","embeddable":true,"href":"https:\/\/www.europesays.com\/fr\/wp-json\/wp\/v2\/categories?post=309229"},{"taxonomy":"post_tag","embeddable":true,"href":"https:\/\/www.europesays.com\/fr\/wp-json\/wp\/v2\/tags?post=309229"}],"curies":[{"name":"wp","href":"https:\/\/api.w.org\/{rel}","templated":true}]}}