{"id":309235,"date":"2025-08-10T10:37:10","date_gmt":"2025-08-10T10:37:10","guid":{"rendered":"https:\/\/www.europesays.com\/fr\/309235\/"},"modified":"2025-08-10T10:37:10","modified_gmt":"2025-08-10T10:37:10","slug":"je-participerai-encore-a-quelques-tours-retraite-poids-de-la-celebrite-et-spleen-sur-le-tour-de-france-pogacar-se-confie","status":"publish","type":"post","link":"https:\/\/www.europesays.com\/fr\/309235\/","title":{"rendered":"\u00abJe participerai encore \u00e0 quelques Tours\u00bb, retraite, poids de la c\u00e9l\u00e9brit\u00e9 et spleen sur le Tour de France, Pogacar se confie"},"content":{"rendered":"<p>Le coureur slov\u00e8ne s\u2019est exprim\u00e9 sur son avenir apr\u00e8s avoir retrouv\u00e9 la comp\u00e9tition chez lui, en Slov\u00e9nie, samedi soir.<\/p>\n<p class=\"fig-paragraph\">Deux semaines apr\u00e8s\u00a0<a href=\"http:\/\/www.lefigaro.fr\/sports\/tadej-pogacar-vainqueur-du-tour-de-france-pour-la-quatrieme-fois-jusqu-ou-peut-il-et-surtout-veut-il-aller-20250727\" data-fig-type=\"Article\" data-gtm-custom-categorie=\"navigation\" data-gtm-custom-action=\"crossclick\" data-gtm-custom-label=\"Contextuel\" data-gtm-event=\"customEventSPE\" data-fig-domain=\"LEFIGARO\" target=\"_blank\" rel=\"noopener\">sa quatri\u00e8me victoire dans le Tour de France<\/a>, Tadej Pogacar a retrouv\u00e9 le chemin de la comp\u00e9tition, dans sa ville natale \u00e0 Komenda (Slov\u00e9nie), \u00e0 l\u2019occasion d\u2019un criterium qu\u2019il a remport\u00e9 sans surprise samedi. Un retour au pays bienvenu pour le champion du monde qui a pu s\u2019offrir un bain de foule devant ses compatriotes. \u00abJe voulais gagner, surtout devant une telle foule de supporters r\u00e9unis aujourd\u2019hui. C\u2019est incroyable, il n\u2019y avait pas tant de spectateurs lors du Tour de Slov\u00e9nie ici\u00bb,\u00a0<a href=\"https:\/\/www.rtvslo.si\/sport\/kolesarstvo\/pogacar-se-je-spocil-in-razkril-karte-nato-pa-se-dobil-svoj-kriterij\/754232\" target=\"_blank\" rel=\"sponsored noopener\" data-gtm-custom-categorie=\"navigation\" data-gtm-custom-action=\"crossclick\" data-gtm-custom-label=\"Contextuel\" data-gtm-event=\"customEventSPE\">a-t-il confi\u00e9 au m\u00e9dia rtvslo<\/a>.\u00a0<\/p>\n<p class=\"fig-paragraph\">Sur ses terres, \u00abPogi\u00bb a une nouvelle fois pu mesurer son immense popularit\u00e9 m\u00eame si celle-ci est parfois un peu envahissante\u00a0: \u00abJe suis heureux d\u2019\u00eatre de retour \u00e0 la maison, de pouvoir revoir mes amis, mes voisins, ma famille. C\u2019est vrai que parfois j\u2019aimerais \u00eatre un peu moins c\u00e9l\u00e8bre, parfois prendre des photos et signer des autographes est fatigant, d\u2019autres fois un peu moins, mais j\u2019essaie de plaire \u00e0 tout le monde\u00a0\u00bb<\/p>\n<p>                                    <a class=\"fig-a11y-skip a11y-hidden\" href=\"#fig-a11y-skip-main-inarticle\"><br \/>\n        Passer la publicit\u00e9<br \/>\n    <\/a><\/p>\n<p>Il sera de retour en France en octobre<\/p>\n<p class=\"fig-paragraph\">Le Slov\u00e8ne a aussi profit\u00e9 de son escapade \u00e0 domicile pour \u00e9voquer son programme de fin de saison qui passera par les Grands Prix de Qu\u00e9bec (12 septembre) et de Montr\u00e9al (14 septembre), les Championnats du monde au Rwanda (21 septembre) et probablement les Championnats d\u2019Europe en France (1-5 octobre)\u00a0: \u00abC\u2019est un parcours de grimpeurs, donc j\u2019y serai probablement.\u00bb Des rendez-vous qui vont compromettre sa campagne dans les courses italiennes. \u00abCela signifie probablement que je ne pourrai participer \u00e0 aucune classique italienne, \u00e0 l\u2019exception de la Lombardie.\u00bb<\/p>\n<p class=\"fig-body-link\">\n            \u00c0 lire aussi<br \/>\n        <a class=\"fig-body-link__link\" href=\"http:\/\/www.lefigaro.fr\/sports\/cyclisme\/tour-de-france\/tour-de-france-dix-choses-que-vous-ne-connaissez-peut-etre-pas-sur-tadej-pogacar-20250719\" data-fig-type=\"NewsFlash\" data-gtm-custom-categorie=\"navigation\" data-gtm-custom-action=\"crossclick\" data-gtm-custom-label=\"Contextuel\" data-gtm-event=\"customEventSPE\" data-fig-domain=\"LEFIGARO\" target=\"_blank\" rel=\"noopener\">Tour de France\u00a0: dix choses que vous ne connaissez (peut-\u00eatre pas) sur Tadej Pogacar<br \/>\n    <\/a>\n<\/p>\n<p>\u00abTout le monde peut avoir une mauvaise journ\u00e9e\u00bb<\/p>\n<p class=\"fig-paragraph\">Le leader de la formation UAE a aussi \u00e9voqu\u00e9 le Tour de France\u00a0<a href=\"http:\/\/www.lefigaro.fr\/sports\/cyclisme\/tour-de-france\/tour-de-france-tadej-pogacar-est-il-un-vainqueur-triste-20250726\" data-fig-type=\"NewsFlash\" data-gtm-custom-categorie=\"navigation\" data-gtm-custom-action=\"crossclick\" data-gtm-custom-label=\"Contextuel\" data-gtm-event=\"customEventSPE\" data-fig-domain=\"LEFIGARO\" target=\"_blank\" rel=\"noopener\">et le spleen qui a sembl\u00e9 l\u2019accompagner parfois alors qu\u2019il \u00e9crasait la course.<\/a>\u00a0\u00abTout le monde peut avoir une mauvaise journ\u00e9e. On ne peut pas s\u2019attendre \u00e0 ce que je rayonne de bonheur pendant les 21 \u00e9tapes. Le Tour a \u00e9t\u00e9 tr\u00e8s difficile, l\u2019un des plus durs que j\u2019ai courus, tous ceux qui se sont battus pour le classement g\u00e9n\u00e9ral peuvent le confirmer. Mais maintenant, je me suis repos\u00e9, j\u2019ai fait le point et je suis pr\u00eat pour de nouvelles batailles\u00bb, a-t-il confi\u00e9 avant d\u2019\u00e9voquer sa retraite et le Tour de France.<\/p>\n<p>La retraite, bient\u00f4t mais pas pour maintenant<\/p>\n<p class=\"fig-paragraph\">Celle-ci n\u2019interviendra pas \u00e0 court terme mais le coureur de 26 ans seulement ne semble pas vouloir s\u2019\u00e9terniser non plus dans le v\u00e9lo et la vie monastique qu\u2019il impose\u00a0: \u00abJe compte d\u00e9j\u00e0 les ann\u00e9es qui me s\u00e9parent de la retraite. J\u2019ai commenc\u00e9 \u00e0 gagner t\u00f4t, et il peut y avoir des r\u00e9sultats pires, je suis pr\u00eat \u00e0 tout. Je participerai probablement encore \u00e0 quelques Tours, m\u00eame si on ne peut jamais garantir qu\u2019on y participera. Le Tour est la plus grande course et je doute que l\u2019\u00e9quipe me laisse \u00e0 la maison encore quelques ann\u00e9es.\u00bb<\/p>\n","protected":false},"excerpt":{"rendered":"Le coureur slov\u00e8ne s\u2019est exprim\u00e9 sur son avenir apr\u00e8s avoir retrouv\u00e9 la comp\u00e9tition chez lui, en Slov\u00e9nie, samedi&hellip;\n","protected":false},"author":2,"featured_media":309236,"comment_status":"","ping_status":"","sticky":false,"template":"","format":"standard","meta":{"footnotes":""},"categories":[1411],"tags":[1154,207,1011,27,60,1138],"class_list":{"0":"post-309235","1":"post","2":"type-post","3":"status-publish","4":"format-standard","5":"has-post-thumbnail","7":"category-cyclisme","8":"tag-cycling","9":"tag-cyclisme","10":"tag-fr","11":"tag-france","12":"tag-sports","13":"tag-tadej-pogacar"},"share_on_mastodon":{"url":"https:\/\/pubeurope.com\/@fr\/115004037176282404","error":""},"_links":{"self":[{"href":"https:\/\/www.europesays.com\/fr\/wp-json\/wp\/v2\/posts\/309235","targetHints":{"allow":["GET"]}}],"collection":[{"href":"https:\/\/www.europesays.com\/fr\/wp-json\/wp\/v2\/posts"}],"about":[{"href":"https:\/\/www.europesays.com\/fr\/wp-json\/wp\/v2\/types\/post"}],"author":[{"embeddable":true,"href":"https:\/\/www.europesays.com\/fr\/wp-json\/wp\/v2\/users\/2"}],"replies":[{"embeddable":true,"href":"https:\/\/www.europesays.com\/fr\/wp-json\/wp\/v2\/comments?post=309235"}],"version-history":[{"count":0,"href":"https:\/\/www.europesays.com\/fr\/wp-json\/wp\/v2\/posts\/309235\/revisions"}],"wp:featuredmedia":[{"embeddable":true,"href":"https:\/\/www.europesays.com\/fr\/wp-json\/wp\/v2\/media\/309236"}],"wp:attachment":[{"href":"https:\/\/www.europesays.com\/fr\/wp-json\/wp\/v2\/media?parent=309235"}],"wp:term":[{"taxonomy":"category","embeddable":true,"href":"https:\/\/www.europesays.com\/fr\/wp-json\/wp\/v2\/categories?post=309235"},{"taxonomy":"post_tag","embeddable":true,"href":"https:\/\/www.europesays.com\/fr\/wp-json\/wp\/v2\/tags?post=309235"}],"curies":[{"name":"wp","href":"https:\/\/api.w.org\/{rel}","templated":true}]}}