{"id":309241,"date":"2025-08-10T10:40:12","date_gmt":"2025-08-10T10:40:12","guid":{"rendered":"https:\/\/www.europesays.com\/fr\/309241\/"},"modified":"2025-08-10T10:40:12","modified_gmt":"2025-08-10T10:40:12","slug":"francois-chaslin-figure-phare-de-la-scene-architecturale-est-mort","status":"publish","type":"post","link":"https:\/\/www.europesays.com\/fr\/309241\/","title":{"rendered":"Fran\u00e7ois Chaslin, figure phare de la sc\u00e8ne architecturale, est mort"},"content":{"rendered":"<p>                         <img loading=\"lazy\" decoding=\"async\" src=\"https:\/\/www.europesays.com\/fr\/wp-content\/uploads\/2025\/08\/f7f390d_upload-1-tw4zwegnzqzl-opaleplus-opale41870-01.jpg\" alt=\"Francois Chaslin, le 25\u00a0novembre 2014. \"   width=\"664\" height=\"443\"\/>    Francois Chaslin, le 25\u00a0novembre 2014.  JOHN FOLEY\/OPALE.PHOTO                 <\/p>\n<p class=\"article__paragraph  \">\u00ab\u00a0Comme un oiseau sur un c\u00e2ble \u00e9lectrique, comme un chanteur ivre dans un ch\u0153ur \u00e0 la messe de minuit, j\u2019ai tent\u00e9 \u00e0 ma fa\u00e7on d\u2019\u00eatre libre\u2026\u00a0\u00bb Chant\u00e9s en anglais par L\u00e9onard Cohen \u2013 dans Bird on the Wire (1968) \u2013, ces mots auraient pu \u00eatre ceux de Fran\u00e7ois Chaslin. Figure phare de la sc\u00e8ne architecturale, l\u2019homme aimait la chanson. Il aimait le cin\u00e9ma, la litt\u00e9rature, la mer, les villes, mais aussi \u00ab\u00a0les oiseaux, les insectes, les mat\u00e9riaux us\u00e9s, l\u2019odeur du buis, la nuit, le bruit du vent, les orages\u00a0\u00bb, comme il s\u2019en f\u00e9licitait dans un entretien donn\u00e9 en\u00a02019\u00a0\u00e0 la revue Urbanisme. Il \u00e9tait de ces libres penseurs n\u00e9s au mitan du si\u00e8cle dernier qui ont trouv\u00e9 avec l\u2019architecture une matrice leur donnant prise sur toute la richesse du monde. Sa mort, jeudi 7\u00a0ao\u00fbt, \u00e0 l\u2019\u00e2ge de 76\u00a0ans, \u00e0 Lanildut (Finist\u00e8re) o\u00f9 il avait une maison, laisse ses amis meurtris et le monde de l\u2019architecture profond\u00e9ment d\u00e9sempar\u00e9.<\/p>\n<p class=\"article__paragraph  \">C\u2019est sur la plage du Crapaud, o\u00f9 il avait l\u2019habitude de se baigner, qu\u2019il a rendu son dernier souffle. Saisi d\u2019un malaise, il s\u2019est noy\u00e9. Un sursaut lui a donn\u00e9 la force de regagner la plage o\u00f9 il est d\u00e9c\u00e9d\u00e9 dans les bras de son \u00e9pouse, Sophie Bauchez-Chaslin, symbolique d\u2019une vie dont il sera en quelque sorte rest\u00e9\u00a0ma\u00eetre jusqu\u2019au bout.<\/p>\n<p class=\"reading-mode-only \"><strong>Il vous reste 80.91% de cet article \u00e0 lire. La suite est r\u00e9serv\u00e9e aux abonn\u00e9s.<\/strong><\/p>\n","protected":false},"excerpt":{"rendered":"Francois Chaslin, le 25\u00a0novembre 2014. JOHN FOLEY\/OPALE.PHOTO \u00ab\u00a0Comme un oiseau sur un c\u00e2ble \u00e9lectrique, comme un chanteur ivre&hellip;\n","protected":false},"author":2,"featured_media":309242,"comment_status":"","ping_status":"","sticky":false,"template":"","format":"standard","meta":{"footnotes":""},"categories":[1358],"tags":[1348,1384,1385,1386,58,59,1011,27],"class_list":{"0":"post-309241","1":"post","2":"type-post","3":"status-publish","4":"format-standard","5":"has-post-thumbnail","7":"category-arts-et-design","8":"tag-arts","9":"tag-arts-and-design","10":"tag-arts-et-design","11":"tag-design","12":"tag-divertissement","13":"tag-entertainment","14":"tag-fr","15":"tag-france"},"share_on_mastodon":{"url":"https:\/\/pubeurope.com\/@fr\/115004049134946673","error":""},"_links":{"self":[{"href":"https:\/\/www.europesays.com\/fr\/wp-json\/wp\/v2\/posts\/309241","targetHints":{"allow":["GET"]}}],"collection":[{"href":"https:\/\/www.europesays.com\/fr\/wp-json\/wp\/v2\/posts"}],"about":[{"href":"https:\/\/www.europesays.com\/fr\/wp-json\/wp\/v2\/types\/post"}],"author":[{"embeddable":true,"href":"https:\/\/www.europesays.com\/fr\/wp-json\/wp\/v2\/users\/2"}],"replies":[{"embeddable":true,"href":"https:\/\/www.europesays.com\/fr\/wp-json\/wp\/v2\/comments?post=309241"}],"version-history":[{"count":0,"href":"https:\/\/www.europesays.com\/fr\/wp-json\/wp\/v2\/posts\/309241\/revisions"}],"wp:featuredmedia":[{"embeddable":true,"href":"https:\/\/www.europesays.com\/fr\/wp-json\/wp\/v2\/media\/309242"}],"wp:attachment":[{"href":"https:\/\/www.europesays.com\/fr\/wp-json\/wp\/v2\/media?parent=309241"}],"wp:term":[{"taxonomy":"category","embeddable":true,"href":"https:\/\/www.europesays.com\/fr\/wp-json\/wp\/v2\/categories?post=309241"},{"taxonomy":"post_tag","embeddable":true,"href":"https:\/\/www.europesays.com\/fr\/wp-json\/wp\/v2\/tags?post=309241"}],"curies":[{"name":"wp","href":"https:\/\/api.w.org\/{rel}","templated":true}]}}