{"id":309245,"date":"2025-08-10T10:42:16","date_gmt":"2025-08-10T10:42:16","guid":{"rendered":"https:\/\/www.europesays.com\/fr\/309245\/"},"modified":"2025-08-10T10:42:16","modified_gmt":"2025-08-10T10:42:16","slug":"m6-nous-revele-ce-que-sont-devenus-les-couples-de-la-saison-19","status":"publish","type":"post","link":"https:\/\/www.europesays.com\/fr\/309245\/","title":{"rendered":"M6 nous r\u00e9v\u00e8le ce que sont devenus les couples de la saison 19"},"content":{"rendered":"<p>Un coup d\u2019\u0153il dans le r\u00e9troviseur avant de foncer sur la nouvelle saison. <a href=\"https:\/\/www.20minutes.fr\/dossier\/m6\" class=\"color-ultramarine c-link\" target=\"_blank\" rel=\"noopener\">M6<\/a> lancera la vingti\u00e8me \u00e9dition de \u00ab\u00a0<a href=\"https:\/\/www.20minutes.fr\/television\/l_amour_est_dans_le_pr\/\" class=\"color-ultramarine c-link\" target=\"_blank\" rel=\"noopener\">L\u2019Amour est dans le pr\u00e9<\/a>\u00a0\u00bb le 25\u00a0ao\u00fbt. Mais, en amuse-bouche, la cha\u00eene programme les lundis\u00a011 et 18\u00a0ao\u00fbt, \u00e0 21h10, deux soir\u00e9es sp\u00e9ciales \u00ab\u00a0Que sont-ils devenus\u00a0?\u00a0\u00bb. L\u2019occasion de faire le point sur la m\u00e9t\u00e9o sentimentale des agriculteurs de la saison 19.<\/p>\n<p>C\u2019est avec les vieux potes que l\u2019on fait le meilleur soap, alors M6 ne rechigne pas \u00e0 servir du rab d\u2019une recette qui a r\u00e9gal\u00e9 les t\u00e9l\u00e9spectateurs. L\u2019an pass\u00e9, 4,6\u00a0millions de personnes en moyenne ont suivi les aventures amoureuses du fantasque Gilles et ses \u00ab\u00a0pilules bleues\u00a0\u00bb, du benjamin Valentin et de Flavie <a href=\"https:\/\/www.20minutes.fr\/arts-stars\/television\/4119686-20241105-amour-pre-flavie-diagnostiquee-cancer-pendant-tournage\" class=\"color-ultramarine c-link\" target=\"_blank\" rel=\"noopener\">dont l\u2019histoire a \u00e9t\u00e9 assombrie par la maladie<\/a>, de Pascal exasp\u00e9r\u00e9 par une <a href=\"https:\/\/www.20minutes.fr\/arts-stars\/television\/4110492-20240917-amour-pre-fleurs-haricots-canape-muriel-torpille-ferme-ur-pascal\" class=\"color-ultramarine c-link\" target=\"_blank\" rel=\"noopener\">Muriel ayant toujours un reproche \u00e0 exprimer<\/a>\u2026<\/p>\n<\/p>\n<p>Cela faisait dix ans que la cha\u00eene n\u2019avait pas r\u00e9alis\u00e9 une part d\u2019audience aussi forte du c\u00f4t\u00e9 des femmes de moins de 50 ans responsables des achats, une cible primordiale pour monnayer \u00e0 la hausse le tarif de diffusion des spots de pub\u2026 Les c\u00e9r\u00e9aliers de l\u2019\u00e9mission ne diront pas le contraire\u00a0: il faut savoir cultiver le bl\u00e9 et l\u2019oseille.<\/p>\n<p>Ludovic \u00ab\u00a0fou amoureux\u00a0\u00bb<\/p>\n<p>Lors du <a href=\"https:\/\/www.20minutes.fr\/arts-stars\/television\/4127019-20241203-amour-pre-coups-ur-coups-mou-heure-dernier-bilan-m6\" class=\"color-ultramarine c-link\" target=\"_blank\" rel=\"noopener\">bilan de la saison, diffus\u00e9 fin\u00a02024<\/a>, un paquet de couples form\u00e9s dans l\u2019\u00e9mission \u00e9tait encore d\u2019actualit\u00e9. Parmi eux\u00a0: Micka\u00ebl et Nadia, Christophe et Yann, Renaud et Anne, Bruno et Cl\u00e9mence\u2026 Sont-ils tous toujours aussi unis aujourd\u2019hui\u00a0? En deux soir\u00e9es, \u00ab\u00a0Que sont-ils devenus\u00a0?\u00a0\u00bb r\u00e9pondra \u00e0 la question.<\/p>\n<p>En plus des r\u00e9seaux sociaux des premiers concern\u00e9s, <a href=\"https:\/\/www.20minutes.fr\/dossier\/karine_le_marchand\" class=\"color-ultramarine c-link\" target=\"_blank\" rel=\"noopener\">Karine Le\u00a0Marchand<\/a> a d\u00e9j\u00e0 un peu vendu la m\u00e8che face \u00e0 la presse d\u00e9but juillet. \u00ab\u00a0Des couples sur lesquels on aurait pu miser beaucoup d\u2019argent ne sont plus et d\u2019autres se sont form\u00e9s\u00a0\u00bb, a-t-elle gliss\u00e9. Le dossier de presse, lui, promet des \u00ab\u00a0r\u00e9v\u00e9lations et surprises romantiques\u00a0\u00bb. L\u2019une d\u2019elles concernera Ludovic, le viticulteur fleur bleue qui est \u00ab\u00a0fou amoureux\u00a0\u00bb, dixit la cha\u00eene, et pr\u00e9sentera sa moiti\u00e9 \u00e0 ses acolytes.<\/p>\n<p>Une \u00ab\u00a0bulle\u00a0\u00bb r\u00e9confortante<\/p>\n<p>Car, pour ce \u00ab\u00a0Que sont-ils devenus\u00a0?\u00a0\u00bb, dix des douze agriculteurs de la derni\u00e8re saison se sont r\u00e9unis dans un g\u00eete &#8211; Brice et Christophe manquent \u00e0 l\u2019appel &#8211; afin d\u2019y c\u00e9l\u00e9brer les 70 ans de Gilles, alias Gillou. Les pr\u00e9paratifs de l\u2019anniversaire font office de fil rouge lors de ces deux \u00e9missions \u00e0 la dimension feel good \u00e9vidente.<\/p>\n<p><a href=\"https:\/\/www.20minutes.fr\/television\/l_amour_est_dans_le_pr\/\" class=\"c-link c-btn c-btn--primary\" target=\"_blank\" rel=\"noopener\">Tous nos articles sur L&rsquo;amour est dans le pr\u00e9<\/a><\/p>\n<p>\u00ab\u00a0On a besoin de rire, d\u2019avoir la larme \u00e0 l\u2019\u0153il, mais pour des raisons plus \u00e9motionnelles que par angoisse\u00a0\u00bb, soulignait Karine Le\u00a0Marchand devant les journalistes au d\u00e9but de l\u2019\u00e9t\u00e9, estimant que \u00ab\u00a0L\u2019amour est dans le pr\u00e9\u00a0\u00bb \u00e9tait une \u00ab\u00a0bulle\u00a0\u00bb r\u00e9confortante dans un \u00ab\u00a0monde flou\u00a0\u00bb travers\u00e9 par des actualit\u00e9s dramatiques. 20 Minutes, qui a pu visionner les deux soir\u00e9es confirme que la mission est accomplie.<\/p>\n","protected":false},"excerpt":{"rendered":"Un coup d\u2019\u0153il dans le r\u00e9troviseur avant de foncer sur la nouvelle saison. M6 lancera la vingti\u00e8me \u00e9dition&hellip;\n","protected":false},"author":2,"featured_media":309246,"comment_status":"","ping_status":"","sticky":false,"template":"","format":"standard","meta":{"footnotes":""},"categories":[1356],"tags":[58,59,1011,27,5413,9307,494,252,1364],"class_list":{"0":"post-309245","1":"post","2":"type-post","3":"status-publish","4":"format-standard","5":"has-post-thumbnail","7":"category-television","8":"tag-divertissement","9":"tag-entertainment","10":"tag-fr","11":"tag-france","12":"tag-karine-le-marchand","13":"tag-lamour-est-dans-le-pre","14":"tag-m6","15":"tag-television","16":"tag-tv"},"share_on_mastodon":{"url":"https:\/\/pubeurope.com\/@fr\/115004056790360270","error":""},"_links":{"self":[{"href":"https:\/\/www.europesays.com\/fr\/wp-json\/wp\/v2\/posts\/309245","targetHints":{"allow":["GET"]}}],"collection":[{"href":"https:\/\/www.europesays.com\/fr\/wp-json\/wp\/v2\/posts"}],"about":[{"href":"https:\/\/www.europesays.com\/fr\/wp-json\/wp\/v2\/types\/post"}],"author":[{"embeddable":true,"href":"https:\/\/www.europesays.com\/fr\/wp-json\/wp\/v2\/users\/2"}],"replies":[{"embeddable":true,"href":"https:\/\/www.europesays.com\/fr\/wp-json\/wp\/v2\/comments?post=309245"}],"version-history":[{"count":0,"href":"https:\/\/www.europesays.com\/fr\/wp-json\/wp\/v2\/posts\/309245\/revisions"}],"wp:featuredmedia":[{"embeddable":true,"href":"https:\/\/www.europesays.com\/fr\/wp-json\/wp\/v2\/media\/309246"}],"wp:attachment":[{"href":"https:\/\/www.europesays.com\/fr\/wp-json\/wp\/v2\/media?parent=309245"}],"wp:term":[{"taxonomy":"category","embeddable":true,"href":"https:\/\/www.europesays.com\/fr\/wp-json\/wp\/v2\/categories?post=309245"},{"taxonomy":"post_tag","embeddable":true,"href":"https:\/\/www.europesays.com\/fr\/wp-json\/wp\/v2\/tags?post=309245"}],"curies":[{"name":"wp","href":"https:\/\/api.w.org\/{rel}","templated":true}]}}