{"id":309247,"date":"2025-08-10T10:43:10","date_gmt":"2025-08-10T10:43:10","guid":{"rendered":"https:\/\/www.europesays.com\/fr\/309247\/"},"modified":"2025-08-10T10:43:10","modified_gmt":"2025-08-10T10:43:10","slug":"grosse-brouille-entre-les-deux-chanteurs-de-debut-de-soiree","status":"publish","type":"post","link":"https:\/\/www.europesays.com\/fr\/309247\/","title":{"rendered":"grosse brouille entre les deux chanteurs de D\u00e9but de Soir\u00e9e"},"content":{"rendered":"<p><img decoding=\"async\" src=\"https:\/\/www.europesays.com\/fr\/wp-content\/uploads\/2025\/08\/photo_1754576285.jpg\" class=\"textcenter img-content\" loading=\"lazy\"\/>Bestimage<br \/>\n<br \/>\nC&rsquo;est l&rsquo;une des chansons fran\u00e7aises les plus embl\u00e9matiques des ann\u00e9es 80. \u00c0 tel point qu&rsquo;il s&rsquo;agit <a href=\"https:\/\/www.chartsinfrance.net\/actualite\/news-122386.html\" target=\"_blank\" class=\"spip_out\" rel=\"nofollow noopener\">du morceau le plus interpr\u00e9t\u00e9<\/a> depuis la cr\u00e9ation du jeu \u00ab\u00a0N&rsquo;oubliez pas les paroles\u00a0\u00bb sur France 2. Depuis sa sortie en 1988, \u00ab\u00a0Nuit de folie\u00a0\u00bb de D\u00e9but de soir\u00e9e (et pas l&rsquo;inverse) a d\u00e9ferl\u00e9 tel un rouleau compresseur sur la France. Les chiffres parlent d&rsquo;eux-m\u00eames : neuf semaines \u00e0 la t\u00eate du Top 50 et 1,3 million de singles vendus. Rajoutez \u00e0 cela 46 millions d&rsquo;\u00e9coutes en streaming sur Spotify. Un \u00e9norme succ\u00e8s assombri par d&rsquo;importantes querelles entre les deux membres du duo qu&rsquo;on peut ais\u00e9ment qualifier de \u00ab\u00a0one-hit wonder\u00a0\u00bb : aujourd&rsquo;hui, William Picard m\u00e8ne la barque seul sur sc\u00e8ne lors des tourn\u00e9es nostalgiques \u00ab\u00a0Stars 80\u00a0\u00bb, alors que <a href=\"https:\/\/www.chartsinfrance.net\/actualite\/news-132992.html\" target=\"_blank\" class=\"spip_out\" rel=\"nofollow noopener\">son comparse Sacha Go\u00ebller<\/a> est parti avec pertes et fracas. Il a notamment accus\u00e9 son ancien partenaire de sc\u00e8ne <a href=\"https:\/\/www.chartsinfrance.net\/actualite\/news-112078.html\" target=\"_blank\" class=\"spip_out\" rel=\"nofollow noopener\">d&rsquo;escroquerie<\/a>, s&rsquo;estimant moins pay\u00e9 que lui pour les concerts. <\/p>\n<p>Le player Dailymotion est en train de se charger&#8230;<\/p>\n<p>\u00ab\u00a0Cela m&rsquo;a mis en col\u00e8re\u00a0\u00bb<br \/>\nEn interview pour le magazine Ici Paris, William remet les choses au clair. Il assure ainsi avoir \u00ab fait la chanson seul \u00bb : \u00ab Sacha \u00e9tait client de la discoth\u00e8que o\u00f9 je travaillais, \u00e0 Marseille. On a sympathis\u00e9. Puis j&rsquo;ai r\u00e9ussi le concours d&rsquo;animateur sur NRJ, mais \u00eatre derri\u00e8re une vitre, je n&rsquo;aimais pas&#8230; Il voulait faire de la radio. Je lui ai propos\u00e9 de prendre ma place. Il a alors fait \u00e9couter mon titre \u00e0 un producteur, qui nous a dit : \u00ab\u00a0Faites un duo !\u00a0\u00bb \u00bb. S&rsquo;il se rappelle d&rsquo;un \u00ab tourbillon magique \u00bb, le succ\u00e8s a \u00e9t\u00e9 tr\u00e8s de courte dur\u00e9e pour les deux chanteurs qui, selon William, ont \u00ab deux caract\u00e8res diff\u00e9rents \u00bb : \u00ab Il refusait les photos, les autographes. Moi, j&rsquo;ai une approche plus chaleureuse avec les gens. On s&rsquo;est s\u00e9par\u00e9s \u00bb.<\/p>\n<p>Et William de mettre les choses au clair sur sa brouille aussi bien personnelle que professionnelle avec Sacha : \u00ab Il est interpr\u00e8te. Je suis auteur. Il est assez opportuniste et il a escroqu\u00e9 des gens. Cela m&rsquo;a mis en col\u00e8re&#8230; \u00bb. Il accepte toutefois de reformer le groupe, suite \u00e0 la proposition d&rsquo;un producteur, mais cela va durer plus longtemps que pr\u00e9vu. \u00ab Je ne voulais pas me reformer avec Sacha, mais je suis le parrain de sa fille M\u00e9lanie, j&rsquo;ai accept\u00e9. C&rsquo;est devenu une tourn\u00e9e, puis il y a eu les films. Apr\u00e8s, Sacha s&rsquo;est fait virer \u00bb r\u00e9sume celui qui vit d\u00e9sormais au Portugal et qui prend toujours part \u00e0 la tourn\u00e9e \u00ab\u00a0Stars 80\u00a0\u00bb, qui va <a href=\"https:\/\/www.chartsinfrance.net\/Stars-80\/news-132789.html\" target=\"_blank\" class=\"spip_out\" rel=\"nofollow noopener\">prendre fin<\/a> apr\u00e8s une derni\u00e8re s\u00e9rie de concerts courant 2026.<\/p>\n","protected":false},"excerpt":{"rendered":"Bestimage C&rsquo;est l&rsquo;une des chansons fran\u00e7aises les plus embl\u00e9matiques des ann\u00e9es 80. \u00c0 tel point qu&rsquo;il s&rsquo;agit du&hellip;\n","protected":false},"author":2,"featured_media":309248,"comment_status":"","ping_status":"","sticky":false,"template":"","format":"standard","meta":{"footnotes":""},"categories":[1355],"tags":[58,59,1011,27,1361,873],"class_list":{"0":"post-309247","1":"post","2":"type-post","3":"status-publish","4":"format-standard","5":"has-post-thumbnail","7":"category-musique","8":"tag-divertissement","9":"tag-entertainment","10":"tag-fr","11":"tag-france","12":"tag-music","13":"tag-musique"},"share_on_mastodon":{"url":"https:\/\/pubeurope.com\/@fr\/115004060812776355","error":""},"_links":{"self":[{"href":"https:\/\/www.europesays.com\/fr\/wp-json\/wp\/v2\/posts\/309247","targetHints":{"allow":["GET"]}}],"collection":[{"href":"https:\/\/www.europesays.com\/fr\/wp-json\/wp\/v2\/posts"}],"about":[{"href":"https:\/\/www.europesays.com\/fr\/wp-json\/wp\/v2\/types\/post"}],"author":[{"embeddable":true,"href":"https:\/\/www.europesays.com\/fr\/wp-json\/wp\/v2\/users\/2"}],"replies":[{"embeddable":true,"href":"https:\/\/www.europesays.com\/fr\/wp-json\/wp\/v2\/comments?post=309247"}],"version-history":[{"count":0,"href":"https:\/\/www.europesays.com\/fr\/wp-json\/wp\/v2\/posts\/309247\/revisions"}],"wp:featuredmedia":[{"embeddable":true,"href":"https:\/\/www.europesays.com\/fr\/wp-json\/wp\/v2\/media\/309248"}],"wp:attachment":[{"href":"https:\/\/www.europesays.com\/fr\/wp-json\/wp\/v2\/media?parent=309247"}],"wp:term":[{"taxonomy":"category","embeddable":true,"href":"https:\/\/www.europesays.com\/fr\/wp-json\/wp\/v2\/categories?post=309247"},{"taxonomy":"post_tag","embeddable":true,"href":"https:\/\/www.europesays.com\/fr\/wp-json\/wp\/v2\/tags?post=309247"}],"curies":[{"name":"wp","href":"https:\/\/api.w.org\/{rel}","templated":true}]}}