{"id":309251,"date":"2025-08-10T10:45:09","date_gmt":"2025-08-10T10:45:09","guid":{"rendered":"https:\/\/www.europesays.com\/fr\/309251\/"},"modified":"2025-08-10T10:45:09","modified_gmt":"2025-08-10T10:45:09","slug":"les-personnes-nees-en-ete-seraient-plus-a-risque-de-developper-cette-maladie-silencieuse-surtout-les-hommes","status":"publish","type":"post","link":"https:\/\/www.europesays.com\/fr\/309251\/","title":{"rendered":"Les personnes n\u00e9es en \u00e9t\u00e9 seraient plus \u00e0 risque de d\u00e9velopper cette maladie silencieuse, surtout les hommes"},"content":{"rendered":"<p>\n                Pendant la grossesse, plusieurs facteurs saisonniers peuvent influencer le d\u00e9veloppement du f\u0153tus.            <\/p>\n<p>Notre sant\u00e9 est le r\u00e9sultat de nos g\u00e8nes et de notre mode de vie.\u00a0Et si un param\u00e8tre bien plus pr\u00e9coce, et totalement ind\u00e9pendant de notre volont\u00e9, jouait \u00e9galement un r\u00f4le\u00a0? C&rsquo;est la question que ce sont pos\u00e9s des chercheurs canadiens,\u00a0dont la r\u00e9cente \u00e9tude sugg\u00e8re un lien surprenant entre la saison de notre naissance et le risque de d\u00e9velopper certains troubles.<\/p>\n<p>L&rsquo;objectif des chercheurs \u00e9tait d&rsquo;explorer scientifiquement ce lien avec certains troubles courants. Pour y parvenir, ils ont recrut\u00e9 plus de 300\u00a0participants, \u00e2g\u00e9s de 26\u00a0ans en moyenne. Chacun a r\u00e9pondu \u00e0 des questionnaires pour \u00e9valuer sa <a href=\"https:\/\/sante.journaldesfemmes.fr\/fiches-psycho-psychiatrie\/2677829-sante-mentale-france-travail-definition-preserver\/\" title=\"Sant\u00e9 mentale\" rel=\"nofollow noopener\" target=\"_blank\">sant\u00e9 mentale<\/a>, ses variations d&rsquo;humeur et ses sympt\u00f4mes anxieux. Les scientifiques ont ensuite analys\u00e9 les donn\u00e9es en s&rsquo;assurant que des facteurs comme l&rsquo;\u00e2ge, le sexe ou les revenus ne faussaient pas les r\u00e9sultats. \u00ab\u00a0La saison de naissance expose le f\u0153tus \u00e0 des conditions environnementales et d\u00e9veloppementales variables qui peuvent influencer les r\u00e9sultats en mati\u00e8re de sant\u00e9 apr\u00e8s la naissance\u00a0\u00bb, r\u00e9sument les auteurs dans la revue <a href=\"https:\/\/journals.plos.org\/mentalhealth\/article?id=10.1371\/journal.pmen.0000296\" target=\"_blank\" rel=\"nofollow noopener\">PLOS Mental Health<\/a>.<\/p>\n<p>D&rsquo;apr\u00e8s leurs r\u00e9sultats, les personnes n\u00e9es en \u00e9t\u00e9 seraient plus expos\u00e9es au risque de d\u00e9velopper une maladie mentale bien connue\u00a0: la <a href=\"https:\/\/sante.journaldesfemmes.fr\/fiches-psycho-psychiatrie\/2529356-depression-definition-symptomes-traitement-maladie\/\" title=\"D\u00e9pression\" rel=\"nofollow noopener\" target=\"_blank\">d\u00e9pression<\/a>. En comparant les r\u00e9sultats entre les genres, les hommes seraient d&rsquo;ailleurs bien plus concern\u00e9s. \u00ab\u00a0Les hommes n\u00e9s pendant l&rsquo;\u00e9t\u00e9 pr\u00e9sentaient des scores de d\u00e9pression [&#8230;] plus \u00e9lev\u00e9s que les hommes n\u00e9s pendant les autres saisons\u00a0\u00bb, expliquent les chercheurs.\u00a0La d\u00e9pression est une maladie qui se caract\u00e9rise par une tristesse persistante et une perte d&rsquo;int\u00e9r\u00eat ou de plaisir pour les activit\u00e9s quotidiennes. Mais comment expliquer ce lien\u00a0? Pendant la grossesse, plusieurs facteurs saisonniers peuvent jouer sur le d\u00e9veloppement du cerveau du b\u00e9b\u00e9\u00a0: l&rsquo;exposition de la m\u00e8re au soleil (pour la vitamine D), son alimentation ou le risque de contracter des virus ne sont pas les m\u00eames en hiver qu&rsquo;en \u00e9t\u00e9. Ces \u00e9l\u00e9ments pourraient subtilement influencer le cerveau en d\u00e9veloppement, cr\u00e9ant une vuln\u00e9rabilit\u00e9 diff\u00e9rente plus tard dans la vie.<\/p>\n<p>La sant\u00e9 mentale est donc complexe, fruit d&rsquo;une interaction entre nos g\u00e8nes, notre histoire et notre environnement. Si cette d\u00e9couverte ne change pas aujourd&rsquo;hui les traitements, elle rappelle l&rsquo;importance de la pr\u00e9vention. Si vous ou un de vos proches ressentez une tristesse persistante, une <a href=\"https:\/\/sante.journaldesfemmes.fr\/fiches-sante-du-quotidien\/2513396-fatigue-intense-que-faire-cause-symptomes-traitement\/\" title=\"Fatigue intense\" rel=\"nofollow noopener\" target=\"_blank\">fatigue intense<\/a> ou une perte de motivation, n&rsquo;h\u00e9sitez jamais \u00e0 en parler \u00e0 un professionnel de sant\u00e9, qui saura vous \u00e9couter et vous accompagner.<\/p>\n","protected":false},"excerpt":{"rendered":"Pendant la grossesse, plusieurs facteurs saisonniers peuvent influencer le d\u00e9veloppement du f\u0153tus. Notre sant\u00e9 est le r\u00e9sultat de&hellip;\n","protected":false},"author":2,"featured_media":309252,"comment_status":"","ping_status":"","sticky":false,"template":"","format":"standard","meta":{"footnotes":""},"categories":[10],"tags":[1011,27,72,71],"class_list":{"0":"post-309251","1":"post","2":"type-post","3":"status-publish","4":"format-standard","5":"has-post-thumbnail","7":"category-sante","8":"tag-fr","9":"tag-france","10":"tag-health","11":"tag-sante"},"share_on_mastodon":{"url":"https:\/\/pubeurope.com\/@fr\/115004068604590271","error":""},"_links":{"self":[{"href":"https:\/\/www.europesays.com\/fr\/wp-json\/wp\/v2\/posts\/309251","targetHints":{"allow":["GET"]}}],"collection":[{"href":"https:\/\/www.europesays.com\/fr\/wp-json\/wp\/v2\/posts"}],"about":[{"href":"https:\/\/www.europesays.com\/fr\/wp-json\/wp\/v2\/types\/post"}],"author":[{"embeddable":true,"href":"https:\/\/www.europesays.com\/fr\/wp-json\/wp\/v2\/users\/2"}],"replies":[{"embeddable":true,"href":"https:\/\/www.europesays.com\/fr\/wp-json\/wp\/v2\/comments?post=309251"}],"version-history":[{"count":0,"href":"https:\/\/www.europesays.com\/fr\/wp-json\/wp\/v2\/posts\/309251\/revisions"}],"wp:featuredmedia":[{"embeddable":true,"href":"https:\/\/www.europesays.com\/fr\/wp-json\/wp\/v2\/media\/309252"}],"wp:attachment":[{"href":"https:\/\/www.europesays.com\/fr\/wp-json\/wp\/v2\/media?parent=309251"}],"wp:term":[{"taxonomy":"category","embeddable":true,"href":"https:\/\/www.europesays.com\/fr\/wp-json\/wp\/v2\/categories?post=309251"},{"taxonomy":"post_tag","embeddable":true,"href":"https:\/\/www.europesays.com\/fr\/wp-json\/wp\/v2\/tags?post=309251"}],"curies":[{"name":"wp","href":"https:\/\/api.w.org\/{rel}","templated":true}]}}