{"id":309255,"date":"2025-08-10T10:47:09","date_gmt":"2025-08-10T10:47:09","guid":{"rendered":"https:\/\/www.europesays.com\/fr\/309255\/"},"modified":"2025-08-10T10:47:09","modified_gmt":"2025-08-10T10:47:09","slug":"angelique-angarni-filopon-la-disparition-inquietante-de-miss-france-apres-une-chute","status":"publish","type":"post","link":"https:\/\/www.europesays.com\/fr\/309255\/","title":{"rendered":"Ang\u00e9lique Angarni-Filopon : la disparition inqui\u00e9tante de Miss France apr\u00e8s une chute"},"content":{"rendered":"<p>Les t\u00e9l\u00e9spectateurs de Fort Boyard ont eu droit \u00e0 un petit coup de stress ce <strong>samedi 9 ao\u00fbt 2025<\/strong>. En plein milieu du jeu, <strong><a href=\"https:\/\/www.public.fr\/angelique-angarni-filopon-miss-france-2025-change-radicalement-de-tete-iris-mittenaere-nen-revient-pas\" target=\"_blank\" rel=\"noopener\">Ang\u00e9lique Angarni-Filopon<\/a><\/strong>, notre Miss France 2025, a myst\u00e9rieusement <strong>disparu des \u00e9crans <\/strong>pendant un bon moment, laissant place \u00e0 toutes les hypoth\u00e8ses.<\/p>\n<p>Apr\u00e8s l\u2019\u00e9preuve de la <strong>Laverie<\/strong>, qu\u2019elle partageait avec le vid\u00e9aste LeBouseuh, la reine de beaut\u00e9 a manqu\u00e9 \u00e0 l\u2019appel\u2026 et forc\u00e9ment, tout le monde s\u2019est demand\u00e9 : mais <strong>o\u00f9 est-elle pass\u00e9e<\/strong> et est-ce qu&rsquo;elle va bien ?<\/p>\n<p>Ang\u00e9lique Angarni-Filopon, une chute et une grosse frayeur<\/p>\n<p>Pendant que ses camarades retrouvaient le <strong><a href=\"https:\/\/www.public.fr\/le-pere-fouras-debarque-dans-c-a-vous-rare-apparition-sous-son-vrai-jour\" target=\"_blank\" rel=\"noopener\">P\u00e8re Fouras<\/a><\/strong> pour les d\u00e9fis suivants, <strong>la Martiniquaise<\/strong> brillait par son absence. Et ce n\u2019est que pour la premi\u00e8re manche de l\u2019\u00e9preuve des indices qu\u2019elle a r\u00e9apparu comme par magie, le <strong>sourire aux l\u00e8vres<\/strong>. De quoi alimenter les rumeurs, jusqu\u2019\u00e0 ce qu\u2019elle livre enfin son explication \u00e0 T\u00e9l\u00e9-Loisirs.<\/p>\n<p>Le myst\u00e8re est lev\u00e9 : c\u2019est en raison de la <strong>mousse<\/strong> <strong>de la Laverie<\/strong>. \u00ab\u00a0J&rsquo;ai fait une petite chute et \u00e7a m&rsquo;a juste fait peur. J\u2019ai cru comprendre que <strong>je m\u2019\u00e9tais fait tr\u00e8s tr\u00e8s mal<\/strong>, mais apr\u00e8s v\u00e9rification tout va tr\u00e8s bien. J\u2019ai eu un petit peu peur, <strong>on a pr\u00e9f\u00e9r\u00e9 v\u00e9rifier<\/strong> que tout allait bien et je vais tr\u00e8s bien\u00a0\u00bb, raconte Ang\u00e9lique Angarni-Filopon.<\/p>\n<p>L\u2019\u00e9preuve, pourtant class\u00e9e en difficult\u00e9 mod\u00e9r\u00e9e avec un <strong>taux de r\u00e9ussite de 50 %<\/strong>, n\u2019a pas \u00e9t\u00e9 de tout repos pour le duo. Plusieurs chutes, quelques fous rires\u2026 mais aussi une petite frayeur pour la Miss France. Par pr\u00e9caution, <strong>une attelle<\/strong> lui a m\u00eame \u00e9t\u00e9 pos\u00e9e. Donc, rien de grave \u00e0 signaler, ce qui n&rsquo;est pas le cas de <a href=\"https:\/\/www.public.fr\/fort-boyard-jimmy-mohamed-chute-et-se-fait-tres-mal-france-2-tente-de-cacher-la-blessure\" target=\"_blank\" rel=\"noopener\">Jimmy Mohamed<\/a> qui a \u00e9t\u00e9 bless\u00e9 plus s\u00e9rieusement lors d\u2019un autre d\u00e9fi. Ang\u00e9lique Angarni-Filopon \u00e9tait d\u00e9j\u00e0 <strong>sur pied le lendemain<\/strong> pour une s\u00e9ance de d\u00e9dicaces. Pas de quoi mettre \u00e0 mal son sourire l\u00e9gendaire.<\/p>\n<p>Ang\u00e9lique Angarni-Filopon, une autre raison de son absence<\/p>\n<p>Les langues se d\u00e9lient. Au-del\u00e0 de la petite frayeur, Miss France 2025 avoue qu\u2019il y avait aussi une <strong>autre raison plus\u2026 glamour<\/strong> \u00e0 ce long break. \u00ab\u00a0Je suis partie pendant un moment aussi <strong>pour me changer<\/strong>. Avec la mousse, ce n&rsquo;\u00e9tait pas super simple\u00a0\u00bb, confie-t-elle avec humour.<\/p>\n<p>Dans quelques mois, <strong>Ang\u00e9lique Angarni-Filopon<\/strong> c\u00e9dera sa couronne \u00e0 la prochaine Miss France pour l&rsquo;ann\u00e9e 2026. Mais pour l\u2019instant, elle<strong> savoure pleinement son r\u00e8gne<\/strong> et ses participations aux \u00e9missions cultes. Cette m\u00e9saventure dans Fort Boyard n&rsquo;est qu&rsquo;<strong>un souvenir de plus \u00e0 raconter<\/strong> sur son incroyable ann\u00e9e de sacre.<\/p>\n<p>      Mentionn\u00e9s dans cet article<\/p>\n<p>      Sur le m\u00eame sujet<\/p>\n","protected":false},"excerpt":{"rendered":"Les t\u00e9l\u00e9spectateurs de Fort Boyard ont eu droit \u00e0 un petit coup de stress ce samedi 9 ao\u00fbt&hellip;\n","protected":false},"author":2,"featured_media":309256,"comment_status":"","ping_status":"","sticky":false,"template":"","format":"standard","meta":{"footnotes":""},"categories":[8],"tags":[43364,58,59,15745,1011,27,3034],"class_list":{"0":"post-309255","1":"post","2":"type-post","3":"status-publish","4":"format-standard","5":"has-post-thumbnail","7":"category-divertissement","8":"tag-angelique-angarni-filopon","9":"tag-divertissement","10":"tag-entertainment","11":"tag-fort-boyard","12":"tag-fr","13":"tag-france","14":"tag-miss-france"},"share_on_mastodon":{"url":"https:\/\/pubeurope.com\/@fr\/115004076537033501","error":""},"_links":{"self":[{"href":"https:\/\/www.europesays.com\/fr\/wp-json\/wp\/v2\/posts\/309255","targetHints":{"allow":["GET"]}}],"collection":[{"href":"https:\/\/www.europesays.com\/fr\/wp-json\/wp\/v2\/posts"}],"about":[{"href":"https:\/\/www.europesays.com\/fr\/wp-json\/wp\/v2\/types\/post"}],"author":[{"embeddable":true,"href":"https:\/\/www.europesays.com\/fr\/wp-json\/wp\/v2\/users\/2"}],"replies":[{"embeddable":true,"href":"https:\/\/www.europesays.com\/fr\/wp-json\/wp\/v2\/comments?post=309255"}],"version-history":[{"count":0,"href":"https:\/\/www.europesays.com\/fr\/wp-json\/wp\/v2\/posts\/309255\/revisions"}],"wp:featuredmedia":[{"embeddable":true,"href":"https:\/\/www.europesays.com\/fr\/wp-json\/wp\/v2\/media\/309256"}],"wp:attachment":[{"href":"https:\/\/www.europesays.com\/fr\/wp-json\/wp\/v2\/media?parent=309255"}],"wp:term":[{"taxonomy":"category","embeddable":true,"href":"https:\/\/www.europesays.com\/fr\/wp-json\/wp\/v2\/categories?post=309255"},{"taxonomy":"post_tag","embeddable":true,"href":"https:\/\/www.europesays.com\/fr\/wp-json\/wp\/v2\/tags?post=309255"}],"curies":[{"name":"wp","href":"https:\/\/api.w.org\/{rel}","templated":true}]}}