{"id":309259,"date":"2025-08-10T10:49:11","date_gmt":"2025-08-10T10:49:11","guid":{"rendered":"https:\/\/www.europesays.com\/fr\/309259\/"},"modified":"2025-08-10T10:49:11","modified_gmt":"2025-08-10T10:49:11","slug":"jeff-bezos-a-peine-mariee-sa-femme-lauren-sanchez-se-lance-dans-une-bataille-judiciaire","status":"publish","type":"post","link":"https:\/\/www.europesays.com\/fr\/309259\/","title":{"rendered":"Jeff Bezos : \u00e0 peine mari\u00e9e, sa femme Lauren Sanchez se lance dans une bataille judiciaire"},"content":{"rendered":"<p>Jeff Bezos vient tout juste de c\u00e9l\u00e9brer un mariage somptueux \u00e0<br \/>\n<strong>Venise<\/strong>, entour\u00e9 d\u2019une pluie de stars<br \/>\ninternationales telles qu\u2019<a href=\"https:\/\/www.closermag.fr\/royautes\/meghan-et-harry-oprah-winfrey-appelee-au-secours-pour-gerer-un-probleme-risible-chez-eux-a-montecito-3566172\" rel=\"nofollow noopener\" target=\"_blank\">Oprah<br \/>\nWinfrey<\/a>, <a href=\"https:\/\/www.closermag.fr\/people\/katy-perry-separee-dorlando-bloom-elle-se-met-a-genoux-et-ca-laisse-de-douloureuses-traces-3570116\" rel=\"nofollow noopener\" target=\"_blank\"><br \/>\nOrlando Bloom<\/a> ou encore <a href=\"https:\/\/www.closermag.fr\/politique\/donald-trump-sa-fille-ivanka-fait-une-rare-apparition-pourquoi-avait-elle-disparu-des-radars-3491673\" rel=\"nofollow noopener\" target=\"_blank\"><br \/>\nIvanka Trump<\/a>. Pendant trois jours, le couple a v\u00e9cu des<br \/>\nfestivit\u00e9s grandioses m\u00ealant luxe, glamour et \u00e9motions intenses,<br \/>\ncaptivant l\u2019attention du monde entier.<\/p>\n<p>Pourtant, derri\u00e8re cette f\u00e9\u00e9rie, Lauren Sanchez, la nouvelle<br \/>\n\u00e9pouse du milliardaire, traverse une <strong>bataille<br \/>\njudiciaire<\/strong> acharn\u00e9e qui jette une ombre sur ce conte de<br \/>\nf\u00e9es, m\u00ealant drames personnels et conflits familiaux toujours tr\u00e8s<br \/>\nm\u00e9diatis\u00e9s.<\/p>\n<p>Une bataille juridique pour les<br \/>\nBezos<\/p>\n<p data-start=\"82\" data-end=\"574\"><a href=\"https:\/\/www.closermag.fr\/people\/jeff-bezos-et-lauren-sanchez-pour-leurs-bon-yeux-leonardo-di-caprio-et-sa-cherie-ont-mis-leurs-convictions-ecolos-au-placard-3569262\" rel=\"nofollow noopener\" target=\"_blank\"><br \/>\nJeff Bezos<\/a> et <a href=\"https:\/\/www.closermag.fr\/people\/jeff-bezos-et-lauren-sanchez-apres-leur-mariage-leur-projet-tres-sexy-avec-une-actrice-a-tomber-3564556\" rel=\"nofollow noopener\" target=\"_blank\"><br \/>\nLauren Sanchez<\/a>, fra\u00eechement mari\u00e9s, sont engag\u00e9s dans une<br \/>\nlongue bataille judiciaire avec Michael Sanchez, le fr\u00e8re de<br \/>\nLauren. Ils demandent \u00e0 Michael de rembourser pr\u00e8s de <strong>190<br \/>\n000 dollars de frais d\u2019avocats<\/strong>, car ils ont gagn\u00e9 une<br \/>\nproc\u00e9dure qui leur permet de rejeter ses plaintes jug\u00e9es sans<br \/>\nfondement. Cette proc\u00e9dure s\u2019appuie sur la loi californienne<br \/>\nanti-SLAPP, con\u00e7ue pour prot\u00e9ger les personnes contre des<br \/>\npoursuites abusives destin\u00e9es \u00e0 les harceler ou les faire<br \/>\ntaire.<\/p>\n<p data-start=\"576\" data-end=\"1057\">Les avocats de Lauren<br \/>\nqualifient la d\u00e9marche de Michael de \u00ab\u00a0<strong>campagne de<br \/>\nharc\u00e8lement<\/strong>\u00a0\u00bb dans l\u2019espoir d\u2019obtenir un gain<br \/>\nfinancier injustifi\u00e9. Michael aurait d\u00e9pos\u00e9 des accusations qu\u2019il<br \/>\nsavait fausses ou vou\u00e9es \u00e0 l\u2019\u00e9chec, ce qui justifie selon Jeff et<br \/>\nLauren leur demande de <strong>remboursement des frais<br \/>\njuridiques<\/strong>. Les honoraires des avocats, qui peuvent aller<br \/>\nde 549 \u00e0 1 125 dollars de l\u2019heure, s\u2019\u00e9l\u00e8vent \u00e0 182 374 dollars,<br \/>\nauxquels s\u2019ajoutent 8 182 dollars de frais suppl\u00e9mentaires.<\/p>\n<p>Un<br \/>\nchantage sexuel au coeur du conflit<\/p>\n<p data-start=\"1453\" data-end=\"2065\">Cette querelle familiale a<br \/>\n\u00e9clat\u00e9 peu apr\u00e8s que Jeff Bezos ait annonc\u00e9 sa s\u00e9paration avec sa<br \/>\nfemme <a href=\"https:\/\/www.closermag.fr\/people\/jeff-bezos-qui-est-mackenzie-scott-sa-premiere-femme-3557730\" rel=\"nofollow noopener\" target=\"_blank\"><br \/>\nMacKenzie Scott<\/a>, apr\u00e8s 25 ans de mariage. Page Six avait r\u00e9v\u00e9l\u00e9<br \/>\nen exclusivit\u00e9 que Bezos <strong>fr\u00e9quentait d\u00e9j\u00e0<\/strong> Lauren<br \/>\nSanchez, encore l\u00e9galement mari\u00e9e mais s\u00e9par\u00e9e de l\u2019agent<br \/>\nhollywoodien Patrick Whitesell. L\u2019affaire a pris une tournure<br \/>\nexplosive lorsque le National Enquirer a menac\u00e9 de <strong>publier<br \/>\ndes photos \u00e0 caract\u00e8re sexuel<\/strong>, poussant Bezos \u00e0 devancer<br \/>\nla publication en d\u00e9voilant lui-m\u00eame ces contenus.<\/p>\n<p data-start=\"1453\" data-end=\"2065\">Michael a ni\u00e9 avoir diffus\u00e9<br \/>\ndes \u00ab\u00a0<strong>selfies compromettants<\/strong>\u00ab\u00a0, sans<br \/>\ntoutefois contester la divulgation d\u2019autres informations. En<br \/>\nf\u00e9vrier 2020, Michael a poursuivi Bezos pour diffamation, mais la<br \/>\nCour sup\u00e9rieure du comt\u00e9 de Los Angeles lui a donn\u00e9 tort en<br \/>\nnovembre 2020. En 2021, Bezos a obtenu <strong>218 385 dollars pour<br \/>\ncouvrir ses frais juridiques<\/strong>, mais le conflit judiciaire<br \/>\ncontinue.<\/p>\n","protected":false},"excerpt":{"rendered":"Jeff Bezos vient tout juste de c\u00e9l\u00e9brer un mariage somptueux \u00e0 Venise, entour\u00e9 d\u2019une pluie de stars internationales&hellip;\n","protected":false},"author":2,"featured_media":309260,"comment_status":"","ping_status":"","sticky":false,"template":"","format":"standard","meta":{"footnotes":""},"categories":[6],"tags":[548,35,33,34,1011,27,697],"class_list":{"0":"post-309259","1":"post","2":"type-post","3":"status-publish","4":"format-standard","5":"has-post-thumbnail","7":"category-economie","8":"tag-article-simple","9":"tag-business","10":"tag-economie","11":"tag-economy","12":"tag-fr","13":"tag-france","14":"tag-jeff-bezos"},"share_on_mastodon":{"url":"https:\/\/pubeurope.com\/@fr\/115004084411228199","error":""},"_links":{"self":[{"href":"https:\/\/www.europesays.com\/fr\/wp-json\/wp\/v2\/posts\/309259","targetHints":{"allow":["GET"]}}],"collection":[{"href":"https:\/\/www.europesays.com\/fr\/wp-json\/wp\/v2\/posts"}],"about":[{"href":"https:\/\/www.europesays.com\/fr\/wp-json\/wp\/v2\/types\/post"}],"author":[{"embeddable":true,"href":"https:\/\/www.europesays.com\/fr\/wp-json\/wp\/v2\/users\/2"}],"replies":[{"embeddable":true,"href":"https:\/\/www.europesays.com\/fr\/wp-json\/wp\/v2\/comments?post=309259"}],"version-history":[{"count":0,"href":"https:\/\/www.europesays.com\/fr\/wp-json\/wp\/v2\/posts\/309259\/revisions"}],"wp:featuredmedia":[{"embeddable":true,"href":"https:\/\/www.europesays.com\/fr\/wp-json\/wp\/v2\/media\/309260"}],"wp:attachment":[{"href":"https:\/\/www.europesays.com\/fr\/wp-json\/wp\/v2\/media?parent=309259"}],"wp:term":[{"taxonomy":"category","embeddable":true,"href":"https:\/\/www.europesays.com\/fr\/wp-json\/wp\/v2\/categories?post=309259"},{"taxonomy":"post_tag","embeddable":true,"href":"https:\/\/www.europesays.com\/fr\/wp-json\/wp\/v2\/tags?post=309259"}],"curies":[{"name":"wp","href":"https:\/\/api.w.org\/{rel}","templated":true}]}}