{"id":309267,"date":"2025-08-10T10:53:12","date_gmt":"2025-08-10T10:53:12","guid":{"rendered":"https:\/\/www.europesays.com\/fr\/309267\/"},"modified":"2025-08-10T10:53:12","modified_gmt":"2025-08-10T10:53:12","slug":"sorbiers-la-nouvelle-mediatheque-ouvrira-ses-portes-le-13-septembre","status":"publish","type":"post","link":"https:\/\/www.europesays.com\/fr\/309267\/","title":{"rendered":"Sorbiers. La nouvelle m\u00e9diath\u00e8que ouvrira ses portes le 13\u00a0septembre"},"content":{"rendered":"<p>La dynamisation du centre-bourg aura \u00e9t\u00e9 l\u2019un des fils rouges du mandat de l\u2019\u00e9quipe de Marie-Christine Thivant. Apr\u00e8s une premi\u00e8re phase men\u00e9e autour de la cr\u00e9ation d\u2019un p\u00f4le de logements et de commerces en\u00a02021 et\u00a02022, la future m\u00e9diath\u00e8que, situ\u00e9e \u00e0 proximit\u00e9, va enfin \u00eatre accessible aux Sorb\u00e9rans \u00e0 la mi-septembre.<\/p>\n<p>  Objectif\u00a0: revitaliser l\u2019ensemble du quartier<\/p>\n<p>\u00ab On voulait la positionner \u00e0 cet endroit pour revitaliser l\u2019ensemble du quartier et appuyer la vie commer\u00e7ante gr\u00e2ce au passage qu\u2019elle va g\u00e9n\u00e9rer. Certes, le climat est morose et difficile (N.D.L.R.\u00a0: deux commerces ont ferm\u00e9 sur les cinq qui avaient ouvert en 2022), mais on aura fait ce qu\u2019il faut pour consolider la vie du bourg et on a bon espoir que la situation retrouve son \u00e9quilibre avec ce nouvel \u00e9lan\u00a0\u00bb, estime Marie-Christine Thivant.<\/p>\n<p>La nouvelle m\u00e9diath\u00e8que sera \u00e0 d\u00e9couvrir \u00e0 compter du samedi 13\u00a0septembre, avec une journ\u00e9e \u00ab portes ouvertes\u00a0\u00bb organis\u00e9e pour l\u2019occasion. Sur place, plusieurs animations, ainsi qu\u2019une visite des locaux, seront propos\u00e9es aux Sorb\u00e9rans.<\/p>\n<p>\u00ab\u00a0\u00c7a a \u00e9t\u00e9 un projet long, qui avait d\u00e9marr\u00e9 avant ce mandat et qui, je l\u2019esp\u00e8re, sera une belle r\u00e9ussite, confie le maire. Nous avons pens\u00e9 ce b\u00e2timent de 700\u00a0m\u00b2 comme un v\u00e9ritable lieu de vie, avec un coin biblioth\u00e8que, une partie tiers-lieu o\u00f9 les habitants pourront se r\u00e9unir\u2026 Il accueillera \u00e9galement les \u00e9quipes de Sorbiers Culture, qui pourront y organiser des expositions et animations culturelles.\u00a0\u00bb<\/p>\n","protected":false},"excerpt":{"rendered":"La dynamisation du centre-bourg aura \u00e9t\u00e9 l\u2019un des fils rouges du mandat de l\u2019\u00e9quipe de Marie-Christine Thivant. Apr\u00e8s&hellip;\n","protected":false},"author":2,"featured_media":309268,"comment_status":"","ping_status":"","sticky":false,"template":"","format":"standard","meta":{"footnotes":""},"categories":[9653],"tags":[1111,11,2430,1687,7539,1777,674,1011,27,12,316,25,4001,9664,17204],"class_list":{"0":"post-309267","1":"post","2":"type-post","3":"status-publish","4":"format-standard","5":"has-post-thumbnail","7":"category-saint-etienne","8":"tag-actu","9":"tag-actualites","10":"tag-auvergne-rhone-alpes","11":"tag-culture-loisirs","12":"tag-edition-loire-sud","13":"tag-eu","14":"tag-europe","15":"tag-fr","16":"tag-france","17":"tag-news","18":"tag-politique","19":"tag-republique-francaise","20":"tag-saint-etienne","21":"tag-saint-etienne-bassin","22":"tag-sorbiers"},"share_on_mastodon":{"url":"https:\/\/pubeurope.com\/@fr\/115004100089129228","error":""},"_links":{"self":[{"href":"https:\/\/www.europesays.com\/fr\/wp-json\/wp\/v2\/posts\/309267","targetHints":{"allow":["GET"]}}],"collection":[{"href":"https:\/\/www.europesays.com\/fr\/wp-json\/wp\/v2\/posts"}],"about":[{"href":"https:\/\/www.europesays.com\/fr\/wp-json\/wp\/v2\/types\/post"}],"author":[{"embeddable":true,"href":"https:\/\/www.europesays.com\/fr\/wp-json\/wp\/v2\/users\/2"}],"replies":[{"embeddable":true,"href":"https:\/\/www.europesays.com\/fr\/wp-json\/wp\/v2\/comments?post=309267"}],"version-history":[{"count":0,"href":"https:\/\/www.europesays.com\/fr\/wp-json\/wp\/v2\/posts\/309267\/revisions"}],"wp:featuredmedia":[{"embeddable":true,"href":"https:\/\/www.europesays.com\/fr\/wp-json\/wp\/v2\/media\/309268"}],"wp:attachment":[{"href":"https:\/\/www.europesays.com\/fr\/wp-json\/wp\/v2\/media?parent=309267"}],"wp:term":[{"taxonomy":"category","embeddable":true,"href":"https:\/\/www.europesays.com\/fr\/wp-json\/wp\/v2\/categories?post=309267"},{"taxonomy":"post_tag","embeddable":true,"href":"https:\/\/www.europesays.com\/fr\/wp-json\/wp\/v2\/tags?post=309267"}],"curies":[{"name":"wp","href":"https:\/\/api.w.org\/{rel}","templated":true}]}}