{"id":309269,"date":"2025-08-10T10:54:31","date_gmt":"2025-08-10T10:54:31","guid":{"rendered":"https:\/\/www.europesays.com\/fr\/309269\/"},"modified":"2025-08-10T10:54:31","modified_gmt":"2025-08-10T10:54:31","slug":"les-verts-laissent-echapper-deux-points-en-toute-fin-de-match","status":"publish","type":"post","link":"https:\/\/www.europesays.com\/fr\/309269\/","title":{"rendered":"les Verts laissent \u00e9chapper deux points en toute fin de match"},"content":{"rendered":"<p>Surpris par l&rsquo;ouverture du score contre le cours du jeu de Tchokount\u00e9, les Verts n&rsquo;auront pas mis longtemps \u00e0 r\u00e9agir. Cardona, puis Boakye avaient redonn\u00e9 l&rsquo;avantage aux Verts avant la pause, avant que Ben Old, auteur de son premier but sous le maillot vert, ne le redonne apr\u00e8s la pause. Mais les hommes d&rsquo;Eirik Horneland ont laiss\u00e9 \u00e9chapper deux points en toute fin de rencontre, apr\u00e8s que Clavreul ne profite des errements d\u00e9fensifs st\u00e9phanois sur corner pour permettre \u00e0 Laval d&rsquo;arracher un point. Que c&rsquo;est frustant pour les Verts.<\/p>\n<p>&#13;<br \/>\n              A.C. &#8211; &#13;<br \/>\n        &#13;<br \/>\n          Hier \u00e0 18:30&#13;<br \/>\n    &#13;<br \/>\n                  | mis \u00e0 jour aujourd&rsquo;hui \u00e0 11:57&#13;<br \/>\n              &#8211; Temps de lecture : &#13;<br \/>\n  &#13;\n<\/p>\n<p>                        &#13;<br \/>\n    &#13;<br \/>\n    &#13;<br \/>\n    <a href=\"https:\/\/cdn-s-www.leprogres.fr\/images\/539C3842-3EDA-4CC2-98AA-799F70BFC9EA\/NW_raw\/aimen-moueffek-a-ete-implique-sur-les-deux-premieres-realisations-stephanoises-a-laval-photo-maxppp-vincent-michel-1754774281.jpg\" title=\"A\u00efmen Moueffek a \u00e9t\u00e9 impliqu\u00e9 sur les deux premi\u00e8res r\u00e9alisations st\u00e9phanoises \u00e0 Laval.  Photo MaxPPP\/Vincent Michel\" class=\"chocolat-image GA-tracking\" data-ga_type=\"click\" data-ga_category=\"D\u00e9tail\" data-ga_action=\"zoomer\" data-ga_label=\"aggrandir image\" rel=\"nofollow noopener\" target=\"_blank\">&#13;<br \/>\n        <img src=\"https:\/\/www.europesays.com\/fr\/wp-content\/uploads\/2025\/08\/aimen-moueffek-a-ete-implique-sur-les-deux-premieres-realisations-stephanoises-a-laval-photo-maxppp-.jpeg\"   alt=\"A\u00efmen Moueffek a \u00e9t\u00e9 impliqu\u00e9 sur les deux premi\u00e8res r\u00e9alisations st\u00e9phanoises \u00e0 Laval.  Photo MaxPPP\/Vincent Michel\" fetchpriority=\"high\" decoding=\"async\" data-mobile=\"NW_detail_M|1754774281\" data-base=\"NW_detail|1754774281\"\/>&#13;<br \/>\n    <\/a>&#13;<br \/>\n    A\u00efmen Moueffek a \u00e9t\u00e9 impliqu\u00e9 sur les deux premi\u00e8res r\u00e9alisations st\u00e9phanoises \u00e0 Laval.  Photo MaxPPP\/Vincent Michel<\/p>\n","protected":false},"excerpt":{"rendered":"Surpris par l&rsquo;ouverture du score contre le cours du jeu de Tchokount\u00e9, les Verts n&rsquo;auront pas mis longtemps&hellip;\n","protected":false},"author":2,"featured_media":309270,"comment_status":"","ping_status":"","sticky":false,"template":"","format":"standard","meta":{"footnotes":""},"categories":[9653],"tags":[1111,11,4000,2430,1777,674,107,1701,63,1011,27,4002,3367,12,25,4001,517],"class_list":{"0":"post-309269","1":"post","2":"type-post","3":"status-publish","4":"format-standard","5":"has-post-thumbnail","7":"category-saint-etienne","8":"tag-actu","9":"tag-actualites","10":"tag-asse-as-saint-etienne-football","11":"tag-auvergne-rhone-alpes","12":"tag-eu","13":"tag-europe","14":"tag-fil-info","15":"tag-fil-info-sport","16":"tag-football","17":"tag-fr","18":"tag-france","19":"tag-haute-loire","20":"tag-loire","21":"tag-news","22":"tag-republique-francaise","23":"tag-saint-etienne","24":"tag-sport"},"share_on_mastodon":{"url":"https:\/\/pubeurope.com\/@fr\/115004104110095652","error":""},"_links":{"self":[{"href":"https:\/\/www.europesays.com\/fr\/wp-json\/wp\/v2\/posts\/309269","targetHints":{"allow":["GET"]}}],"collection":[{"href":"https:\/\/www.europesays.com\/fr\/wp-json\/wp\/v2\/posts"}],"about":[{"href":"https:\/\/www.europesays.com\/fr\/wp-json\/wp\/v2\/types\/post"}],"author":[{"embeddable":true,"href":"https:\/\/www.europesays.com\/fr\/wp-json\/wp\/v2\/users\/2"}],"replies":[{"embeddable":true,"href":"https:\/\/www.europesays.com\/fr\/wp-json\/wp\/v2\/comments?post=309269"}],"version-history":[{"count":0,"href":"https:\/\/www.europesays.com\/fr\/wp-json\/wp\/v2\/posts\/309269\/revisions"}],"wp:featuredmedia":[{"embeddable":true,"href":"https:\/\/www.europesays.com\/fr\/wp-json\/wp\/v2\/media\/309270"}],"wp:attachment":[{"href":"https:\/\/www.europesays.com\/fr\/wp-json\/wp\/v2\/media?parent=309269"}],"wp:term":[{"taxonomy":"category","embeddable":true,"href":"https:\/\/www.europesays.com\/fr\/wp-json\/wp\/v2\/categories?post=309269"},{"taxonomy":"post_tag","embeddable":true,"href":"https:\/\/www.europesays.com\/fr\/wp-json\/wp\/v2\/tags?post=309269"}],"curies":[{"name":"wp","href":"https:\/\/api.w.org\/{rel}","templated":true}]}}