{"id":309273,"date":"2025-08-10T10:56:19","date_gmt":"2025-08-10T10:56:19","guid":{"rendered":"https:\/\/www.europesays.com\/fr\/309273\/"},"modified":"2025-08-10T10:56:19","modified_gmt":"2025-08-10T10:56:19","slug":"vosges-un-motard-de-45-ans-heliporte-a-nancy-apres-un-choc-routier-entre-bult-et-destord","status":"publish","type":"post","link":"https:\/\/www.europesays.com\/fr\/309273\/","title":{"rendered":"Vosges. Un motard de 45 ans h\u00e9liport\u00e9 \u00e0 Nancy apr\u00e8s un choc routier entre Bult et Destord"},"content":{"rendered":"<p>L&rsquo;accident s&rsquo;est produit ce dimanche vers 9 h 30 \u00e0 hauteur d&rsquo;une intersection entre les communes de Bult et Destord. Alors qu&rsquo;il circulait sur la RD 159B en direction de Destord, un motard de 45 ans a percut\u00e9 le c\u00f4t\u00e9 droit d&rsquo;une voiture arrivant depuis Bult et s&rsquo;engageant sur la route depuis un c\u00e9dez-le-passage.<\/p>\n<p>Suite au choc, le quadrag\u00e9naire a \u00e9t\u00e9 projet\u00e9 dans un champ voisin. Souffrant de multiples fractures, le bless\u00e9 grave a \u00e9t\u00e9 h\u00e9liport\u00e9 au centre hospitalier de Nancy.<\/p>\n<p>Ce contenu est bloqu\u00e9 car vous n&rsquo;avez pas accept\u00e9 les cookies et autres traceurs.<\/p>\n<p>En cliquant sur \u00ab J\u2019accepte \u00bb, les cookies et autres traceurs seront d\u00e9pos\u00e9s et vous pourrez visualiser les contenus  (<a href=\"\" class=\"consentModule_policy\" target=\"_blank\" title=\"Consulter la politique de protection des donn\u00e9es du fournisseur\">plus d&rsquo;informations<\/a>).<\/p>\n<p>En cliquant sur \u00ab J\u2019accepte tous les cookies \u00bb, vous autorisez des d\u00e9p\u00f4ts de cookies et autres traceurs pour le stockage de vos donn\u00e9es sur nos sites et applications \u00e0 des fins de personnalisation et de ciblage publicitaire.<\/p>\n<p class=\"consentModule_secondaryText\">Vous gardez la possibilit\u00e9 de retirer votre consentement \u00e0 tout moment en consultant notre <a href=\"https:\/\/www.vosgesmatin.fr\/protection-des-donnees\" target=\"_blank\" title=\"Consulter notre politique de protection des donn\u00e9es\" rel=\"noopener\">politique de protection des donn\u00e9es<\/a>. <br \/>&#13;<br \/>\n            <a href=\"https:\/\/www.vosgesmatin.fr\/faits-divers-justice\/2025\/08\/10\/javascript:Didomi.notice.show()\" class=\"consentModule_cmp\" target=\"_blank\" rel=\"noopener\">G\u00e9rer mes choix<\/a>&#13;\n        <\/p>\n<p>&#13;<br \/>\n                        J&rsquo;accepte&#13;<br \/>\n            J&rsquo;accepte tous les cookies&#13;\n        <\/p>\n<p>Quant aux occupants de la voiture, un couple et ses deux enfants de 5 et 13 ans, deux d&rsquo;entre eux ont \u00e9t\u00e9 transport\u00e9s \u00e0 l&rsquo;h\u00f4pital d&rsquo;\u00c9pinal pour des examens de contr\u00f4le. Il s&rsquo;agit des mineurs, passagers \u00e0 l&rsquo;arri\u00e8re au moment des faits.<\/p>\n<p>L&rsquo;intervention des pompiers de Golbey, Bruy\u00e8res, Rambervillers et Padoux, \u00e9paul\u00e9s par le Smur \u00c9pinal et l&rsquo;h\u00e9licopt\u00e8re du Samu Lorraine, a n\u00e9cessit\u00e9 la fermeture de la route jusqu&rsquo;\u00e0 11 h 45. La d\u00e9viation a \u00e9t\u00e9 mise en place par le service d\u00e9partemental des routes.<\/p>\n<p>Les gendarmes de la brigade territoriale autonome de Rambervillers ainsi que de la brigade motoris\u00e9e de Saint-Di\u00e9 sont venus proc\u00e9der aux constatations d&rsquo;usage pour d\u00e9terminer les causes exactes de cet accident.<\/p>\n","protected":false},"excerpt":{"rendered":"L&rsquo;accident s&rsquo;est produit ce dimanche vers 9 h 30 \u00e0 hauteur d&rsquo;une intersection entre les communes de Bult&hellip;\n","protected":false},"author":2,"featured_media":309274,"comment_status":"","ping_status":"","sticky":false,"template":"","format":"standard","meta":{"footnotes":""},"categories":[9635],"tags":[119,1111,11,44911,44912,1799,1777,674,274,107,1011,27,775,1702,12,25,774],"class_list":{"0":"post-309273","1":"post","2":"type-post","3":"status-publish","4":"format-standard","5":"has-post-thumbnail","7":"category-nancy","8":"tag-accident","9":"tag-actu","10":"tag-actualites","11":"tag-bult","12":"tag-destord","13":"tag-edition-saint-die","14":"tag-eu","15":"tag-europe","16":"tag-faits-divers-justice","17":"tag-fil-info","18":"tag-fr","19":"tag-france","20":"tag-grand-est","21":"tag-nancy","22":"tag-news","23":"tag-republique-francaise","24":"tag-vosges"},"share_on_mastodon":{"url":"https:\/\/pubeurope.com\/@fr\/115004111753401866","error":""},"_links":{"self":[{"href":"https:\/\/www.europesays.com\/fr\/wp-json\/wp\/v2\/posts\/309273","targetHints":{"allow":["GET"]}}],"collection":[{"href":"https:\/\/www.europesays.com\/fr\/wp-json\/wp\/v2\/posts"}],"about":[{"href":"https:\/\/www.europesays.com\/fr\/wp-json\/wp\/v2\/types\/post"}],"author":[{"embeddable":true,"href":"https:\/\/www.europesays.com\/fr\/wp-json\/wp\/v2\/users\/2"}],"replies":[{"embeddable":true,"href":"https:\/\/www.europesays.com\/fr\/wp-json\/wp\/v2\/comments?post=309273"}],"version-history":[{"count":0,"href":"https:\/\/www.europesays.com\/fr\/wp-json\/wp\/v2\/posts\/309273\/revisions"}],"wp:featuredmedia":[{"embeddable":true,"href":"https:\/\/www.europesays.com\/fr\/wp-json\/wp\/v2\/media\/309274"}],"wp:attachment":[{"href":"https:\/\/www.europesays.com\/fr\/wp-json\/wp\/v2\/media?parent=309273"}],"wp:term":[{"taxonomy":"category","embeddable":true,"href":"https:\/\/www.europesays.com\/fr\/wp-json\/wp\/v2\/categories?post=309273"},{"taxonomy":"post_tag","embeddable":true,"href":"https:\/\/www.europesays.com\/fr\/wp-json\/wp\/v2\/tags?post=309273"}],"curies":[{"name":"wp","href":"https:\/\/api.w.org\/{rel}","templated":true}]}}