{"id":309275,"date":"2025-08-10T10:59:14","date_gmt":"2025-08-10T10:59:14","guid":{"rendered":"https:\/\/www.europesays.com\/fr\/309275\/"},"modified":"2025-08-10T10:59:14","modified_gmt":"2025-08-10T10:59:14","slug":"il-voulait-vendre-une-trottinette-pour-rentrer-en-algerie-la-bac-linterpelle","status":"publish","type":"post","link":"https:\/\/www.europesays.com\/fr\/309275\/","title":{"rendered":"il voulait vendre une trottinette pour rentrer en Alg\u00e9rie, la Bac l\u2019interpelle"},"content":{"rendered":"<p>            Par<br \/>\n        <strong><br \/>\n            <a href=\"https:\/\/actu.fr\/auteur\/lea-pippinato\" title=\"Consulter tous les articles de L\u00e9a Pippinato\" rel=\"nofollow noopener\" target=\"_blank\">L\u00e9a Pippinato<\/a><br \/>\n        <\/strong><\/p>\n<p>        Publi\u00e9 le<\/p>\n<p>            10 ao\u00fbt 2025 \u00e0 10h40        <\/p>\n<p><strong>Ce mercredi 6 ao\u00fbt 2025<\/strong>, vers 16h15, <strong>un homme de 28 ans<\/strong> s\u2019attaque \u00e0 <strong>un antivol<\/strong> en forme de U fix\u00e9 \u00e0 <strong>une trottinette<\/strong>. La sc\u00e8ne se d\u00e9roule <strong>pr\u00e8s de la gare Saint-Roch<\/strong> de Montpellier. L\u2019outil utilis\u00e9 est <strong>une disqueuse<\/strong>. Deux passants remarquent l\u2019op\u00e9ration. Intrigu\u00e9s, ils s\u2019approchent et interrogent l\u2019individu. Ce dernier affirme que le v\u00e9hicule est \u00e0 lui.<\/p>\n<p>    <a href=\"https:\/\/www.google.com\/maps\/embed?pb=!1m18!1m12!1m3!1d2889.0443265489885!2d3.8758602037128!3d43.60561866477872!2m3!1f0!2f0!3f0!3m2!1i1024!2i768!4f13.1!3m3!1m2!1s0x12b6afa406650bbd%3A0x1766935f25749770!2sMontpellier%20Saint-Roch!5e0!3m2!1sfr!2sfr!4v1754671722244!5m2!1sfr!2sfr\" title=\"Ouvrie le lien\" rel=\"nofollow noopener\" target=\"_blank\">Cliquez ici pour visualiser le contenu<\/a><\/p>\n<p class=\" wall-content\">Les t\u00e9moins ne sont pas convaincus. L\u2019un d\u2019eux r\u00e9pond m\u00eame : \u00ab\u00a0Ce n\u2019est pas ta trottinette, c\u2019est la mienne.\u00a0\u00bb Cette remarque provoque la fuite de l\u2019homme. Les deux t\u00e9moins se concertent : l\u2019un appelle imm\u00e9diatement la police et pr\u00e9cise que le suspect se dirige vers le mus\u00e9e Fabre.<\/p>\n<p>Quinze minutes de traque<\/p>\n<p class=\" wall-content\">La Bac (brigade anti-criminalit\u00e9) re\u00e7oit l\u2019alerte et l\u2019\u00e9quipe se d\u00e9ploie dans le secteur indiqu\u00e9. Un quart d\u2019heure apr\u00e8s l\u2019appel, les policiers rep\u00e8rent et interpellent l\u2019individu. Il est conduit au poste et plac\u00e9 en garde \u00e0 vue. Face aux enqu\u00eateurs, le mis en cause explique avoir trouv\u00e9 la disqueuse sur un chantier du quartier Saint-\u00c9loi. Il d\u00e9clare vouloir vendre la trottinette pour r\u00e9unir de l\u2019argent afin de rentrer en Alg\u00e9rie. Il est convoqu\u00e9 <strong>le 13 novembre<\/strong> pour une CRPC (comparution sur reconnaissance pr\u00e9alable de culpabilit\u00e9).<\/p>\n<p class=\" wall-content\">Quant au propri\u00e9taire de la trottinette, qui s\u2019\u00e9tait stationn\u00e9 pr\u00e8s de la gare pour rejoindre une salle de sport. \u00c0 son retour, apercevant les deux passants devant son engin, il pensa qu\u2019il s\u2019agissait de voleurs. Ces derniers lui expliqu\u00e8rent qu\u2019au contraire ils ont permis l\u2019arrestation du suspect !<\/p>\n<p>Vid\u00e9os : en ce moment sur Actu<\/p>\n<p class=\" wall-content\">Suivez toute l\u2019actualit\u00e9 de vos villes et m\u00e9dias favoris en vous inscrivant \u00e0 <a href=\"https:\/\/moncompte.actu.fr\" title=\"D\u00e9couvez Mon Actu\" rel=\"nofollow noopener\" data-trk=\"{&quot;cta&quot;:{&quot;action&quot;:&quot;https:\\\/\\\/moncompte.actu.fr&quot;,&quot;category&quot;:&quot;mon compte&quot;,&quot;from&quot;:&quot;article footer&quot;,&quot;name&quot;:&quot;Mon actu&quot;,&quot;type&quot;:&quot;cta&quot;}}\" target=\"_blank\">Mon Actu<\/a>.<\/p>\n","protected":false},"excerpt":{"rendered":"Par L\u00e9a Pippinato Publi\u00e9 le 10 ao\u00fbt 2025 \u00e0 10h40 Ce mercredi 6 ao\u00fbt 2025, vers 16h15, un&hellip;\n","protected":false},"author":2,"featured_media":309276,"comment_status":"","ping_status":"","sticky":false,"template":"","format":"standard","meta":{"footnotes":""},"categories":[9599],"tags":[1111,11,1777,674,118,1011,27,303,2208,12,2680,1072,25,2803],"class_list":{"0":"post-309275","1":"post","2":"type-post","3":"status-publish","4":"format-standard","5":"has-post-thumbnail","7":"category-montpellier","8":"tag-actu","9":"tag-actualites","10":"tag-eu","11":"tag-europe","12":"tag-faits-divers","13":"tag-fr","14":"tag-france","15":"tag-justice","16":"tag-montpellier","17":"tag-news","18":"tag-occitanie","19":"tag-police","20":"tag-republique-francaise","21":"tag-transport"},"share_on_mastodon":{"url":"https:\/\/pubeurope.com\/@fr\/115004123684462892","error":""},"_links":{"self":[{"href":"https:\/\/www.europesays.com\/fr\/wp-json\/wp\/v2\/posts\/309275","targetHints":{"allow":["GET"]}}],"collection":[{"href":"https:\/\/www.europesays.com\/fr\/wp-json\/wp\/v2\/posts"}],"about":[{"href":"https:\/\/www.europesays.com\/fr\/wp-json\/wp\/v2\/types\/post"}],"author":[{"embeddable":true,"href":"https:\/\/www.europesays.com\/fr\/wp-json\/wp\/v2\/users\/2"}],"replies":[{"embeddable":true,"href":"https:\/\/www.europesays.com\/fr\/wp-json\/wp\/v2\/comments?post=309275"}],"version-history":[{"count":0,"href":"https:\/\/www.europesays.com\/fr\/wp-json\/wp\/v2\/posts\/309275\/revisions"}],"wp:featuredmedia":[{"embeddable":true,"href":"https:\/\/www.europesays.com\/fr\/wp-json\/wp\/v2\/media\/309276"}],"wp:attachment":[{"href":"https:\/\/www.europesays.com\/fr\/wp-json\/wp\/v2\/media?parent=309275"}],"wp:term":[{"taxonomy":"category","embeddable":true,"href":"https:\/\/www.europesays.com\/fr\/wp-json\/wp\/v2\/categories?post=309275"},{"taxonomy":"post_tag","embeddable":true,"href":"https:\/\/www.europesays.com\/fr\/wp-json\/wp\/v2\/tags?post=309275"}],"curies":[{"name":"wp","href":"https:\/\/api.w.org\/{rel}","templated":true}]}}