{"id":309281,"date":"2025-08-10T11:07:12","date_gmt":"2025-08-10T11:07:12","guid":{"rendered":"https:\/\/www.europesays.com\/fr\/309281\/"},"modified":"2025-08-10T11:07:12","modified_gmt":"2025-08-10T11:07:12","slug":"pro-d2-tristan-labouteley-arrive-au-fcg-pas-de-porte-de-sortie-pour-kveseladze","status":"publish","type":"post","link":"https:\/\/www.europesays.com\/fr\/309281\/","title":{"rendered":"Pro D2. Tristan Labouteley arrive au FCG, pas de porte de sortie pour Kveseladze"},"content":{"rendered":"<p>Grenoble a mis la main sur son deuxi\u00e8me ligne tant attendu. Apr\u00e8s l\u2019\u00e9chec de la piste James Fender, qui s\u2019\u00e9tait mis d\u2019accord <a href=\"https:\/\/www.ledauphine.com\/sport\/2025\/08\/07\/fender-ne-viendra-pas-costa-sorti-est-arrive-les-echos-de-lesdiguieres\" target=\"_blank\" rel=\"nofollow noopener\">avec le FCG avant que le club d\u2019Ospreys ne bloque le joueur gallois,<\/a> Grenoble et ses dirigeants \u00e9taient \u00e0 la recherche de la perle rare pour venir densifier ce secteur de jeu.<\/p>\n<p>Le FCG s\u2019est mis d\u2019accord avec Tristan Labouteley et le club de Perpignan. Comme r\u00e9v\u00e9l\u00e9 par <a href=\"https:\/\/www.rugbyrama.fr\/2025\/08\/10\/exclu-midol-transferts-le-fc-grenoble-soffre-un-perpignanais-en-pret-12868988.php\" target=\"_blank\" rel=\"nofollow noopener\">Rugbyrama<\/a>, et nous sommes en mesure de confirmer l&rsquo;information, le futur joueur de Grenoble va venir en Is\u00e8re sous la forme d\u2019un pr\u00eat d&rsquo;un an. Il sera par la suite transf\u00e9r\u00e9 d\u00e9finitivement dans son nouveau club pour les deux prochaines saisons, soit jusqu\u2019en 2028.<\/p>\n<p>Tristan Labouteley (2,02m, 107\u00a0kg), va apporter du poids dans le pack avant. Il a derri\u00e8re lui plusieurs saisons de Top 14, lui qui a \u00e9volu\u00e9 \u00e0 Montpellier, Bordeaux-B\u00e8gles et Perpignan depuis 2017. Il n\u2019avait pas particip\u00e9 \u00e0 l&rsquo;access match de Top 14\u00a0contre le FCG cette ann\u00e9e, mais il \u00e9tait bien pr\u00e9sent sur la pelouse du stade des Alpes, lors du match de barrage entre l\u2019USAP et Grenoble, en juin\u00a02023 (19-33 pour Perpignan).<\/p>\n<p>  Un international g\u00e9orgien dans le viseur<\/p>\n<p>En ce qui concerne les autres dossiers des transferts autour du FCG, les dirigeants veulent prendre le temps. Si un num\u00e9ro\u00a010 \u00e9tait dans le viseur des dirigeants pour venir suppl\u00e9er le Gallois le temps de sa convalescence &#8211; bless\u00e9 \u00e0 l\u2019\u00e9paule, il est absent jusqu\u2019au mois de d\u00e9cembre -, la piste s\u2019est \u00e9teinte ces derniers jours et aucun mouvement n\u2019est \u00e0 l\u2019ordre du jour. Tout d\u00e9pendra des opportunit\u00e9s sur le march\u00e9.<\/p>\n<p>Toujours selon nos informations, le FCG est ouvert \u00e0 un pr\u00eat de <a href=\"https:\/\/www.ledauphine.com\/sport\/2025\/01\/10\/fcg-kveseladze-metamorphose-davies-pas-inspire-les-tops-et-flops-de-la-victoire-face-a-montauban\" target=\"_blank\" rel=\"nofollow noopener\"> Giorgi Kveseladze<\/a>. Capitaine de l\u2019\u00e9quipe de la G\u00e9orgie, l\u2019international n\u2019a jou\u00e9 que \u00e7 matchs cette saison avec le FCG. C&rsquo;est pourquoi Grenoble souhaiterait le c\u00e9der pour qu&rsquo;il dispose de plus de temps de jeu, dans un secteur o\u00f9 la concurrence est forte. Le G\u00e9orgien est en fin de contrat en 2026 avec le club.<\/p>\n","protected":false},"excerpt":{"rendered":"Grenoble a mis la main sur son deuxi\u00e8me ligne tant attendu. Apr\u00e8s l\u2019\u00e9chec de la piste James Fender,&hellip;\n","protected":false},"author":2,"featured_media":309282,"comment_status":"","ping_status":"","sticky":false,"template":"","format":"standard","meta":{"footnotes":""},"categories":[9566],"tags":[1111,11,2430,112,1777,674,2727,1701,1011,27,2731,2732,108,12,2308,25,479,517],"class_list":{"0":"post-309281","1":"post","2":"type-post","3":"status-publish","4":"format-standard","5":"has-post-thumbnail","7":"category-grenoble","8":"tag-actu","9":"tag-actualites","10":"tag-auvergne-rhone-alpes","11":"tag-edition-grenoble-agglomeration","12":"tag-eu","13":"tag-europe","14":"tag-fcg-fc-grenoble-rugby","15":"tag-fil-info-sport","16":"tag-fr","17":"tag-france","18":"tag-grenoble","19":"tag-grenoble-bassin","20":"tag-isere","21":"tag-news","22":"tag-pro-d2","23":"tag-republique-francaise","24":"tag-rugby","25":"tag-sport"},"share_on_mastodon":{"url":"https:\/\/pubeurope.com\/@fr\/115004155095717867","error":""},"_links":{"self":[{"href":"https:\/\/www.europesays.com\/fr\/wp-json\/wp\/v2\/posts\/309281","targetHints":{"allow":["GET"]}}],"collection":[{"href":"https:\/\/www.europesays.com\/fr\/wp-json\/wp\/v2\/posts"}],"about":[{"href":"https:\/\/www.europesays.com\/fr\/wp-json\/wp\/v2\/types\/post"}],"author":[{"embeddable":true,"href":"https:\/\/www.europesays.com\/fr\/wp-json\/wp\/v2\/users\/2"}],"replies":[{"embeddable":true,"href":"https:\/\/www.europesays.com\/fr\/wp-json\/wp\/v2\/comments?post=309281"}],"version-history":[{"count":0,"href":"https:\/\/www.europesays.com\/fr\/wp-json\/wp\/v2\/posts\/309281\/revisions"}],"wp:featuredmedia":[{"embeddable":true,"href":"https:\/\/www.europesays.com\/fr\/wp-json\/wp\/v2\/media\/309282"}],"wp:attachment":[{"href":"https:\/\/www.europesays.com\/fr\/wp-json\/wp\/v2\/media?parent=309281"}],"wp:term":[{"taxonomy":"category","embeddable":true,"href":"https:\/\/www.europesays.com\/fr\/wp-json\/wp\/v2\/categories?post=309281"},{"taxonomy":"post_tag","embeddable":true,"href":"https:\/\/www.europesays.com\/fr\/wp-json\/wp\/v2\/tags?post=309281"}],"curies":[{"name":"wp","href":"https:\/\/api.w.org\/{rel}","templated":true}]}}