{"id":309283,"date":"2025-08-10T11:08:18","date_gmt":"2025-08-10T11:08:18","guid":{"rendered":"https:\/\/www.europesays.com\/fr\/309283\/"},"modified":"2025-08-10T11:08:18","modified_gmt":"2025-08-10T11:08:18","slug":"meteo-en-bretagne-une-belle-journee-dete-ce-dimanche","status":"publish","type":"post","link":"https:\/\/www.europesays.com\/fr\/309283\/","title":{"rendered":"M\u00e9t\u00e9o en Bretagne\u00a0: une belle journ\u00e9e d\u2019\u00e9t\u00e9 ce dimanche"},"content":{"rendered":"<p>Finist\u00e8re<\/p>\n<p>Il va faire beau ce dimanche 10 ao\u00fbt 2025, malgr\u00e9 quelques passages nuageux sans cons\u00e9quences. Les temp\u00e9ratures seront comprises ce matin entre 11 et 15 \u00b0C et entre 20 et 26 \u00b0C l\u2019apr\u00e8s-midi. Le vent soufflera entre 15 et 30 km\/h, avec des rafales pouvant atteindre les 50 km\/h. La soir\u00e9e sera ensoleill\u00e9e.<\/p>\n<p>C\u00f4tes-d\u2019Armor<\/p>\n<p>Les nuages du matin laisseront place \u00e0 des \u00e9claircies de plus en plus larges dans l\u2019apr\u00e8s-midi. Les temp\u00e9ratures seront comprises le matin entre 12 et 14 \u00b0C et entre 22 et 26 \u00b0C l\u2019apr\u00e8s-midi. Le vent soufflera peu.<\/p>\n<p>Morbihan<\/p>\n<p>Un soleil radieux est attendu toute la journ\u00e9e. Les temp\u00e9ratures seront comprises le matin entre 10 et 13 \u00b0C et entre 27 et 29 \u00b0C l\u2019apr\u00e8s-midi. Le vent soufflera mod\u00e9r\u00e9ment, entre 15 et 20 km\/h. Des rafales atteindront peuvent les 35 km\/h. La soir\u00e9e sera ensoleill\u00e9e.<\/p>\n<p>Ille-et-Vilaine<\/p>\n<p>Un beau temps peu nuageux aux pr\u00e9visions. Les temp\u00e9ratures seront comprises le matin entre 9 et 16 \u00b0C et entre 22 et 29 \u00b0C l\u2019apr\u00e8s-midi. Le vent soufflera entre 15 et 20 km\/h, avec des rafales pouvant atteindre les 40 km\/h. Un beau ciel bleu est attendu dans la soir\u00e9e.<\/p>\n","protected":false},"excerpt":{"rendered":"Finist\u00e8re Il va faire beau ce dimanche 10 ao\u00fbt 2025, malgr\u00e9 quelques passages nuageux sans cons\u00e9quences. Les temp\u00e9ratures&hellip;\n","protected":false},"author":2,"featured_media":309284,"comment_status":"","ping_status":"","sticky":false,"template":"","format":"standard","meta":{"footnotes":""},"categories":[2821],"tags":[1111,11,829,2171,765,1777,674,3321,1011,27,848,21570,3729,12,584,25],"class_list":{"0":"post-309283","1":"post","2":"type-post","3":"status-publish","4":"format-standard","5":"has-post-thumbnail","7":"category-rennes","8":"tag-actu","9":"tag-actualites","10":"tag-bretagne","11":"tag-cotes-darmor","12":"tag-en-continu","13":"tag-eu","14":"tag-europe","15":"tag-finistere","16":"tag-fr","17":"tag-france","18":"tag-ille-et-vilaine","19":"tag-meteo-en-bretagne","20":"tag-morbihan","21":"tag-news","22":"tag-rennes","23":"tag-republique-francaise"},"share_on_mastodon":{"url":"https:\/\/pubeurope.com\/@fr\/115004159338201356","error":""},"_links":{"self":[{"href":"https:\/\/www.europesays.com\/fr\/wp-json\/wp\/v2\/posts\/309283","targetHints":{"allow":["GET"]}}],"collection":[{"href":"https:\/\/www.europesays.com\/fr\/wp-json\/wp\/v2\/posts"}],"about":[{"href":"https:\/\/www.europesays.com\/fr\/wp-json\/wp\/v2\/types\/post"}],"author":[{"embeddable":true,"href":"https:\/\/www.europesays.com\/fr\/wp-json\/wp\/v2\/users\/2"}],"replies":[{"embeddable":true,"href":"https:\/\/www.europesays.com\/fr\/wp-json\/wp\/v2\/comments?post=309283"}],"version-history":[{"count":0,"href":"https:\/\/www.europesays.com\/fr\/wp-json\/wp\/v2\/posts\/309283\/revisions"}],"wp:featuredmedia":[{"embeddable":true,"href":"https:\/\/www.europesays.com\/fr\/wp-json\/wp\/v2\/media\/309284"}],"wp:attachment":[{"href":"https:\/\/www.europesays.com\/fr\/wp-json\/wp\/v2\/media?parent=309283"}],"wp:term":[{"taxonomy":"category","embeddable":true,"href":"https:\/\/www.europesays.com\/fr\/wp-json\/wp\/v2\/categories?post=309283"},{"taxonomy":"post_tag","embeddable":true,"href":"https:\/\/www.europesays.com\/fr\/wp-json\/wp\/v2\/tags?post=309283"}],"curies":[{"name":"wp","href":"https:\/\/api.w.org\/{rel}","templated":true}]}}