{"id":309287,"date":"2025-08-10T11:11:12","date_gmt":"2025-08-10T11:11:12","guid":{"rendered":"https:\/\/www.europesays.com\/fr\/309287\/"},"modified":"2025-08-10T11:11:12","modified_gmt":"2025-08-10T11:11:12","slug":"ingwiller-une-pietonne-de-68-ans-renversee-sur-un-passage-pieton-et-heliportee-vers-lhopital-de-strasbourg","status":"publish","type":"post","link":"https:\/\/www.europesays.com\/fr\/309287\/","title":{"rendered":"Ingwiller. Une pi\u00e9tonne de 68 ans renvers\u00e9e sur un passage pi\u00e9ton et h\u00e9liport\u00e9e vers l&rsquo;h\u00f4pital de Strasbourg"},"content":{"rendered":"<p>Une femme de 68 ans qui traversait sur un passage pi\u00e9ton, rue du G\u00e9n\u00e9ral-de-Gaulle \u00e0 Ingwiller, a \u00e9t\u00e9 renvers\u00e9e par un automobiliste ce dimanche 10 ao\u00fbt, vers 10 h 20.<\/p>\n<p>Surpris par un v\u00e9hicule des pompiers d\u2019Ingwiller partant en intervention face \u00e0 lui, le conducteur a engag\u00e9 son v\u00e9hicule dans une rue perpendiculaire pour ne pas g\u00eaner leur passage. Mal lui en a pris puisqu&rsquo;il s\u2019est retrouv\u00e9 face \u00e0 la pi\u00e9tonne qui traversait et l\u2019a percut\u00e9e.<\/p>\n<p>Ce contenu est bloqu\u00e9 car vous n&rsquo;avez pas accept\u00e9 les cookies et autres traceurs.<\/p>\n<p>En cliquant sur \u00ab J\u2019accepte \u00bb, les cookies et autres traceurs seront d\u00e9pos\u00e9s et vous pourrez visualiser les contenus  (<a href=\"\" class=\"consentModule_policy\" target=\"_blank\" title=\"Consulter la politique de protection des donn\u00e9es du fournisseur\">plus d&rsquo;informations<\/a>).<\/p>\n<p>En cliquant sur \u00ab J\u2019accepte tous les cookies \u00bb, vous autorisez des d\u00e9p\u00f4ts de cookies et autres traceurs pour le stockage de vos donn\u00e9es sur nos sites et applications \u00e0 des fins de personnalisation et de ciblage publicitaire.<\/p>\n<p class=\"consentModule_secondaryText\">Vous gardez la possibilit\u00e9 de retirer votre consentement \u00e0 tout moment en consultant notre <a href=\"https:\/\/www.dna.fr\/protection-des-donnees\" target=\"_blank\" title=\"Consulter notre politique de protection des donn\u00e9es\" rel=\"noopener\">politique de protection des donn\u00e9es<\/a>. <br \/>&#13;<br \/>\n            <a href=\"https:\/\/www.dna.fr\/faits-divers-justice\/2025\/08\/10\/javascript:Didomi.notice.show()\" class=\"consentModule_cmp\" target=\"_blank\" rel=\"noopener\">G\u00e9rer mes choix<\/a>&#13;\n        <\/p>\n<p>&#13;<br \/>\n                        J&rsquo;accepte&#13;<br \/>\n            J&rsquo;accepte tous les cookies&#13;\n        <\/p>\n<p>Les pompiers, t\u00e9moins de la sc\u00e8ne, se sont imm\u00e9diatement arr\u00eat\u00e9s pour lui porter secours, tandis qu\u2019une autre \u00e9quipe poursuivait l\u2019intervention initiale. L\u2019op\u00e9ration, dirig\u00e9e par le lieutenant Marc Helmstetter, a conduit \u00e0 l\u2019\u00e9vacuation de la victime, d\u00e9clar\u00e9e en\u00a0urgence absolue, par l\u2019h\u00e9licopt\u00e8re Dragon 67 vers l\u2019h\u00f4pital de Hautepierre \u00e0 Strasbourg.<\/p>\n<p>Les gendarmes de Bouxwiller ont proc\u00e9d\u00e9 aux constatations et aux d\u00e9pistages, qui se sont r\u00e9v\u00e9l\u00e9s n\u00e9gatifs.<\/p>\n","protected":false},"excerpt":{"rendered":"Une femme de 68 ans qui traversait sur un passage pi\u00e9ton, rue du G\u00e9n\u00e9ral-de-Gaulle \u00e0 Ingwiller, a \u00e9t\u00e9&hellip;\n","protected":false},"author":2,"featured_media":158329,"comment_status":"","ping_status":"","sticky":false,"template":"","format":"standard","meta":{"footnotes":""},"categories":[2820],"tags":[119,1111,11,2649,5644,1777,674,274,107,1011,27,775,44913,12,25,640],"class_list":{"0":"post-309287","1":"post","2":"type-post","3":"status-publish","4":"format-standard","5":"has-post-thumbnail","7":"category-strasbourg","8":"tag-accident","9":"tag-actu","10":"tag-actualites","11":"tag-bas-rhin","12":"tag-edition-saverne-sarre-union","13":"tag-eu","14":"tag-europe","15":"tag-faits-divers-justice","16":"tag-fil-info","17":"tag-fr","18":"tag-france","19":"tag-grand-est","20":"tag-ingwiller","21":"tag-news","22":"tag-republique-francaise","23":"tag-strasbourg"},"share_on_mastodon":{"url":"https:\/\/pubeurope.com\/@fr\/115004170833332837","error":""},"_links":{"self":[{"href":"https:\/\/www.europesays.com\/fr\/wp-json\/wp\/v2\/posts\/309287","targetHints":{"allow":["GET"]}}],"collection":[{"href":"https:\/\/www.europesays.com\/fr\/wp-json\/wp\/v2\/posts"}],"about":[{"href":"https:\/\/www.europesays.com\/fr\/wp-json\/wp\/v2\/types\/post"}],"author":[{"embeddable":true,"href":"https:\/\/www.europesays.com\/fr\/wp-json\/wp\/v2\/users\/2"}],"replies":[{"embeddable":true,"href":"https:\/\/www.europesays.com\/fr\/wp-json\/wp\/v2\/comments?post=309287"}],"version-history":[{"count":0,"href":"https:\/\/www.europesays.com\/fr\/wp-json\/wp\/v2\/posts\/309287\/revisions"}],"wp:featuredmedia":[{"embeddable":true,"href":"https:\/\/www.europesays.com\/fr\/wp-json\/wp\/v2\/media\/158329"}],"wp:attachment":[{"href":"https:\/\/www.europesays.com\/fr\/wp-json\/wp\/v2\/media?parent=309287"}],"wp:term":[{"taxonomy":"category","embeddable":true,"href":"https:\/\/www.europesays.com\/fr\/wp-json\/wp\/v2\/categories?post=309287"},{"taxonomy":"post_tag","embeddable":true,"href":"https:\/\/www.europesays.com\/fr\/wp-json\/wp\/v2\/tags?post=309287"}],"curies":[{"name":"wp","href":"https:\/\/api.w.org\/{rel}","templated":true}]}}