{"id":309292,"date":"2025-08-10T11:14:17","date_gmt":"2025-08-10T11:14:17","guid":{"rendered":"https:\/\/www.europesays.com\/fr\/309292\/"},"modified":"2025-08-10T11:14:17","modified_gmt":"2025-08-10T11:14:17","slug":"avant-les-parloirs-avec-des-detenus-de-la-maison-darret-ces-benevoles-apaisent-les","status":"publish","type":"post","link":"https:\/\/www.europesays.com\/fr\/309292\/","title":{"rendered":"Avant les parloirs avec des d\u00e9tenus de la maison d\u2019arr\u00eat, ces b\u00e9n\u00e9voles \u00ab\u00a0apaisent les"},"content":{"rendered":"<p>Nous avons besoin de vos cookies pour vous offrir la meilleure exp\u00e9rience de lecture possible et vous<br \/>\n                proposer des articles personnalis\u00e9s selon votre lieu de vie et des publicit\u00e9s selon vos centres<br \/>\n                d&rsquo;int\u00e9r\u00eat, avec une s\u00e9curit\u00e9 maximale du site.<\/p>\n<p>Ils contribuent au mod\u00e8le \u00e9conomique de notre entreprise et permettent aux journalistes de notre<br \/>\n                r\u00e9daction d\u00e9ploy\u00e9s \u00e0 travers la r\u00e9gion, de continuer \u00e0 concevoir une information fiable et de qualit\u00e9,<br \/>\n                toujours proche de vous.<\/p>\n","protected":false},"excerpt":{"rendered":"Nous avons besoin de vos cookies pour vous offrir la meilleure exp\u00e9rience de lecture possible et vous proposer&hellip;\n","protected":false},"author":2,"featured_media":309293,"comment_status":"","ping_status":"","sticky":false,"template":"","format":"standard","meta":{"footnotes":""},"categories":[2818],"tags":[1111,11,44915,16433,15089,17316,1777,674,11265,1011,27,2142,766,12,44914,2636,25],"class_list":{"0":"post-309292","1":"post","2":"type-post","3":"status-publish","4":"format-standard","5":"has-post-thumbnail","7":"category-nantes","8":"tag-actu","9":"tag-actualites","10":"tag-apaisent","11":"tag-arret","12":"tag-benevoles","13":"tag-detenus","14":"tag-eu","15":"tag-europe","16":"tag-familles","17":"tag-fr","18":"tag-france","19":"tag-maison","20":"tag-nantes","21":"tag-news","22":"tag-parloirs","23":"tag-pays-de-la-loire","24":"tag-republique-francaise"},"share_on_mastodon":{"url":"https:\/\/pubeurope.com\/@fr\/115004182632912731","error":""},"_links":{"self":[{"href":"https:\/\/www.europesays.com\/fr\/wp-json\/wp\/v2\/posts\/309292","targetHints":{"allow":["GET"]}}],"collection":[{"href":"https:\/\/www.europesays.com\/fr\/wp-json\/wp\/v2\/posts"}],"about":[{"href":"https:\/\/www.europesays.com\/fr\/wp-json\/wp\/v2\/types\/post"}],"author":[{"embeddable":true,"href":"https:\/\/www.europesays.com\/fr\/wp-json\/wp\/v2\/users\/2"}],"replies":[{"embeddable":true,"href":"https:\/\/www.europesays.com\/fr\/wp-json\/wp\/v2\/comments?post=309292"}],"version-history":[{"count":0,"href":"https:\/\/www.europesays.com\/fr\/wp-json\/wp\/v2\/posts\/309292\/revisions"}],"wp:featuredmedia":[{"embeddable":true,"href":"https:\/\/www.europesays.com\/fr\/wp-json\/wp\/v2\/media\/309293"}],"wp:attachment":[{"href":"https:\/\/www.europesays.com\/fr\/wp-json\/wp\/v2\/media?parent=309292"}],"wp:term":[{"taxonomy":"category","embeddable":true,"href":"https:\/\/www.europesays.com\/fr\/wp-json\/wp\/v2\/categories?post=309292"},{"taxonomy":"post_tag","embeddable":true,"href":"https:\/\/www.europesays.com\/fr\/wp-json\/wp\/v2\/tags?post=309292"}],"curies":[{"name":"wp","href":"https:\/\/api.w.org\/{rel}","templated":true}]}}